{"id":72503,"date":"2021-10-19T13:56:14","date_gmt":"2021-10-19T11:56:14","guid":{"rendered":"https:\/\/www.unitedworldproject.org\/economy-work\/sistema-b-un-nuevo-modelo-empresarial-para-el-mundo\/"},"modified":"2025-11-26T15:52:10","modified_gmt":"2025-11-26T14:52:10","slug":"sistema-b-un-nuevo-modelo-empresarial-para-el-mundo","status":"publish","type":"post","link":"https:\/\/www.unitedworldproject.org\/es\/economia-trabajo\/sistema-b-un-nuevo-modelo-empresarial-para-el-mundo\/","title":{"rendered":"Sistema B, un nuevo modelo empresarial para el mundo"},"content":{"rendered":"<p><em>Sistema B: un movimiento global que mira a crear un sistema econ\u00f3mico inclusivo, equitativo y regenerativo para las personas y para el planeta. <\/em><\/p>\n<p style=\"text-align: left;\">Del 9 al 12 de octubre, se realiz\u00f3 en Brasil el segundo congreso sobre la \u201c<u><a href=\"http:\/\/www.co-governance.org\/\" target=\"_blank\" rel=\"noopener\">Co-gobernanza<\/a><\/u>\u201d, titulado \u201cCo-gobernanza como proceso de construcci\u00f3n de la fraternidad en pol\u00edtica a partir de las ciudades\u201d, durante el cual conocimos numerosas experiencias de gobierno participativo para la construcci\u00f3n de las pol\u00edticas p\u00fablicas, provenientes de todo el mundo.<\/p>\n<p style=\"text-align: left;\">Entre las cuales, tambi\u00e9n el <a href=\"https:\/\/www.sistemabbrasil.org\/\" target=\"_blank\" rel=\"noopener\"><u>Sistema B Brasil<\/u> <\/a>(donde \u201cb\u201d significa Benefit, beneficio), que fue presentado por Marcel Fukayama, joven brasile\u00f1o, cofundador del mismo y director ejecutivo del <a href=\"https:\/\/www.sistemab.org\/\" target=\"_blank\" rel=\"noopener\"><u>Sistema B Internacional<\/u>.<\/a><\/p>\n<p style=\"text-align: left;\">\u201cNosotros trabajamos por un sistema econ\u00f3mico que <strong>sea inclusivo, equitativo y regenerativo<\/strong>, para todas las personas y para nuestro planeta\u201c explic\u00f3 Marcel<\/p>\n<p style=\"text-align: left;\">\u00bfQu\u00e9 sentido tiene una econom\u00eda que crece financieramente -se preguntan los activistas de Sistema B- pero que por su naturaleza genera desigualdades crecientes, absorbe los recursos naturales de nuestro planeta, refuerza el individualismo y excluye a miles de personas?<\/p>\n<p style=\"text-align: left;\">Nacido en Estados Unidos en 2006, alineado con la <a href=\"https:\/\/www.globalgoals.org\/\" target=\"_blank\" rel=\"noopener\"><u>Agenda 2030<\/u> <\/a>para el Desarrollo Sostenible, el Sistema B responde con una comunidad de empresas comprometidas en el bien com\u00fan promoviendo una econom\u00eda que promueve un <strong>impacto positivo en el mundo, las personas, las sociedades y la tierra<\/strong>, tanto a nivel social como ambiental.<\/p>\n<p style=\"text-align: left;\">\u201cEstamos viviendo un gran cambio en la cultura global e hist\u00f3rica \u2013 afirma Marcel Fukayama- y tenemos la oportunidad de usar el poder del mercado para resolver complejos problemas sociales y ambientales, para construir una nueva econom\u00eda\u201d.<\/p>\n<figure id=\"attachment_32614\" aria-describedby=\"caption-attachment-32614\" style=\"width: 677px\" class=\"wp-caption alignnone\"><img loading=\"lazy\" decoding=\"async\" class=\"wp-image-32614 size-full\" src=\"https:\/\/www.unitedworldproject.org\/wp-content\/uploads\/2025\/11\/home-block-image1.png\" alt=\"Fonte: sito web di Sistema B Brasil\" width=\"677\" height=\"489\" \/><figcaption id=\"caption-attachment-32614\" class=\"wp-caption-text\">Fuente: Sitio web del Sistema B Brasil<\/figcaption><\/figure>\n<p>Por tanto, uno de los objetivos del Sistema B es el de <strong>redefinir el concepto de \u201c\u00e9xito econ\u00f3mico\u201d<\/strong>. En el pensamiento cl\u00e1sico, el \u00e9xito econ\u00f3mico es sin\u00f3nimo de lucro, prosperidad y riqueza. Seg\u00fan el Sistema B, la ganancia no tendr\u00eda que ser m\u00e1s s\u00f3lo <em>el fin, <\/em>tendr\u00eda que convertirse en <em>un medio<\/em> para generar un impacto ambiental y social positivo. La prosperidad de una empresa tendr\u00eda que estar evaluada junto con la conservaci\u00f3n del ambiente y los beneficios aportados a la sociedad.<\/p>\n<p>\u201cRedefinir el concepto de \u00e9xito en la econom\u00eda, -agrega Fukayama- significa que el \u00e9xito puede y debe ser medido m\u00e1s all\u00e1 del aspecto financiero, y considerar el bienestar de las personas, de la sociedad y de nuestro planeta\u201d.<\/p>\n<p><div class=\"cookieconsent-optout-marketing\">\n                        <a href=\"javascript:Cookiebot.renew()\" style=\"background: url(https:\/\/www.unitedworldproject.org\/wp-content\/plugins\/yt-placeholder-cookiebot\/assets\/placeholder.jpg) no-repeat center center \/ cover; aspect-ratio: 1 \/ 0.48; width: 100%; display: block; margin: 20px 0; position: relative; background-size: cover; background-position: center;\">\n                            <span style=\"position: absolute; bottom: 20px; width: 100%; padding: 0 5%; text-align: center; box-sizing: border-box;\">Para ver este v\u00eddeo, es necesario habilitar todas las cookies<\/span>\n                        <\/a>\n                   <\/div><iframe loading=\"lazy\" title=\"B Corp Anthem - B The Change\" width=\"500\" height=\"281\" src=\"https:\/\/www.youtube.com\/embed\/V-VFZUFJwt4?feature=oembed\" frameborder=\"0\" allow=\"accelerometer; autoplay; clipboard-write; encrypted-media; gyroscope; picture-in-picture; web-share\" referrerpolicy=\"strict-origin-when-cross-origin\" allowfullscreen><\/iframe><\/p>\n<p style=\"text-align: center;\"><em>B corp \u2013 B the change<\/em><\/p>\n<p>Pero para lograr que m\u00e1s empresas, personas e instituciones se comprometan a aumentar su impacto social y ambiental positivo, seg\u00fan el Sistema B, se necesita conectar el sector p\u00fablico y el privado, promover pol\u00edticas p\u00fablicas que involucren personas que crean en la posibilidad de este cambio econ\u00f3mico.<\/p>\n<p>Marcel Fukayama explica que hay diferentes formas en los que un gobierno podr\u00eda sostener estas empresas que eligen el Sistema B, comenzando con sus leyes.<\/p>\n<p>\u201cTenemos que cambiar las leyes, las normas, las pol\u00edticas. Hoy tenemos m\u00e1s de 50 pa\u00edses en todo el mundo -Estados Unidos, Italia, Canad\u00e1, Ecuador, Per\u00fa, Colombia, Uruguay, Brasil, Argentina y Chile- que introducen en sus parlamentos, congresos, la propuesta para aprobar la legislaci\u00f3n para las <em>Benefits Corporations<\/em> \u2013 Societ\u00e0 Benefit (Italia) \u2013 sociedad de beneficio e inter\u00e9s colectivo. En los pa\u00edses que han introducido esta ley hay m\u00e1s de 10.000 empresas que han adoptado este nuevo estado jur\u00eddico, reforzando el rendimiento de las empresas con prop\u00f3sito, responsabilidad y transparencia\u201d.<\/p>\n<figure id=\"attachment_32619\" aria-describedby=\"caption-attachment-32619\" style=\"width: 693px\" class=\"wp-caption aligncenter\"><img loading=\"lazy\" decoding=\"async\" class=\"wp-image-32619 size-full\" src=\"https:\/\/www.unitedworldproject.org\/wp-content\/uploads\/2025\/11\/home-block-image2.png\" alt=\"\" width=\"693\" height=\"518\" \/><figcaption id=\"caption-attachment-32619\" class=\"wp-caption-text\">Fuente: Sitio web del Sistema B Brasil<\/figcaption><\/figure>\n<p>\u00bfY qu\u00e9 rol tienen los ciudadanos comunes en el Sistema B? Seg\u00fan un sondeo llevado adelante por Google, conducido por Ipsos en el 2020 -explica Fukayama-\u00a0\u00a0 el 54% de los consumidores brasile\u00f1os optan por comprar productos, tanto socialmente como ambientalmente, responsables. \u201cEntonces, esta tendencia de cambio en el consumo se est\u00e1 dando. Consumir es un acto pol\u00edtico, consumir es un mensaje que damos al mundo que queremos ver. Nosotros, como consumidores, contribuyentes y inversionistas, podemos promover el cambio del sistema simplemente desde nuestro lugar de ciudadanos comunes\u201d.<\/p>\n<p>En definitiva, la pelota se nos pasa a todos: el cambio depende tambi\u00e9n de nuestra voluntad de participaci\u00f3n y compromiso, a trav\u00e9s de nuestras elecciones diarias, para la construcci\u00f3n de un mundo mejor y m\u00e1s justo para todos los seres vivientes.<\/p>\n<figure id=\"attachment_32624\" aria-describedby=\"caption-attachment-32624\" style=\"width: 545px\" class=\"wp-caption alignnone\"><img loading=\"lazy\" decoding=\"async\" class=\"wp-image-32624 size-full\" src=\"https:\/\/www.unitedworldproject.org\/wp-content\/uploads\/2025\/11\/sistema-B-fonte-site.png\" alt=\"\" width=\"545\" height=\"570\" \/><figcaption id=\"caption-attachment-32624\" class=\"wp-caption-text\">Fuente: Sitio web del Sistema B Brasil<\/figcaption><\/figure>\n<p>Para conocer y profundizar el Sistema B y qu\u00e9 son las empresas <em>Benefit, <\/em>pueden acceder a las p\u00e1ginas web <a href=\"https:\/\/www.sistemabbrasil.org\/\" target=\"_blank\" rel=\"noopener\">Sistema B Brasil<\/a> o\u00a0 <a href=\"https:\/\/www.sistemab.org\/\" target=\"_blank\" rel=\"noopener\">Sistema B Internacional<\/a>.<\/p>\n","protected":false},"excerpt":{"rendered":"<p>Sistema B: un movimiento global que mira a crear un sistema econ\u00f3mico inclusivo, equitativo y regenerativo para las personas y para el planeta. Del 9 al 12 de octubre, se realiz\u00f3 en Brasil el segundo congreso sobre la \u201cCo-gobernanza\u201d, titulado \u201cCo-gobernanza como proceso de construcci\u00f3n de la fraternidad en pol\u00edtica a partir de las ciudades\u201d, [&hellip;]<\/p>\n","protected":false},"author":28,"featured_media":67653,"comment_status":"closed","ping_status":"open","sticky":false,"template":"","format":"standard","meta":{"_acf_changed":false,"footnotes":""},"categories":[],"tags":[],"class_list":["post-72503","post","type-post","status-publish","format-standard","has-post-thumbnail","hentry"],"acf":[],"yoast_head":"<!-- This site is optimized with the Yoast SEO plugin v27.4 - https:\/\/yoast.com\/product\/yoast-seo-wordpress\/ -->\n<title>Sistema B, un nuevo modelo empresarial para el mundo - United World Project<\/title>\n<meta name=\"robots\" content=\"index, follow, max-snippet:-1, max-image-preview:large, max-video-preview:-1\" \/>\n<link rel=\"canonical\" href=\"https:\/\/www.unitedworldproject.org\/es\/economia-trabajo\/sistema-b-un-nuevo-modelo-empresarial-para-el-mundo\/\" \/>\n<meta property=\"og:locale\" content=\"es_ES\" \/>\n<meta property=\"og:type\" content=\"article\" \/>\n<meta property=\"og:title\" content=\"Sistema B, un nuevo modelo empresarial para el mundo - United World Project\" \/>\n<meta property=\"og:description\" content=\"Sistema B: un movimiento global que mira a crear un sistema econ\u00f3mico inclusivo, equitativo y regenerativo para las personas y para el planeta. Del 9 al 12 de octubre, se realiz\u00f3 en Brasil el segundo congreso sobre la \u201cCo-gobernanza\u201d, titulado \u201cCo-gobernanza como proceso de construcci\u00f3n de la fraternidad en pol\u00edtica a partir de las ciudades\u201d, [&hellip;]\" \/>\n<meta property=\"og:url\" content=\"https:\/\/www.unitedworldproject.org\/es\/economia-trabajo\/sistema-b-un-nuevo-modelo-empresarial-para-el-mundo\/\" \/>\n<meta property=\"og:site_name\" content=\"United World Project\" \/>\n<meta property=\"article:published_time\" content=\"2021-10-19T11:56:14+00:00\" \/>\n<meta property=\"article:modified_time\" content=\"2025-11-26T14:52:10+00:00\" \/>\n<meta property=\"og:image\" content=\"https:\/\/www.unitedworldproject.org\/wp-content\/uploads\/2025\/11\/capa-1920x1080-1-1024x576.png\" \/>\n\t<meta property=\"og:image:width\" content=\"1024\" \/>\n\t<meta property=\"og:image:height\" content=\"576\" \/>\n\t<meta property=\"og:image:type\" content=\"image\/png\" \/>\n<meta name=\"author\" content=\"luisagencenter@gmail.com\" \/>\n<meta name=\"twitter:card\" content=\"summary_large_image\" \/>\n<meta name=\"twitter:label1\" content=\"Escrito por\" \/>\n\t<meta name=\"twitter:data1\" content=\"luisagencenter@gmail.com\" \/>\n\t<meta name=\"twitter:label2\" content=\"Tiempo de lectura\" \/>\n\t<meta name=\"twitter:data2\" content=\"4 minutos\" \/>\n<script type=\"application\/ld+json\" class=\"yoast-schema-graph\">{\"@context\":\"https:\\\/\\\/schema.org\",\"@graph\":[{\"@type\":\"Article\",\"@id\":\"https:\\\/\\\/www.unitedworldproject.org\\\/es\\\/economia-trabajo\\\/sistema-b-un-nuevo-modelo-empresarial-para-el-mundo\\\/#article\",\"isPartOf\":{\"@id\":\"https:\\\/\\\/www.unitedworldproject.org\\\/es\\\/economia-trabajo\\\/sistema-b-un-nuevo-modelo-empresarial-para-el-mundo\\\/\"},\"author\":{\"name\":\"luisagencenter@gmail.com\",\"@id\":\"https:\\\/\\\/www.unitedworldproject.org\\\/es\\\/#\\\/schema\\\/person\\\/3c144b321fa3d6a275e5d68dcfa15789\"},\"headline\":\"Sistema B, un nuevo modelo empresarial para el mundo\",\"datePublished\":\"2021-10-19T11:56:14+00:00\",\"dateModified\":\"2025-11-26T14:52:10+00:00\",\"mainEntityOfPage\":{\"@id\":\"https:\\\/\\\/www.unitedworldproject.org\\\/es\\\/economia-trabajo\\\/sistema-b-un-nuevo-modelo-empresarial-para-el-mundo\\\/\"},\"wordCount\":794,\"image\":{\"@id\":\"https:\\\/\\\/www.unitedworldproject.org\\\/es\\\/economia-trabajo\\\/sistema-b-un-nuevo-modelo-empresarial-para-el-mundo\\\/#primaryimage\"},\"thumbnailUrl\":\"https:\\\/\\\/www.unitedworldproject.org\\\/wp-content\\\/uploads\\\/2025\\\/11\\\/capa-1920x1080-1.png\",\"inLanguage\":\"es\"},{\"@type\":\"WebPage\",\"@id\":\"https:\\\/\\\/www.unitedworldproject.org\\\/es\\\/economia-trabajo\\\/sistema-b-un-nuevo-modelo-empresarial-para-el-mundo\\\/\",\"url\":\"https:\\\/\\\/www.unitedworldproject.org\\\/es\\\/economia-trabajo\\\/sistema-b-un-nuevo-modelo-empresarial-para-el-mundo\\\/\",\"name\":\"Sistema B, un nuevo modelo empresarial para el mundo - United World Project\",\"isPartOf\":{\"@id\":\"https:\\\/\\\/www.unitedworldproject.org\\\/es\\\/#website\"},\"primaryImageOfPage\":{\"@id\":\"https:\\\/\\\/www.unitedworldproject.org\\\/es\\\/economia-trabajo\\\/sistema-b-un-nuevo-modelo-empresarial-para-el-mundo\\\/#primaryimage\"},\"image\":{\"@id\":\"https:\\\/\\\/www.unitedworldproject.org\\\/es\\\/economia-trabajo\\\/sistema-b-un-nuevo-modelo-empresarial-para-el-mundo\\\/#primaryimage\"},\"thumbnailUrl\":\"https:\\\/\\\/www.unitedworldproject.org\\\/wp-content\\\/uploads\\\/2025\\\/11\\\/capa-1920x1080-1.png\",\"datePublished\":\"2021-10-19T11:56:14+00:00\",\"dateModified\":\"2025-11-26T14:52:10+00:00\",\"author\":{\"@id\":\"https:\\\/\\\/www.unitedworldproject.org\\\/es\\\/#\\\/schema\\\/person\\\/3c144b321fa3d6a275e5d68dcfa15789\"},\"breadcrumb\":{\"@id\":\"https:\\\/\\\/www.unitedworldproject.org\\\/es\\\/economia-trabajo\\\/sistema-b-un-nuevo-modelo-empresarial-para-el-mundo\\\/#breadcrumb\"},\"inLanguage\":\"es\",\"potentialAction\":[{\"@type\":\"ReadAction\",\"target\":[\"https:\\\/\\\/www.unitedworldproject.org\\\/es\\\/economia-trabajo\\\/sistema-b-un-nuevo-modelo-empresarial-para-el-mundo\\\/\"]}]},{\"@type\":\"ImageObject\",\"inLanguage\":\"es\",\"@id\":\"https:\\\/\\\/www.unitedworldproject.org\\\/es\\\/economia-trabajo\\\/sistema-b-un-nuevo-modelo-empresarial-para-el-mundo\\\/#primaryimage\",\"url\":\"https:\\\/\\\/www.unitedworldproject.org\\\/wp-content\\\/uploads\\\/2025\\\/11\\\/capa-1920x1080-1.png\",\"contentUrl\":\"https:\\\/\\\/www.unitedworldproject.org\\\/wp-content\\\/uploads\\\/2025\\\/11\\\/capa-1920x1080-1.png\",\"width\":1920,\"height\":1080},{\"@type\":\"BreadcrumbList\",\"@id\":\"https:\\\/\\\/www.unitedworldproject.org\\\/es\\\/economia-trabajo\\\/sistema-b-un-nuevo-modelo-empresarial-para-el-mundo\\\/#breadcrumb\",\"itemListElement\":[{\"@type\":\"ListItem\",\"position\":1,\"name\":\"Home\",\"item\":\"https:\\\/\\\/www.unitedworldproject.org\\\/es\\\/\"},{\"@type\":\"ListItem\",\"position\":2,\"name\":\"Sistema B, un nuevo modelo empresarial para el mundo\"}]},{\"@type\":\"WebSite\",\"@id\":\"https:\\\/\\\/www.unitedworldproject.org\\\/es\\\/#website\",\"url\":\"https:\\\/\\\/www.unitedworldproject.org\\\/es\\\/\",\"name\":\"United World Project\",\"description\":\"Championing fraternity and collaboration worldwide\",\"potentialAction\":[{\"@type\":\"SearchAction\",\"target\":{\"@type\":\"EntryPoint\",\"urlTemplate\":\"https:\\\/\\\/www.unitedworldproject.org\\\/es\\\/?s={search_term_string}\"},\"query-input\":{\"@type\":\"PropertyValueSpecification\",\"valueRequired\":true,\"valueName\":\"search_term_string\"}}],\"inLanguage\":\"es\"},{\"@type\":\"Person\",\"@id\":\"https:\\\/\\\/www.unitedworldproject.org\\\/es\\\/#\\\/schema\\\/person\\\/3c144b321fa3d6a275e5d68dcfa15789\",\"name\":\"luisagencenter@gmail.com\",\"image\":{\"@type\":\"ImageObject\",\"inLanguage\":\"es\",\"@id\":\"https:\\\/\\\/secure.gravatar.com\\\/avatar\\\/2bb549a17f0b970f2695a26bad3633d3ea011d12815a946a3437ed096f3dc40a?s=96&d=mm&r=g\",\"url\":\"https:\\\/\\\/secure.gravatar.com\\\/avatar\\\/2bb549a17f0b970f2695a26bad3633d3ea011d12815a946a3437ed096f3dc40a?s=96&d=mm&r=g\",\"contentUrl\":\"https:\\\/\\\/secure.gravatar.com\\\/avatar\\\/2bb549a17f0b970f2695a26bad3633d3ea011d12815a946a3437ed096f3dc40a?s=96&d=mm&r=g\",\"caption\":\"luisagencenter@gmail.com\"},\"url\":\"https:\\\/\\\/www.unitedworldproject.org\\\/es\\\/author\\\/luisagencentergmail-com\\\/\"}]}<\/script>\n<!-- \/ Yoast SEO plugin. -->","yoast_head_json":{"title":"Sistema B, un nuevo modelo empresarial para el mundo - United World Project","robots":{"index":"index","follow":"follow","max-snippet":"max-snippet:-1","max-image-preview":"max-image-preview:large","max-video-preview":"max-video-preview:-1"},"canonical":"https:\/\/www.unitedworldproject.org\/es\/economia-trabajo\/sistema-b-un-nuevo-modelo-empresarial-para-el-mundo\/","og_locale":"es_ES","og_type":"article","og_title":"Sistema B, un nuevo modelo empresarial para el mundo - United World Project","og_description":"Sistema B: un movimiento global que mira a crear un sistema econ\u00f3mico inclusivo, equitativo y regenerativo para las personas y para el planeta. Del 9 al 12 de octubre, se realiz\u00f3 en Brasil el segundo congreso sobre la \u201cCo-gobernanza\u201d, titulado \u201cCo-gobernanza como proceso de construcci\u00f3n de la fraternidad en pol\u00edtica a partir de las ciudades\u201d, [&hellip;]","og_url":"https:\/\/www.unitedworldproject.org\/es\/economia-trabajo\/sistema-b-un-nuevo-modelo-empresarial-para-el-mundo\/","og_site_name":"United World Project","article_published_time":"2021-10-19T11:56:14+00:00","article_modified_time":"2025-11-26T14:52:10+00:00","og_image":[{"width":1024,"height":576,"url":"https:\/\/www.unitedworldproject.org\/wp-content\/uploads\/2025\/11\/capa-1920x1080-1-1024x576.png","type":"image\/png"}],"author":"luisagencenter@gmail.com","twitter_card":"summary_large_image","twitter_misc":{"Escrito por":"luisagencenter@gmail.com","Tiempo de lectura":"4 minutos"},"schema":{"@context":"https:\/\/schema.org","@graph":[{"@type":"Article","@id":"https:\/\/www.unitedworldproject.org\/es\/economia-trabajo\/sistema-b-un-nuevo-modelo-empresarial-para-el-mundo\/#article","isPartOf":{"@id":"https:\/\/www.unitedworldproject.org\/es\/economia-trabajo\/sistema-b-un-nuevo-modelo-empresarial-para-el-mundo\/"},"author":{"name":"luisagencenter@gmail.com","@id":"https:\/\/www.unitedworldproject.org\/es\/#\/schema\/person\/3c144b321fa3d6a275e5d68dcfa15789"},"headline":"Sistema B, un nuevo modelo empresarial para el mundo","datePublished":"2021-10-19T11:56:14+00:00","dateModified":"2025-11-26T14:52:10+00:00","mainEntityOfPage":{"@id":"https:\/\/www.unitedworldproject.org\/es\/economia-trabajo\/sistema-b-un-nuevo-modelo-empresarial-para-el-mundo\/"},"wordCount":794,"image":{"@id":"https:\/\/www.unitedworldproject.org\/es\/economia-trabajo\/sistema-b-un-nuevo-modelo-empresarial-para-el-mundo\/#primaryimage"},"thumbnailUrl":"https:\/\/www.unitedworldproject.org\/wp-content\/uploads\/2025\/11\/capa-1920x1080-1.png","inLanguage":"es"},{"@type":"WebPage","@id":"https:\/\/www.unitedworldproject.org\/es\/economia-trabajo\/sistema-b-un-nuevo-modelo-empresarial-para-el-mundo\/","url":"https:\/\/www.unitedworldproject.org\/es\/economia-trabajo\/sistema-b-un-nuevo-modelo-empresarial-para-el-mundo\/","name":"Sistema B, un nuevo modelo empresarial para el mundo - United World Project","isPartOf":{"@id":"https:\/\/www.unitedworldproject.org\/es\/#website"},"primaryImageOfPage":{"@id":"https:\/\/www.unitedworldproject.org\/es\/economia-trabajo\/sistema-b-un-nuevo-modelo-empresarial-para-el-mundo\/#primaryimage"},"image":{"@id":"https:\/\/www.unitedworldproject.org\/es\/economia-trabajo\/sistema-b-un-nuevo-modelo-empresarial-para-el-mundo\/#primaryimage"},"thumbnailUrl":"https:\/\/www.unitedworldproject.org\/wp-content\/uploads\/2025\/11\/capa-1920x1080-1.png","datePublished":"2021-10-19T11:56:14+00:00","dateModified":"2025-11-26T14:52:10+00:00","author":{"@id":"https:\/\/www.unitedworldproject.org\/es\/#\/schema\/person\/3c144b321fa3d6a275e5d68dcfa15789"},"breadcrumb":{"@id":"https:\/\/www.unitedworldproject.org\/es\/economia-trabajo\/sistema-b-un-nuevo-modelo-empresarial-para-el-mundo\/#breadcrumb"},"inLanguage":"es","potentialAction":[{"@type":"ReadAction","target":["https:\/\/www.unitedworldproject.org\/es\/economia-trabajo\/sistema-b-un-nuevo-modelo-empresarial-para-el-mundo\/"]}]},{"@type":"ImageObject","inLanguage":"es","@id":"https:\/\/www.unitedworldproject.org\/es\/economia-trabajo\/sistema-b-un-nuevo-modelo-empresarial-para-el-mundo\/#primaryimage","url":"https:\/\/www.unitedworldproject.org\/wp-content\/uploads\/2025\/11\/capa-1920x1080-1.png","contentUrl":"https:\/\/www.unitedworldproject.org\/wp-content\/uploads\/2025\/11\/capa-1920x1080-1.png","width":1920,"height":1080},{"@type":"BreadcrumbList","@id":"https:\/\/www.unitedworldproject.org\/es\/economia-trabajo\/sistema-b-un-nuevo-modelo-empresarial-para-el-mundo\/#breadcrumb","itemListElement":[{"@type":"ListItem","position":1,"name":"Home","item":"https:\/\/www.unitedworldproject.org\/es\/"},{"@type":"ListItem","position":2,"name":"Sistema B, un nuevo modelo empresarial para el mundo"}]},{"@type":"WebSite","@id":"https:\/\/www.unitedworldproject.org\/es\/#website","url":"https:\/\/www.unitedworldproject.org\/es\/","name":"United World Project","description":"Championing fraternity and collaboration worldwide","potentialAction":[{"@type":"SearchAction","target":{"@type":"EntryPoint","urlTemplate":"https:\/\/www.unitedworldproject.org\/es\/?s={search_term_string}"},"query-input":{"@type":"PropertyValueSpecification","valueRequired":true,"valueName":"search_term_string"}}],"inLanguage":"es"},{"@type":"Person","@id":"https:\/\/www.unitedworldproject.org\/es\/#\/schema\/person\/3c144b321fa3d6a275e5d68dcfa15789","name":"luisagencenter@gmail.com","image":{"@type":"ImageObject","inLanguage":"es","@id":"https:\/\/secure.gravatar.com\/avatar\/2bb549a17f0b970f2695a26bad3633d3ea011d12815a946a3437ed096f3dc40a?s=96&d=mm&r=g","url":"https:\/\/secure.gravatar.com\/avatar\/2bb549a17f0b970f2695a26bad3633d3ea011d12815a946a3437ed096f3dc40a?s=96&d=mm&r=g","contentUrl":"https:\/\/secure.gravatar.com\/avatar\/2bb549a17f0b970f2695a26bad3633d3ea011d12815a946a3437ed096f3dc40a?s=96&d=mm&r=g","caption":"luisagencenter@gmail.com"},"url":"https:\/\/www.unitedworldproject.org\/es\/author\/luisagencentergmail-com\/"}]}},"_links":{"self":[{"href":"https:\/\/www.unitedworldproject.org\/es\/wp-json\/wp\/v2\/posts\/72503","targetHints":{"allow":["GET"]}}],"collection":[{"href":"https:\/\/www.unitedworldproject.org\/es\/wp-json\/wp\/v2\/posts"}],"about":[{"href":"https:\/\/www.unitedworldproject.org\/es\/wp-json\/wp\/v2\/types\/post"}],"author":[{"embeddable":true,"href":"https:\/\/www.unitedworldproject.org\/es\/wp-json\/wp\/v2\/users\/28"}],"replies":[{"embeddable":true,"href":"https:\/\/www.unitedworldproject.org\/es\/wp-json\/wp\/v2\/comments?post=72503"}],"version-history":[{"count":1,"href":"https:\/\/www.unitedworldproject.org\/es\/wp-json\/wp\/v2\/posts\/72503\/revisions"}],"predecessor-version":[{"id":72504,"href":"https:\/\/www.unitedworldproject.org\/es\/wp-json\/wp\/v2\/posts\/72503\/revisions\/72504"}],"wp:featuredmedia":[{"embeddable":true,"href":"https:\/\/www.unitedworldproject.org\/es\/wp-json\/wp\/v2\/media\/67653"}],"wp:attachment":[{"href":"https:\/\/www.unitedworldproject.org\/es\/wp-json\/wp\/v2\/media?parent=72503"}],"wp:term":[{"taxonomy":"category","embeddable":true,"href":"https:\/\/www.unitedworldproject.org\/es\/wp-json\/wp\/v2\/categories?post=72503"},{"taxonomy":"post_tag","embeddable":true,"href":"https:\/\/www.unitedworldproject.org\/es\/wp-json\/wp\/v2\/tags?post=72503"}],"curies":[{"name":"wp","href":"https:\/\/api.w.org\/{rel}","templated":true}]}}