{"id":73018,"date":"2022-09-16T03:06:13","date_gmt":"2022-09-16T01:06:13","guid":{"rendered":"https:\/\/www.unitedworldproject.org\/economy-work\/dias-de-esperanza-en-costa-de-marfil\/"},"modified":"2025-11-26T16:13:13","modified_gmt":"2025-11-26T15:13:13","slug":"dias-de-esperanza-en-costa-de-marfil","status":"publish","type":"post","link":"https:\/\/www.unitedworldproject.org\/es\/economia-trabajo\/dias-de-esperanza-en-costa-de-marfil\/","title":{"rendered":"D\u00cdAS DE ESPERANZA EN COSTA DE MARFIL"},"content":{"rendered":"<p><em>Nji Mabih nos cuenta sobre los cinco d\u00edas de campamento realizados en Costa de Marfil: sesenta j\u00f3venes trabajaron en una nueva visi\u00f3n de s\u00ed mismos y del mundo, concentr\u00e1ndose en la formaci\u00f3n espiritual, social y profesional. <\/em><\/p>\n<p>&nbsp;<\/p>\n<p>\u201c<a href=\"https:\/\/www.unitedworldproject.org\/en\/daretocare\/\" target=\"_blank\" rel=\"noopener\"><em><u>Atr\u00e9vete a cuidar de ti, de los dem\u00e1s y del planeta<\/u><\/em><\/a>\u201d. Este t\u00edtulo, junto a la propuesta \u201c<em><u><a href=\"https:\/\/www.teens4unity.org\/en\/hombremundo\/planetario2022\/\" target=\"_blank\" rel=\"noopener\">Hombre mundo planet\u00e1rio\u00b9<\/a><\/u><\/em>\u201d atrajo a sesenta j\u00f3venes de diferentes edades, etnias y nacionalidades a un campamento promovido por el Movimiento de los Focolares en la Mari\u00e1polis Victoria, una ciudadela en el oeste de Costa de Marfil.<\/p>\n<p>Durante cinco d\u00edas los j\u00f3venes han estado involucrados en actividades con temas relacionados con la autoconfianza, c\u00f3mo estimular el potencial de cada persona, el cuidado de los dem\u00e1s y del planeta. Hubo varios momentos de talleres y de formaci\u00f3n espiritual inspirados en los valores del Movimiento de los Focolares, como el di\u00e1logo, la unidad y el testimonio del Evangelio, que permitieron a los j\u00f3venes adquirir instrumentos v\u00e1lidos tambi\u00e9n para la propia formaci\u00f3n profesional.<\/p>\n<p>\u00abHab\u00eda una atm\u00f3sfera llena de vida, amor y luz \u2013 cuenta Nji Mabih, una joven emprendedora y <em><u><a href=\"https:\/\/www.unitedworldproject.org\/workshop\/una-call-per-gli-ambasciatori-del-mondo-unito\/\" target=\"_blank\" rel=\"noopener\">Embajadora por un Mundo Unido<\/a>\u00b2<\/u><\/em> del Camer\u00fan -en esta atm\u00f3sfera, los j\u00f3venes han entendido cu\u00e1nto es importante formarse moral, espiritual, emocional y psicol\u00f3gicamente, para estar listos a enfrentar esta nueva era\u00bb.<\/p>\n<p>Para Mabih, este tipo de formaci\u00f3n multidisciplinaria educa a los j\u00f3venes a buscar su propio crecimiento personal, \u00abcomo una semilla plantada que debe crecer en cada uno\u00bb. En particular, la formaci\u00f3n espiritual, seg\u00fan la joven emprendedora, es esencial, porque hace a la persona fuerte y preparada para enfrentar un mundo siempre m\u00e1s exigente.<\/p>\n<p>Abordando el tema \u201cAtreverse a cuidar de s\u00ed mismos\u201d se anim\u00f3 a estos j\u00f3venes a buscar sus sue\u00f1os a trav\u00e9s de metas y objetivos de vida, para poder contribuir de forma incisiva al cuidado de los dem\u00e1s y del Planeta. \u00abEs importante que cada uno aprenda a cuidarse a s\u00ed mismo, antes de presentarse al mundo externo. Solo as\u00ed se aprende tambi\u00e9n a cuidar a los dem\u00e1s, sin dejarse influenciar demasiado por sus coet\u00e1neos\u00bb agreg\u00f3 Mabih.<a href=\"#_ednref1\" name=\"_edn1\"><\/a><\/p>\n<p><img loading=\"lazy\" decoding=\"async\" class=\"alignnone size-full wp-image-38893\" src=\"https:\/\/www.unitedworldproject.org\/wp-content\/uploads\/2025\/11\/05.png\" alt=\"\" width=\"482\" height=\"360\" \/><\/p>\n<p>El programa del campamento alcanz\u00f3 su culmen en el <em>taller<\/em> sobre emprendimiento, con un foco sobre <u><a href=\"https:\/\/www.edc-online.org\/en\" target=\"_blank\" rel=\"noopener\">Econom\u00eda de Comuni\u00f3n<\/a>\u00b3<\/u> como medio para crear negocios sostenibles, guiados por una \u201ccultura del dar\u201d en lugar de una perspectiva de \u201ctener\u201d. \u00abA esta edad, muchos j\u00f3venes est\u00e1n interesados en emprendimientos. La <em>Econom\u00eda de Comuni\u00f3n <\/em>los fascin\u00f3 y suscit\u00f3 en ellos el deseo de hacer negocios a trav\u00e9s de esta nueva cultura y de ver la econom\u00eda actual con ojos nuevos, sabiendo que su contribuci\u00f3n es importante\u00bb.<\/p>\n<p>Para poner en pr\u00e1ctica lo aprendido te\u00f3ricamente, los j\u00f3venes tuvieron la posibilidad de hacer pr\u00e1cticas en actividades de pasant\u00edas como plantar \u00e1rboles, cultivar medicinas naturales contra la malaria (Artemisia), aprender el proceso de elaboraci\u00f3n de chocolatinas.<\/p>\n<p><img loading=\"lazy\" decoding=\"async\" class=\"alignnone size-full wp-image-38887\" src=\"https:\/\/www.unitedworldproject.org\/wp-content\/uploads\/2025\/11\/03.jpg\" alt=\"\" width=\"1024\" height=\"683\" \/><\/p>\n<p>\u00abTodos estos momentos han sacado a relucir la autenticidad de los j\u00f3venes y les han dejado la idea de que nada es imposible si crees en ti mismo y si pones a Dios primero en todo lo que haces\u00bb concluy\u00f3 Mabih.<\/p>\n<p>Para la joven emprendedora, los d\u00edas en la Mari\u00e1polis Victoria fueron emocionantes y animados, sobre todo porque la formaci\u00f3n multidisciplinaria despert\u00f3 el deseo de los j\u00f3venes a hacer cambios en los lugares donde viven y contribuir a un mundo mejor. Estos temas tambi\u00e9n estimularon a los j\u00f3venes a ser como ella, <em>Embajadores por un Mundo Unido<\/em> en su ciudad natal.<\/p>\n<p>\u00abSalimos de ah\u00ed con este lema: <strong>\u201cPreocuparse mucho no es la respuesta, pero contribuir positivamente, es una soluci\u00f3n\u201d.<\/strong><\/p>\n<p>&nbsp;<\/p>\n<p>\u00b9 <em>Hombre Mundo Planetario<\/em>: Workshop internacional promovido por <a href=\"https:\/\/www.teens4unity.org\/\" target=\"_blank\" rel=\"noopener\">Muchachos por la Unidad<\/a> cada tres a\u00f1os, para formarse a la cultura de la fraternidad a dimensi\u00f3n mundial, para aprender a conocer, amar, respetar la patria del otro como la propia.<\/p>\n<p>\u00b2 <em>Embajador por un Mundo Unido<\/em>: el programa de los \u201cEmbajadores del Mundo Unido\u201d es promovido por <a href=\"https:\/\/www.new-humanity.org\/\" target=\"_blank\" rel=\"noopener\"><u>New Humanity Internacional ONG<\/u><\/a>, una organizaci\u00f3n no gubernamental del <a href=\"https:\/\/www.focolare.org\/\" target=\"_blank\" rel=\"noopener\"><u>Movimiento de los Focolares<\/u><\/a>. Este programa apunta a crear una red mundial de j\u00f3venes portavoces de New Humanity ONG a nivel nacional e internacional, \u201cpuentes\u201d entre los esfuerzos locales y globales por un mundo unido.<\/p>\n<p>\u00b3 <em>Econom\u00eda de Comuni\u00f3n:<\/em> involucra emprendedores, trabajadores, dirigentes, usuarios, ciudadanos, operadores econ\u00f3micos, todos comprometidos a varios niveles para promover una pr\u00e1ctica y una cultura econ\u00f3micas basadas en la comuni\u00f3n, la gratuidad y la reciprocidad, proponiendo y viviendo un estilo de vida alternativo al dominante en el sistema capitalista<\/p>\n","protected":false},"excerpt":{"rendered":"<p>Nji Mabih nos cuenta sobre los cinco d\u00edas de campamento realizados en Costa de Marfil: sesenta j\u00f3venes trabajaron en una nueva visi\u00f3n de s\u00ed mismos y del mundo, concentr\u00e1ndose en la formaci\u00f3n espiritual, social y profesional. &nbsp; \u201cAtr\u00e9vete a cuidar de ti, de los dem\u00e1s y del planeta\u201d. Este t\u00edtulo, junto a la propuesta \u201cHombre [&hellip;]<\/p>\n","protected":false},"author":28,"featured_media":68034,"comment_status":"closed","ping_status":"open","sticky":false,"template":"","format":"standard","meta":{"_acf_changed":false,"footnotes":""},"categories":[],"tags":[],"class_list":["post-73018","post","type-post","status-publish","format-standard","has-post-thumbnail","hentry"],"acf":[],"yoast_head":"<!-- This site is optimized with the Yoast SEO plugin v27.4 - https:\/\/yoast.com\/product\/yoast-seo-wordpress\/ -->\n<title>D\u00cdAS DE ESPERANZA EN COSTA DE MARFIL - United World Project<\/title>\n<meta name=\"robots\" content=\"index, follow, max-snippet:-1, max-image-preview:large, max-video-preview:-1\" \/>\n<link rel=\"canonical\" href=\"https:\/\/www.unitedworldproject.org\/es\/economia-trabajo\/dias-de-esperanza-en-costa-de-marfil\/\" \/>\n<meta property=\"og:locale\" content=\"es_ES\" \/>\n<meta property=\"og:type\" content=\"article\" \/>\n<meta property=\"og:title\" content=\"D\u00cdAS DE ESPERANZA EN COSTA DE MARFIL - United World Project\" \/>\n<meta property=\"og:description\" content=\"Nji Mabih nos cuenta sobre los cinco d\u00edas de campamento realizados en Costa de Marfil: sesenta j\u00f3venes trabajaron en una nueva visi\u00f3n de s\u00ed mismos y del mundo, concentr\u00e1ndose en la formaci\u00f3n espiritual, social y profesional. &nbsp; \u201cAtr\u00e9vete a cuidar de ti, de los dem\u00e1s y del planeta\u201d. Este t\u00edtulo, junto a la propuesta \u201cHombre [&hellip;]\" \/>\n<meta property=\"og:url\" content=\"https:\/\/www.unitedworldproject.org\/es\/economia-trabajo\/dias-de-esperanza-en-costa-de-marfil\/\" \/>\n<meta property=\"og:site_name\" content=\"United World Project\" \/>\n<meta property=\"article:published_time\" content=\"2022-09-16T01:06:13+00:00\" \/>\n<meta property=\"article:modified_time\" content=\"2025-11-26T15:13:13+00:00\" \/>\n<meta property=\"og:image\" content=\"https:\/\/www.unitedworldproject.org\/wp-content\/uploads\/2025\/11\/1920x1080-costa-davorio-02-1024x576.png\" \/>\n\t<meta property=\"og:image:width\" content=\"1024\" \/>\n\t<meta property=\"og:image:height\" content=\"576\" \/>\n\t<meta property=\"og:image:type\" content=\"image\/png\" \/>\n<meta name=\"author\" content=\"luisagencenter@gmail.com\" \/>\n<meta name=\"twitter:card\" content=\"summary_large_image\" \/>\n<meta name=\"twitter:label1\" content=\"Escrito por\" \/>\n\t<meta name=\"twitter:data1\" content=\"luisagencenter@gmail.com\" \/>\n\t<meta name=\"twitter:label2\" content=\"Tiempo de lectura\" \/>\n\t<meta name=\"twitter:data2\" content=\"4 minutos\" \/>\n<script type=\"application\/ld+json\" class=\"yoast-schema-graph\">{\"@context\":\"https:\\\/\\\/schema.org\",\"@graph\":[{\"@type\":\"Article\",\"@id\":\"https:\\\/\\\/www.unitedworldproject.org\\\/es\\\/economia-trabajo\\\/dias-de-esperanza-en-costa-de-marfil\\\/#article\",\"isPartOf\":{\"@id\":\"https:\\\/\\\/www.unitedworldproject.org\\\/es\\\/economia-trabajo\\\/dias-de-esperanza-en-costa-de-marfil\\\/\"},\"author\":{\"name\":\"luisagencenter@gmail.com\",\"@id\":\"https:\\\/\\\/www.unitedworldproject.org\\\/es\\\/#\\\/schema\\\/person\\\/3c144b321fa3d6a275e5d68dcfa15789\"},\"headline\":\"D\u00cdAS DE ESPERANZA EN COSTA DE MARFIL\",\"datePublished\":\"2022-09-16T01:06:13+00:00\",\"dateModified\":\"2025-11-26T15:13:13+00:00\",\"mainEntityOfPage\":{\"@id\":\"https:\\\/\\\/www.unitedworldproject.org\\\/es\\\/economia-trabajo\\\/dias-de-esperanza-en-costa-de-marfil\\\/\"},\"wordCount\":804,\"image\":{\"@id\":\"https:\\\/\\\/www.unitedworldproject.org\\\/es\\\/economia-trabajo\\\/dias-de-esperanza-en-costa-de-marfil\\\/#primaryimage\"},\"thumbnailUrl\":\"https:\\\/\\\/www.unitedworldproject.org\\\/wp-content\\\/uploads\\\/2025\\\/11\\\/1920x1080-costa-davorio-02.png\",\"inLanguage\":\"es\"},{\"@type\":\"WebPage\",\"@id\":\"https:\\\/\\\/www.unitedworldproject.org\\\/es\\\/economia-trabajo\\\/dias-de-esperanza-en-costa-de-marfil\\\/\",\"url\":\"https:\\\/\\\/www.unitedworldproject.org\\\/es\\\/economia-trabajo\\\/dias-de-esperanza-en-costa-de-marfil\\\/\",\"name\":\"D\u00cdAS DE ESPERANZA EN COSTA DE MARFIL - United World Project\",\"isPartOf\":{\"@id\":\"https:\\\/\\\/www.unitedworldproject.org\\\/es\\\/#website\"},\"primaryImageOfPage\":{\"@id\":\"https:\\\/\\\/www.unitedworldproject.org\\\/es\\\/economia-trabajo\\\/dias-de-esperanza-en-costa-de-marfil\\\/#primaryimage\"},\"image\":{\"@id\":\"https:\\\/\\\/www.unitedworldproject.org\\\/es\\\/economia-trabajo\\\/dias-de-esperanza-en-costa-de-marfil\\\/#primaryimage\"},\"thumbnailUrl\":\"https:\\\/\\\/www.unitedworldproject.org\\\/wp-content\\\/uploads\\\/2025\\\/11\\\/1920x1080-costa-davorio-02.png\",\"datePublished\":\"2022-09-16T01:06:13+00:00\",\"dateModified\":\"2025-11-26T15:13:13+00:00\",\"author\":{\"@id\":\"https:\\\/\\\/www.unitedworldproject.org\\\/es\\\/#\\\/schema\\\/person\\\/3c144b321fa3d6a275e5d68dcfa15789\"},\"breadcrumb\":{\"@id\":\"https:\\\/\\\/www.unitedworldproject.org\\\/es\\\/economia-trabajo\\\/dias-de-esperanza-en-costa-de-marfil\\\/#breadcrumb\"},\"inLanguage\":\"es\",\"potentialAction\":[{\"@type\":\"ReadAction\",\"target\":[\"https:\\\/\\\/www.unitedworldproject.org\\\/es\\\/economia-trabajo\\\/dias-de-esperanza-en-costa-de-marfil\\\/\"]}]},{\"@type\":\"ImageObject\",\"inLanguage\":\"es\",\"@id\":\"https:\\\/\\\/www.unitedworldproject.org\\\/es\\\/economia-trabajo\\\/dias-de-esperanza-en-costa-de-marfil\\\/#primaryimage\",\"url\":\"https:\\\/\\\/www.unitedworldproject.org\\\/wp-content\\\/uploads\\\/2025\\\/11\\\/1920x1080-costa-davorio-02.png\",\"contentUrl\":\"https:\\\/\\\/www.unitedworldproject.org\\\/wp-content\\\/uploads\\\/2025\\\/11\\\/1920x1080-costa-davorio-02.png\",\"width\":1920,\"height\":1080},{\"@type\":\"BreadcrumbList\",\"@id\":\"https:\\\/\\\/www.unitedworldproject.org\\\/es\\\/economia-trabajo\\\/dias-de-esperanza-en-costa-de-marfil\\\/#breadcrumb\",\"itemListElement\":[{\"@type\":\"ListItem\",\"position\":1,\"name\":\"Home\",\"item\":\"https:\\\/\\\/www.unitedworldproject.org\\\/es\\\/\"},{\"@type\":\"ListItem\",\"position\":2,\"name\":\"D\u00cdAS DE ESPERANZA EN COSTA DE MARFIL\"}]},{\"@type\":\"WebSite\",\"@id\":\"https:\\\/\\\/www.unitedworldproject.org\\\/es\\\/#website\",\"url\":\"https:\\\/\\\/www.unitedworldproject.org\\\/es\\\/\",\"name\":\"United World Project\",\"description\":\"Championing fraternity and collaboration worldwide\",\"potentialAction\":[{\"@type\":\"SearchAction\",\"target\":{\"@type\":\"EntryPoint\",\"urlTemplate\":\"https:\\\/\\\/www.unitedworldproject.org\\\/es\\\/?s={search_term_string}\"},\"query-input\":{\"@type\":\"PropertyValueSpecification\",\"valueRequired\":true,\"valueName\":\"search_term_string\"}}],\"inLanguage\":\"es\"},{\"@type\":\"Person\",\"@id\":\"https:\\\/\\\/www.unitedworldproject.org\\\/es\\\/#\\\/schema\\\/person\\\/3c144b321fa3d6a275e5d68dcfa15789\",\"name\":\"luisagencenter@gmail.com\",\"image\":{\"@type\":\"ImageObject\",\"inLanguage\":\"es\",\"@id\":\"https:\\\/\\\/secure.gravatar.com\\\/avatar\\\/2bb549a17f0b970f2695a26bad3633d3ea011d12815a946a3437ed096f3dc40a?s=96&d=mm&r=g\",\"url\":\"https:\\\/\\\/secure.gravatar.com\\\/avatar\\\/2bb549a17f0b970f2695a26bad3633d3ea011d12815a946a3437ed096f3dc40a?s=96&d=mm&r=g\",\"contentUrl\":\"https:\\\/\\\/secure.gravatar.com\\\/avatar\\\/2bb549a17f0b970f2695a26bad3633d3ea011d12815a946a3437ed096f3dc40a?s=96&d=mm&r=g\",\"caption\":\"luisagencenter@gmail.com\"},\"url\":\"https:\\\/\\\/www.unitedworldproject.org\\\/es\\\/author\\\/luisagencentergmail-com\\\/\"}]}<\/script>\n<!-- \/ Yoast SEO plugin. -->","yoast_head_json":{"title":"D\u00cdAS DE ESPERANZA EN COSTA DE MARFIL - United World Project","robots":{"index":"index","follow":"follow","max-snippet":"max-snippet:-1","max-image-preview":"max-image-preview:large","max-video-preview":"max-video-preview:-1"},"canonical":"https:\/\/www.unitedworldproject.org\/es\/economia-trabajo\/dias-de-esperanza-en-costa-de-marfil\/","og_locale":"es_ES","og_type":"article","og_title":"D\u00cdAS DE ESPERANZA EN COSTA DE MARFIL - United World Project","og_description":"Nji Mabih nos cuenta sobre los cinco d\u00edas de campamento realizados en Costa de Marfil: sesenta j\u00f3venes trabajaron en una nueva visi\u00f3n de s\u00ed mismos y del mundo, concentr\u00e1ndose en la formaci\u00f3n espiritual, social y profesional. &nbsp; \u201cAtr\u00e9vete a cuidar de ti, de los dem\u00e1s y del planeta\u201d. Este t\u00edtulo, junto a la propuesta \u201cHombre [&hellip;]","og_url":"https:\/\/www.unitedworldproject.org\/es\/economia-trabajo\/dias-de-esperanza-en-costa-de-marfil\/","og_site_name":"United World Project","article_published_time":"2022-09-16T01:06:13+00:00","article_modified_time":"2025-11-26T15:13:13+00:00","og_image":[{"width":1024,"height":576,"url":"https:\/\/www.unitedworldproject.org\/wp-content\/uploads\/2025\/11\/1920x1080-costa-davorio-02-1024x576.png","type":"image\/png"}],"author":"luisagencenter@gmail.com","twitter_card":"summary_large_image","twitter_misc":{"Escrito por":"luisagencenter@gmail.com","Tiempo de lectura":"4 minutos"},"schema":{"@context":"https:\/\/schema.org","@graph":[{"@type":"Article","@id":"https:\/\/www.unitedworldproject.org\/es\/economia-trabajo\/dias-de-esperanza-en-costa-de-marfil\/#article","isPartOf":{"@id":"https:\/\/www.unitedworldproject.org\/es\/economia-trabajo\/dias-de-esperanza-en-costa-de-marfil\/"},"author":{"name":"luisagencenter@gmail.com","@id":"https:\/\/www.unitedworldproject.org\/es\/#\/schema\/person\/3c144b321fa3d6a275e5d68dcfa15789"},"headline":"D\u00cdAS DE ESPERANZA EN COSTA DE MARFIL","datePublished":"2022-09-16T01:06:13+00:00","dateModified":"2025-11-26T15:13:13+00:00","mainEntityOfPage":{"@id":"https:\/\/www.unitedworldproject.org\/es\/economia-trabajo\/dias-de-esperanza-en-costa-de-marfil\/"},"wordCount":804,"image":{"@id":"https:\/\/www.unitedworldproject.org\/es\/economia-trabajo\/dias-de-esperanza-en-costa-de-marfil\/#primaryimage"},"thumbnailUrl":"https:\/\/www.unitedworldproject.org\/wp-content\/uploads\/2025\/11\/1920x1080-costa-davorio-02.png","inLanguage":"es"},{"@type":"WebPage","@id":"https:\/\/www.unitedworldproject.org\/es\/economia-trabajo\/dias-de-esperanza-en-costa-de-marfil\/","url":"https:\/\/www.unitedworldproject.org\/es\/economia-trabajo\/dias-de-esperanza-en-costa-de-marfil\/","name":"D\u00cdAS DE ESPERANZA EN COSTA DE MARFIL - United World Project","isPartOf":{"@id":"https:\/\/www.unitedworldproject.org\/es\/#website"},"primaryImageOfPage":{"@id":"https:\/\/www.unitedworldproject.org\/es\/economia-trabajo\/dias-de-esperanza-en-costa-de-marfil\/#primaryimage"},"image":{"@id":"https:\/\/www.unitedworldproject.org\/es\/economia-trabajo\/dias-de-esperanza-en-costa-de-marfil\/#primaryimage"},"thumbnailUrl":"https:\/\/www.unitedworldproject.org\/wp-content\/uploads\/2025\/11\/1920x1080-costa-davorio-02.png","datePublished":"2022-09-16T01:06:13+00:00","dateModified":"2025-11-26T15:13:13+00:00","author":{"@id":"https:\/\/www.unitedworldproject.org\/es\/#\/schema\/person\/3c144b321fa3d6a275e5d68dcfa15789"},"breadcrumb":{"@id":"https:\/\/www.unitedworldproject.org\/es\/economia-trabajo\/dias-de-esperanza-en-costa-de-marfil\/#breadcrumb"},"inLanguage":"es","potentialAction":[{"@type":"ReadAction","target":["https:\/\/www.unitedworldproject.org\/es\/economia-trabajo\/dias-de-esperanza-en-costa-de-marfil\/"]}]},{"@type":"ImageObject","inLanguage":"es","@id":"https:\/\/www.unitedworldproject.org\/es\/economia-trabajo\/dias-de-esperanza-en-costa-de-marfil\/#primaryimage","url":"https:\/\/www.unitedworldproject.org\/wp-content\/uploads\/2025\/11\/1920x1080-costa-davorio-02.png","contentUrl":"https:\/\/www.unitedworldproject.org\/wp-content\/uploads\/2025\/11\/1920x1080-costa-davorio-02.png","width":1920,"height":1080},{"@type":"BreadcrumbList","@id":"https:\/\/www.unitedworldproject.org\/es\/economia-trabajo\/dias-de-esperanza-en-costa-de-marfil\/#breadcrumb","itemListElement":[{"@type":"ListItem","position":1,"name":"Home","item":"https:\/\/www.unitedworldproject.org\/es\/"},{"@type":"ListItem","position":2,"name":"D\u00cdAS DE ESPERANZA EN COSTA DE MARFIL"}]},{"@type":"WebSite","@id":"https:\/\/www.unitedworldproject.org\/es\/#website","url":"https:\/\/www.unitedworldproject.org\/es\/","name":"United World Project","description":"Championing fraternity and collaboration worldwide","potentialAction":[{"@type":"SearchAction","target":{"@type":"EntryPoint","urlTemplate":"https:\/\/www.unitedworldproject.org\/es\/?s={search_term_string}"},"query-input":{"@type":"PropertyValueSpecification","valueRequired":true,"valueName":"search_term_string"}}],"inLanguage":"es"},{"@type":"Person","@id":"https:\/\/www.unitedworldproject.org\/es\/#\/schema\/person\/3c144b321fa3d6a275e5d68dcfa15789","name":"luisagencenter@gmail.com","image":{"@type":"ImageObject","inLanguage":"es","@id":"https:\/\/secure.gravatar.com\/avatar\/2bb549a17f0b970f2695a26bad3633d3ea011d12815a946a3437ed096f3dc40a?s=96&d=mm&r=g","url":"https:\/\/secure.gravatar.com\/avatar\/2bb549a17f0b970f2695a26bad3633d3ea011d12815a946a3437ed096f3dc40a?s=96&d=mm&r=g","contentUrl":"https:\/\/secure.gravatar.com\/avatar\/2bb549a17f0b970f2695a26bad3633d3ea011d12815a946a3437ed096f3dc40a?s=96&d=mm&r=g","caption":"luisagencenter@gmail.com"},"url":"https:\/\/www.unitedworldproject.org\/es\/author\/luisagencentergmail-com\/"}]}},"_links":{"self":[{"href":"https:\/\/www.unitedworldproject.org\/es\/wp-json\/wp\/v2\/posts\/73018","targetHints":{"allow":["GET"]}}],"collection":[{"href":"https:\/\/www.unitedworldproject.org\/es\/wp-json\/wp\/v2\/posts"}],"about":[{"href":"https:\/\/www.unitedworldproject.org\/es\/wp-json\/wp\/v2\/types\/post"}],"author":[{"embeddable":true,"href":"https:\/\/www.unitedworldproject.org\/es\/wp-json\/wp\/v2\/users\/28"}],"replies":[{"embeddable":true,"href":"https:\/\/www.unitedworldproject.org\/es\/wp-json\/wp\/v2\/comments?post=73018"}],"version-history":[{"count":1,"href":"https:\/\/www.unitedworldproject.org\/es\/wp-json\/wp\/v2\/posts\/73018\/revisions"}],"predecessor-version":[{"id":73019,"href":"https:\/\/www.unitedworldproject.org\/es\/wp-json\/wp\/v2\/posts\/73018\/revisions\/73019"}],"wp:featuredmedia":[{"embeddable":true,"href":"https:\/\/www.unitedworldproject.org\/es\/wp-json\/wp\/v2\/media\/68034"}],"wp:attachment":[{"href":"https:\/\/www.unitedworldproject.org\/es\/wp-json\/wp\/v2\/media?parent=73018"}],"wp:term":[{"taxonomy":"category","embeddable":true,"href":"https:\/\/www.unitedworldproject.org\/es\/wp-json\/wp\/v2\/categories?post=73018"},{"taxonomy":"post_tag","embeddable":true,"href":"https:\/\/www.unitedworldproject.org\/es\/wp-json\/wp\/v2\/tags?post=73018"}],"curies":[{"name":"wp","href":"https:\/\/api.w.org\/{rel}","templated":true}]}}