{"id":74332,"date":"2025-05-05T06:30:57","date_gmt":"2025-05-05T04:30:57","guid":{"rendered":"https:\/\/www.unitedworldproject.org\/economy-work\/together-for-a-new-africa-t4na-jovenes-lideres-para-una-nueva-africa\/"},"modified":"2025-11-26T16:25:51","modified_gmt":"2025-11-26T15:25:51","slug":"together-for-a-new-africa-t4na-jovenes-lideres-para-una-nueva-africa","status":"publish","type":"post","link":"https:\/\/www.unitedworldproject.org\/es\/economia-trabajo\/together-for-a-new-africa-t4na-jovenes-lideres-para-una-nueva-africa\/","title":{"rendered":"\u201cTogether for a New Africa\u201d (T4NA): j\u00f3venes l\u00edderes para una nueva \u00c1frica"},"content":{"rendered":"<p><em>El proyecto <\/em><em>\u201cTogether for a New Africa\u201d (T4NA) <\/em><em>forma a j\u00f3venes l\u00edderes africanos para transformar sus comunidades a trav\u00e9s del conocimiento, la cooperaci\u00f3n y una visi\u00f3n compartida de un continente m\u00e1s justo, unido y sostenible.<\/em><\/p>\n<p>El proyecto <a href=\"https:\/\/www.new-humanity.org\/project\/afr-e-s-h\/\"><strong>Together for a New Africa (T4NA)<\/strong><\/a> (Juntos por una Nueva \u00c1frica &#8211; T4NA) apoya <strong>la formaci\u00f3n de j\u00f3venes l\u00edderes africanos fomentando el estudio, la investigaci\u00f3n y la acci\u00f3n concreta en sus comunidades<\/strong>. Una de sus frases claves es Aprender y Crecer para Superar L\u00edmites, y su campo de acci\u00f3n abarca la econom\u00eda, el trabajo, la investigaci\u00f3n y la educaci\u00f3n, siendo esta \u00faltima fundamental para la transformaci\u00f3n social y la superaci\u00f3n de l\u00edmites estructurales.<\/p>\n<p>T4NA naci\u00f3 en 2014 e involucr\u00f3 a j\u00f3venes e instituciones con el objetivo, como se indica en su sitio web www.togetherforanewafrica.org, de brindar a los j\u00f3venes l\u00edderes africanos las herramientas para enfrentar los desaf\u00edos de sus comunidades y dar forma al futuro de su continente a trav\u00e9s del liderazgo colectivo (co-liderazgo), la buena gobernanza, una cultura de unidad y el resurgimiento de la sabidur\u00eda africana \u00abUbuntu\u00bb.<\/p>\n<figure id=\"attachment_57009\" aria-describedby=\"caption-attachment-57009\" style=\"width: 1600px\" class=\"wp-caption aligncenter\"><img loading=\"lazy\" decoding=\"async\" class=\"size-full wp-image-57009\" src=\"https:\/\/www.unitedworldproject.org\/wp-content\/uploads\/2025\/11\/cc_T4NA1.jpeg\" alt=\"Together for a New Africa\" width=\"1600\" height=\"1200\" \/><figcaption id=\"caption-attachment-57009\" class=\"wp-caption-text\">Together for a New Africa<\/figcaption><\/figure>\n<p>El proyecto cuenta con el apoyo de <a href=\"https:\/\/www.new-humanity.org\/project\/afr-e-s-h\/\"><strong>AFRESH, una iniciativa cofinanciada por la Uni\u00f3n Europea<\/strong><\/a>, que tiene un ideal de igualdad y un objetivo importante: la ambici\u00f3n, <strong>por parte de los socios, de redefinir las relaciones entre Europa y \u00c1frica en una perspectiva horizontal y no vertical<\/strong>. \u00bfQu\u00e9 significa? Por vertical entendemos el marco hist\u00f3rico colonial: un sujeto simb\u00f3licamente superior, hegem\u00f3nico, y otro inferior, subordinado. Por horizontal, en cambio, concebimos una relaci\u00f3n nueva, en igualdad de condiciones, sin ning\u00fan sujeto dominante.<\/p>\n<p>AFR.E.S.H cree que es <strong>necesario que ambos continentes trabajen juntos para abordar los desaf\u00edos globales del presente y del futuro: migraci\u00f3n, cambio clim\u00e1tico, desigualdades, conflictos entre pa\u00edses<\/strong>. Por este motivo, presta especial atenci\u00f3n al concepto de intercambio (dar y recibir) y a la colaboraci\u00f3n cultural entre \u00c1frica y Europa.<\/p>\n<figure id=\"attachment_57029\" aria-describedby=\"caption-attachment-57029\" style=\"width: 1200px\" class=\"wp-caption aligncenter\"><img loading=\"lazy\" decoding=\"async\" class=\"size-full wp-image-57029\" src=\"https:\/\/www.unitedworldproject.org\/wp-content\/uploads\/2025\/11\/cc_T4NA5.jpg\" alt=\"Together for a New Africa\" width=\"1200\" height=\"800\" \/><figcaption id=\"caption-attachment-57029\" class=\"wp-caption-text\">Together for a New Africa<\/figcaption><\/figure>\n<h3><strong>Escuelas de verano T4NA<\/strong><\/h3>\n<p>T4NA ya <strong>ha organizado dos importantes Escuelas de Verano en 2023 y 2024<\/strong>. En la primera, 140 j\u00f3venes l\u00edderes de 14 pa\u00edses africanos, unidos por la misma visi\u00f3n de liderazgo transformador, se reunieron on line durante cinco d\u00edas bajo el lema \u201cConvertirse en art\u00edfices de cambios\u201d. De esta forma, han fortalecido los lazos comunitarios y definido estrategias para impulsar el cambio en el continente.<\/p>\n<p>El a\u00f1o siguiente, siempre en colaboraci\u00f3n entre AFR.E.S.H y T4NA, la Escuela de Verano se desarroll\u00f3 en formato h\u00edbrido, constituyendo <strong>una etapa importante en la formaci\u00f3n de la nueva generaci\u00f3n de l\u00edderes <\/strong>del continente africano.<\/p>\n<p>Se reunieron seis pa\u00edses del consorcio AFR.E.S.H. y otros nueve pa\u00edses africanos que ya hab\u00edan participado en la Escuela de Verano en 2023. El tema central fue <strong>\u00abUniones: Construyendo Equipos y L\u00edderes para una Nueva \u00c1frica\u00bb, <\/strong>con el objetivo de fortalecer el liderazgo y la participaci\u00f3n ciudadana mediante una combinaci\u00f3n de actividades de capacitaci\u00f3n local e intercambios internacionales.<\/p>\n<p><img loading=\"lazy\" decoding=\"async\" class=\"aligncenter size-full wp-image-56999\" src=\"https:\/\/www.unitedworldproject.org\/wp-content\/uploads\/2025\/11\/cc_T4NA.jpeg\" alt=\"\" width=\"1280\" height=\"960\" \/><\/p>\n<h3><strong>Esperando Nairobi en 2025<\/strong><\/h3>\n<p>Juntos por una Nueva \u00c1frica (T4NA) estar\u00e1 presente en Nairobi del 7 al 12 de noviembre de 2025, en el marco de la iniciativa \u00ab<strong>Ciudades, Comunidades, Cuidado. J\u00f3venes en Acci\u00f3n por una Paz Sostenible<\/strong>\u00bb, un evento organizado con motivo del 80\u00ba aniversario de las Naciones Unidas. En un momento de profunda crisis, queremos dar espacio al di\u00e1logo, la reflexi\u00f3n y las propuestas concretas en sinergia con las Agencias de la ONU presentes en Nairobi y con otros socios institucionales.<\/p>\n<p>El evento internacional est\u00e1 dirigido a alcaldes, administradores, l\u00edderes civiles y religiosos, ciudadanos, investigadores y cualquier persona involucrada en la promoci\u00f3n de la paz, la justicia y el cuidado de los territorios. Los participantes en el programa <a href=\"https:\/\/togetherforanewafrica.org\/\"><strong>Together for a New Africa<\/strong><\/a> aportar\u00e1n experiencias, ideas y visiones para un futuro sostenible. <strong>El recorrido culminar\u00e1 en un evento global del 10 al 12 de noviembre de 2025.<\/strong><\/p>\n<p>El trabajo de AFR.E.S.H. y T4NA est\u00e1 totalmente en funci\u00f3n de los valores de la paz, la hermandad entre los pueblos y un mundo unido. Es importante, entonces, que el United World Project destaque esta valiosa actividad justo durante los d\u00edas de la <strong><a href=\"https:\/\/www.unitedworldproject.org\/es\/smu2025\/\">Semana Mundo Unido 2025<\/a><\/strong>.<\/p>\n","protected":false},"excerpt":{"rendered":"<p>El proyecto \u201cTogether for a New Africa\u201d (T4NA) forma a j\u00f3venes l\u00edderes africanos para transformar sus comunidades a trav\u00e9s del conocimiento, la cooperaci\u00f3n y una visi\u00f3n compartida de un continente m\u00e1s justo, unido y sostenible.<\/p>\n","protected":false},"author":2,"featured_media":68978,"comment_status":"closed","ping_status":"open","sticky":false,"template":"","format":"standard","meta":{"_acf_changed":false,"footnotes":""},"categories":[],"tags":[],"class_list":["post-74332","post","type-post","status-publish","format-standard","has-post-thumbnail","hentry"],"acf":[],"yoast_head":"<!-- This site is optimized with the Yoast SEO plugin v27.4 - https:\/\/yoast.com\/product\/yoast-seo-wordpress\/ -->\n<title>\u201cTogether for a New Africa\u201d (T4NA): j\u00f3venes l\u00edderes para una nueva \u00c1frica - United World Project<\/title>\n<meta name=\"robots\" content=\"index, follow, max-snippet:-1, max-image-preview:large, max-video-preview:-1\" \/>\n<link rel=\"canonical\" href=\"https:\/\/www.unitedworldproject.org\/es\/economia-trabajo\/together-for-a-new-africa-t4na-jovenes-lideres-para-una-nueva-africa\/\" \/>\n<meta property=\"og:locale\" content=\"es_ES\" \/>\n<meta property=\"og:type\" content=\"article\" \/>\n<meta property=\"og:title\" content=\"\u201cTogether for a New Africa\u201d (T4NA): j\u00f3venes l\u00edderes para una nueva \u00c1frica - United World Project\" \/>\n<meta property=\"og:description\" content=\"El proyecto \u201cTogether for a New Africa\u201d (T4NA) forma a j\u00f3venes l\u00edderes africanos para transformar sus comunidades a trav\u00e9s del conocimiento, la cooperaci\u00f3n y una visi\u00f3n compartida de un continente m\u00e1s justo, unido y sostenible.\" \/>\n<meta property=\"og:url\" content=\"https:\/\/www.unitedworldproject.org\/es\/economia-trabajo\/together-for-a-new-africa-t4na-jovenes-lideres-para-una-nueva-africa\/\" \/>\n<meta property=\"og:site_name\" content=\"United World Project\" \/>\n<meta property=\"article:published_time\" content=\"2025-05-05T04:30:57+00:00\" \/>\n<meta property=\"article:modified_time\" content=\"2025-11-26T15:25:51+00:00\" \/>\n<meta property=\"og:image\" content=\"https:\/\/www.unitedworldproject.org\/wp-content\/uploads\/2025\/11\/Together-for-a-New-Africa-.jpg\" \/>\n\t<meta property=\"og:image:width\" content=\"912\" \/>\n\t<meta property=\"og:image:height\" content=\"608\" \/>\n\t<meta property=\"og:image:type\" content=\"image\/jpeg\" \/>\n<meta name=\"author\" content=\"anita\" \/>\n<meta name=\"twitter:card\" content=\"summary_large_image\" \/>\n<meta name=\"twitter:label1\" content=\"Escrito por\" \/>\n\t<meta name=\"twitter:data1\" content=\"anita\" \/>\n\t<meta name=\"twitter:label2\" content=\"Tiempo de lectura\" \/>\n\t<meta name=\"twitter:data2\" content=\"4 minutos\" \/>\n<script type=\"application\/ld+json\" class=\"yoast-schema-graph\">{\"@context\":\"https:\\\/\\\/schema.org\",\"@graph\":[{\"@type\":\"Article\",\"@id\":\"https:\\\/\\\/www.unitedworldproject.org\\\/es\\\/economia-trabajo\\\/together-for-a-new-africa-t4na-jovenes-lideres-para-una-nueva-africa\\\/#article\",\"isPartOf\":{\"@id\":\"https:\\\/\\\/www.unitedworldproject.org\\\/es\\\/economia-trabajo\\\/together-for-a-new-africa-t4na-jovenes-lideres-para-una-nueva-africa\\\/\"},\"author\":{\"name\":\"anita\",\"@id\":\"https:\\\/\\\/www.unitedworldproject.org\\\/es\\\/#\\\/schema\\\/person\\\/5e422fc57d77d69e6b4e36ac59a53201\"},\"headline\":\"\u201cTogether for a New Africa\u201d (T4NA): j\u00f3venes l\u00edderes para una nueva \u00c1frica\",\"datePublished\":\"2025-05-05T04:30:57+00:00\",\"dateModified\":\"2025-11-26T15:25:51+00:00\",\"mainEntityOfPage\":{\"@id\":\"https:\\\/\\\/www.unitedworldproject.org\\\/es\\\/economia-trabajo\\\/together-for-a-new-africa-t4na-jovenes-lideres-para-una-nueva-africa\\\/\"},\"wordCount\":776,\"image\":{\"@id\":\"https:\\\/\\\/www.unitedworldproject.org\\\/es\\\/economia-trabajo\\\/together-for-a-new-africa-t4na-jovenes-lideres-para-una-nueva-africa\\\/#primaryimage\"},\"thumbnailUrl\":\"https:\\\/\\\/www.unitedworldproject.org\\\/wp-content\\\/uploads\\\/2025\\\/11\\\/Together-for-a-New-Africa-.jpg\",\"inLanguage\":\"es\"},{\"@type\":\"WebPage\",\"@id\":\"https:\\\/\\\/www.unitedworldproject.org\\\/es\\\/economia-trabajo\\\/together-for-a-new-africa-t4na-jovenes-lideres-para-una-nueva-africa\\\/\",\"url\":\"https:\\\/\\\/www.unitedworldproject.org\\\/es\\\/economia-trabajo\\\/together-for-a-new-africa-t4na-jovenes-lideres-para-una-nueva-africa\\\/\",\"name\":\"\u201cTogether for a New Africa\u201d (T4NA): j\u00f3venes l\u00edderes para una nueva \u00c1frica - United World Project\",\"isPartOf\":{\"@id\":\"https:\\\/\\\/www.unitedworldproject.org\\\/es\\\/#website\"},\"primaryImageOfPage\":{\"@id\":\"https:\\\/\\\/www.unitedworldproject.org\\\/es\\\/economia-trabajo\\\/together-for-a-new-africa-t4na-jovenes-lideres-para-una-nueva-africa\\\/#primaryimage\"},\"image\":{\"@id\":\"https:\\\/\\\/www.unitedworldproject.org\\\/es\\\/economia-trabajo\\\/together-for-a-new-africa-t4na-jovenes-lideres-para-una-nueva-africa\\\/#primaryimage\"},\"thumbnailUrl\":\"https:\\\/\\\/www.unitedworldproject.org\\\/wp-content\\\/uploads\\\/2025\\\/11\\\/Together-for-a-New-Africa-.jpg\",\"datePublished\":\"2025-05-05T04:30:57+00:00\",\"dateModified\":\"2025-11-26T15:25:51+00:00\",\"author\":{\"@id\":\"https:\\\/\\\/www.unitedworldproject.org\\\/es\\\/#\\\/schema\\\/person\\\/5e422fc57d77d69e6b4e36ac59a53201\"},\"breadcrumb\":{\"@id\":\"https:\\\/\\\/www.unitedworldproject.org\\\/es\\\/economia-trabajo\\\/together-for-a-new-africa-t4na-jovenes-lideres-para-una-nueva-africa\\\/#breadcrumb\"},\"inLanguage\":\"es\",\"potentialAction\":[{\"@type\":\"ReadAction\",\"target\":[\"https:\\\/\\\/www.unitedworldproject.org\\\/es\\\/economia-trabajo\\\/together-for-a-new-africa-t4na-jovenes-lideres-para-una-nueva-africa\\\/\"]}]},{\"@type\":\"ImageObject\",\"inLanguage\":\"es\",\"@id\":\"https:\\\/\\\/www.unitedworldproject.org\\\/es\\\/economia-trabajo\\\/together-for-a-new-africa-t4na-jovenes-lideres-para-una-nueva-africa\\\/#primaryimage\",\"url\":\"https:\\\/\\\/www.unitedworldproject.org\\\/wp-content\\\/uploads\\\/2025\\\/11\\\/Together-for-a-New-Africa-.jpg\",\"contentUrl\":\"https:\\\/\\\/www.unitedworldproject.org\\\/wp-content\\\/uploads\\\/2025\\\/11\\\/Together-for-a-New-Africa-.jpg\",\"width\":912,\"height\":608,\"caption\":\"Together for a New Africa\"},{\"@type\":\"BreadcrumbList\",\"@id\":\"https:\\\/\\\/www.unitedworldproject.org\\\/es\\\/economia-trabajo\\\/together-for-a-new-africa-t4na-jovenes-lideres-para-una-nueva-africa\\\/#breadcrumb\",\"itemListElement\":[{\"@type\":\"ListItem\",\"position\":1,\"name\":\"Home\",\"item\":\"https:\\\/\\\/www.unitedworldproject.org\\\/es\\\/\"},{\"@type\":\"ListItem\",\"position\":2,\"name\":\"\u201cTogether for a New Africa\u201d (T4NA): j\u00f3venes l\u00edderes para una nueva \u00c1frica\"}]},{\"@type\":\"WebSite\",\"@id\":\"https:\\\/\\\/www.unitedworldproject.org\\\/es\\\/#website\",\"url\":\"https:\\\/\\\/www.unitedworldproject.org\\\/es\\\/\",\"name\":\"United World Project\",\"description\":\"Championing fraternity and collaboration worldwide\",\"potentialAction\":[{\"@type\":\"SearchAction\",\"target\":{\"@type\":\"EntryPoint\",\"urlTemplate\":\"https:\\\/\\\/www.unitedworldproject.org\\\/es\\\/?s={search_term_string}\"},\"query-input\":{\"@type\":\"PropertyValueSpecification\",\"valueRequired\":true,\"valueName\":\"search_term_string\"}}],\"inLanguage\":\"es\"},{\"@type\":\"Person\",\"@id\":\"https:\\\/\\\/www.unitedworldproject.org\\\/es\\\/#\\\/schema\\\/person\\\/5e422fc57d77d69e6b4e36ac59a53201\",\"name\":\"anita\",\"image\":{\"@type\":\"ImageObject\",\"inLanguage\":\"es\",\"@id\":\"https:\\\/\\\/secure.gravatar.com\\\/avatar\\\/6949a15dd913b50588eec00981bd52d8c6ac8351a258558d372496c670e4ff2c?s=96&d=mm&r=g\",\"url\":\"https:\\\/\\\/secure.gravatar.com\\\/avatar\\\/6949a15dd913b50588eec00981bd52d8c6ac8351a258558d372496c670e4ff2c?s=96&d=mm&r=g\",\"contentUrl\":\"https:\\\/\\\/secure.gravatar.com\\\/avatar\\\/6949a15dd913b50588eec00981bd52d8c6ac8351a258558d372496c670e4ff2c?s=96&d=mm&r=g\",\"caption\":\"anita\"},\"url\":\"https:\\\/\\\/www.unitedworldproject.org\\\/es\\\/author\\\/anita\\\/\"}]}<\/script>\n<!-- \/ Yoast SEO plugin. -->","yoast_head_json":{"title":"\u201cTogether for a New Africa\u201d (T4NA): j\u00f3venes l\u00edderes para una nueva \u00c1frica - United World Project","robots":{"index":"index","follow":"follow","max-snippet":"max-snippet:-1","max-image-preview":"max-image-preview:large","max-video-preview":"max-video-preview:-1"},"canonical":"https:\/\/www.unitedworldproject.org\/es\/economia-trabajo\/together-for-a-new-africa-t4na-jovenes-lideres-para-una-nueva-africa\/","og_locale":"es_ES","og_type":"article","og_title":"\u201cTogether for a New Africa\u201d (T4NA): j\u00f3venes l\u00edderes para una nueva \u00c1frica - United World Project","og_description":"El proyecto \u201cTogether for a New Africa\u201d (T4NA) forma a j\u00f3venes l\u00edderes africanos para transformar sus comunidades a trav\u00e9s del conocimiento, la cooperaci\u00f3n y una visi\u00f3n compartida de un continente m\u00e1s justo, unido y sostenible.","og_url":"https:\/\/www.unitedworldproject.org\/es\/economia-trabajo\/together-for-a-new-africa-t4na-jovenes-lideres-para-una-nueva-africa\/","og_site_name":"United World Project","article_published_time":"2025-05-05T04:30:57+00:00","article_modified_time":"2025-11-26T15:25:51+00:00","og_image":[{"width":912,"height":608,"url":"https:\/\/www.unitedworldproject.org\/wp-content\/uploads\/2025\/11\/Together-for-a-New-Africa-.jpg","type":"image\/jpeg"}],"author":"anita","twitter_card":"summary_large_image","twitter_misc":{"Escrito por":"anita","Tiempo de lectura":"4 minutos"},"schema":{"@context":"https:\/\/schema.org","@graph":[{"@type":"Article","@id":"https:\/\/www.unitedworldproject.org\/es\/economia-trabajo\/together-for-a-new-africa-t4na-jovenes-lideres-para-una-nueva-africa\/#article","isPartOf":{"@id":"https:\/\/www.unitedworldproject.org\/es\/economia-trabajo\/together-for-a-new-africa-t4na-jovenes-lideres-para-una-nueva-africa\/"},"author":{"name":"anita","@id":"https:\/\/www.unitedworldproject.org\/es\/#\/schema\/person\/5e422fc57d77d69e6b4e36ac59a53201"},"headline":"\u201cTogether for a New Africa\u201d (T4NA): j\u00f3venes l\u00edderes para una nueva \u00c1frica","datePublished":"2025-05-05T04:30:57+00:00","dateModified":"2025-11-26T15:25:51+00:00","mainEntityOfPage":{"@id":"https:\/\/www.unitedworldproject.org\/es\/economia-trabajo\/together-for-a-new-africa-t4na-jovenes-lideres-para-una-nueva-africa\/"},"wordCount":776,"image":{"@id":"https:\/\/www.unitedworldproject.org\/es\/economia-trabajo\/together-for-a-new-africa-t4na-jovenes-lideres-para-una-nueva-africa\/#primaryimage"},"thumbnailUrl":"https:\/\/www.unitedworldproject.org\/wp-content\/uploads\/2025\/11\/Together-for-a-New-Africa-.jpg","inLanguage":"es"},{"@type":"WebPage","@id":"https:\/\/www.unitedworldproject.org\/es\/economia-trabajo\/together-for-a-new-africa-t4na-jovenes-lideres-para-una-nueva-africa\/","url":"https:\/\/www.unitedworldproject.org\/es\/economia-trabajo\/together-for-a-new-africa-t4na-jovenes-lideres-para-una-nueva-africa\/","name":"\u201cTogether for a New Africa\u201d (T4NA): j\u00f3venes l\u00edderes para una nueva \u00c1frica - United World Project","isPartOf":{"@id":"https:\/\/www.unitedworldproject.org\/es\/#website"},"primaryImageOfPage":{"@id":"https:\/\/www.unitedworldproject.org\/es\/economia-trabajo\/together-for-a-new-africa-t4na-jovenes-lideres-para-una-nueva-africa\/#primaryimage"},"image":{"@id":"https:\/\/www.unitedworldproject.org\/es\/economia-trabajo\/together-for-a-new-africa-t4na-jovenes-lideres-para-una-nueva-africa\/#primaryimage"},"thumbnailUrl":"https:\/\/www.unitedworldproject.org\/wp-content\/uploads\/2025\/11\/Together-for-a-New-Africa-.jpg","datePublished":"2025-05-05T04:30:57+00:00","dateModified":"2025-11-26T15:25:51+00:00","author":{"@id":"https:\/\/www.unitedworldproject.org\/es\/#\/schema\/person\/5e422fc57d77d69e6b4e36ac59a53201"},"breadcrumb":{"@id":"https:\/\/www.unitedworldproject.org\/es\/economia-trabajo\/together-for-a-new-africa-t4na-jovenes-lideres-para-una-nueva-africa\/#breadcrumb"},"inLanguage":"es","potentialAction":[{"@type":"ReadAction","target":["https:\/\/www.unitedworldproject.org\/es\/economia-trabajo\/together-for-a-new-africa-t4na-jovenes-lideres-para-una-nueva-africa\/"]}]},{"@type":"ImageObject","inLanguage":"es","@id":"https:\/\/www.unitedworldproject.org\/es\/economia-trabajo\/together-for-a-new-africa-t4na-jovenes-lideres-para-una-nueva-africa\/#primaryimage","url":"https:\/\/www.unitedworldproject.org\/wp-content\/uploads\/2025\/11\/Together-for-a-New-Africa-.jpg","contentUrl":"https:\/\/www.unitedworldproject.org\/wp-content\/uploads\/2025\/11\/Together-for-a-New-Africa-.jpg","width":912,"height":608,"caption":"Together for a New Africa"},{"@type":"BreadcrumbList","@id":"https:\/\/www.unitedworldproject.org\/es\/economia-trabajo\/together-for-a-new-africa-t4na-jovenes-lideres-para-una-nueva-africa\/#breadcrumb","itemListElement":[{"@type":"ListItem","position":1,"name":"Home","item":"https:\/\/www.unitedworldproject.org\/es\/"},{"@type":"ListItem","position":2,"name":"\u201cTogether for a New Africa\u201d (T4NA): j\u00f3venes l\u00edderes para una nueva \u00c1frica"}]},{"@type":"WebSite","@id":"https:\/\/www.unitedworldproject.org\/es\/#website","url":"https:\/\/www.unitedworldproject.org\/es\/","name":"United World Project","description":"Championing fraternity and collaboration worldwide","potentialAction":[{"@type":"SearchAction","target":{"@type":"EntryPoint","urlTemplate":"https:\/\/www.unitedworldproject.org\/es\/?s={search_term_string}"},"query-input":{"@type":"PropertyValueSpecification","valueRequired":true,"valueName":"search_term_string"}}],"inLanguage":"es"},{"@type":"Person","@id":"https:\/\/www.unitedworldproject.org\/es\/#\/schema\/person\/5e422fc57d77d69e6b4e36ac59a53201","name":"anita","image":{"@type":"ImageObject","inLanguage":"es","@id":"https:\/\/secure.gravatar.com\/avatar\/6949a15dd913b50588eec00981bd52d8c6ac8351a258558d372496c670e4ff2c?s=96&d=mm&r=g","url":"https:\/\/secure.gravatar.com\/avatar\/6949a15dd913b50588eec00981bd52d8c6ac8351a258558d372496c670e4ff2c?s=96&d=mm&r=g","contentUrl":"https:\/\/secure.gravatar.com\/avatar\/6949a15dd913b50588eec00981bd52d8c6ac8351a258558d372496c670e4ff2c?s=96&d=mm&r=g","caption":"anita"},"url":"https:\/\/www.unitedworldproject.org\/es\/author\/anita\/"}]}},"_links":{"self":[{"href":"https:\/\/www.unitedworldproject.org\/es\/wp-json\/wp\/v2\/posts\/74332","targetHints":{"allow":["GET"]}}],"collection":[{"href":"https:\/\/www.unitedworldproject.org\/es\/wp-json\/wp\/v2\/posts"}],"about":[{"href":"https:\/\/www.unitedworldproject.org\/es\/wp-json\/wp\/v2\/types\/post"}],"author":[{"embeddable":true,"href":"https:\/\/www.unitedworldproject.org\/es\/wp-json\/wp\/v2\/users\/2"}],"replies":[{"embeddable":true,"href":"https:\/\/www.unitedworldproject.org\/es\/wp-json\/wp\/v2\/comments?post=74332"}],"version-history":[{"count":1,"href":"https:\/\/www.unitedworldproject.org\/es\/wp-json\/wp\/v2\/posts\/74332\/revisions"}],"predecessor-version":[{"id":74333,"href":"https:\/\/www.unitedworldproject.org\/es\/wp-json\/wp\/v2\/posts\/74332\/revisions\/74333"}],"wp:featuredmedia":[{"embeddable":true,"href":"https:\/\/www.unitedworldproject.org\/es\/wp-json\/wp\/v2\/media\/68978"}],"wp:attachment":[{"href":"https:\/\/www.unitedworldproject.org\/es\/wp-json\/wp\/v2\/media?parent=74332"}],"wp:term":[{"taxonomy":"category","embeddable":true,"href":"https:\/\/www.unitedworldproject.org\/es\/wp-json\/wp\/v2\/categories?post=74332"},{"taxonomy":"post_tag","embeddable":true,"href":"https:\/\/www.unitedworldproject.org\/es\/wp-json\/wp\/v2\/tags?post=74332"}],"curies":[{"name":"wp","href":"https:\/\/api.w.org\/{rel}","templated":true}]}}