{"id":79163,"date":"2026-09-03T23:36:06","date_gmt":"2026-09-03T21:36:06","guid":{"rendered":"https:\/\/www.unitedworldproject.org\/?p=79163"},"modified":"2026-09-04T00:13:42","modified_gmt":"2026-09-03T22:13:42","slug":"together-to-care-una-hoja-de-ruta-para-construir-un-futuro-mas-justo-y-sostenible","status":"publish","type":"post","link":"https:\/\/www.unitedworldproject.org\/es\/paz-derechos-humanos\/together-to-care-una-hoja-de-ruta-para-construir-un-futuro-mas-justo-y-sostenible\/","title":{"rendered":"Together to Care: una hoja de ruta para construir un futuro m\u00e1s justo y sostenible"},"content":{"rendered":"<p><em>Together to Care (Juntos para Cuidar) es un documento que recoge experiencias, proyectos y buenas pr\u00e1cticas de todo el mundo que demuestran el compromiso de los j\u00f3venes con el cuidado de las personas, el planeta y el bien com\u00fan.<\/em><\/p>\n<p>La publicaci\u00f3n del documento <strong><em>Together to Care: for our human family and our common home<\/em><\/strong> (Juntos para Cuidar: por nuestra familia humana y nuestra casa com\u00fan), transmite una belleza que infunde fuerza y \u200b\u200besperanza. Producido por <strong>J\u00f3venes por un Mundo Unido del Movimiento de los Focolares (Y4UW, uno de los promotores del United World Project<\/strong>), el documento informa sobre el trabajo de estos j\u00f3venes junto con la <strong>ONG New Humanity<\/strong> y el mismo <strong>Movimiento de los Focolares<\/strong>, aproximadamente un a\u00f1o despu\u00e9s de Genfest 2024, que reuni\u00f3 a m\u00e1s de 6000 j\u00f3venes por un mundo unido en Brasil. Este evento impuls\u00f3 muchas de las iniciativas descritas en el documento<strong> <em>Together to Care.<\/em><\/strong><\/p>\n<p><strong>Con <em>Together to Care<\/em>, J\u00f3venes por un Mundo Unido reafirma su compromiso con la paz, la fraternidad universal, la dignidad humana y el cuidado de la naturaleza<\/strong>. Comienzan agradeciendo, como ya expresaron en una carta de octubre de 2024, al Secretario General de las Naciones Unidas, Ant\u00f3nio Guterres, por su compromiso con la juventud y su liderazgo para abordar los desaf\u00edos globales.<\/p>\n<p>En las Naciones Unidas, donde Y4UW se siente respaldada, estos j\u00f3venes reafirman su deseo de contribuir. Se unen a ellas para construir un mundo m\u00e1s sostenible, equitativo y pac\u00edfico, de acuerdo con las visiones expresadas en el Pacto por el Futuro (Resoluci\u00f3n A\/RES\/79\/1) y la Declaraci\u00f3n sobre las Futuras Generaciones.<\/p>\n<p><strong><em>Together to Care<\/em><\/strong> tambi\u00e9n nos habla de las comunidades locales de todo el mundo y de la red global e intergeneracional de personas vinculadas al Movimiento de los Focolares. En diversos contextos, estas comunidades viven y trabajan por el bien com\u00fan<strong>, inspiradas por la Regla de Oro: \u201cTrata a los dem\u00e1s como quieres que te traten a ti\u201d<\/strong>.<\/p>\n<h2>Las tres secciones de Together to Care y las palabras de Chiara Lubich<\/h2>\n<p>El documento <strong><em>Together to Care<\/em><\/strong> se divide en tres secciones: <strong>Trabajar juntos, Construir juntos y So\u00f1ar juntos<\/strong>. As\u00ed estructurado, <strong>muestra c\u00f3mo, en todo el mundo, muchas personas ya est\u00e1n comprometidas con la construcci\u00f3n de un mundo unido, de diferentes maneras<\/strong>. Cada comunidad, se nos dice, aborda necesidades concretas, valorando talentos y habilidades, con la convicci\u00f3n de que el amor fraterno es la respuesta a los desaf\u00edos del mundo actual.<\/p>\n<figure id=\"attachment_79149\" aria-describedby=\"caption-attachment-79149\" style=\"width: 1024px\" class=\"wp-caption alignnone\"><img loading=\"lazy\" decoding=\"async\" class=\"size-large wp-image-79149\" src=\"https:\/\/www.unitedworldproject.org\/wp-content\/uploads\/2026\/09\/Together-to-Care-1024x576.png\" alt=\"Together to Care\" width=\"1024\" height=\"576\" srcset=\"https:\/\/www.unitedworldproject.org\/wp-content\/uploads\/2026\/09\/Together-to-Care-1024x576.png 1024w, https:\/\/www.unitedworldproject.org\/wp-content\/uploads\/2026\/09\/Together-to-Care-300x169.png 300w, https:\/\/www.unitedworldproject.org\/wp-content\/uploads\/2026\/09\/Together-to-Care-768x432.png 768w, https:\/\/www.unitedworldproject.org\/wp-content\/uploads\/2026\/09\/Together-to-Care.png 1200w\" sizes=\"auto, (max-width: 1024px) 100vw, 1024px\" \/><figcaption id=\"caption-attachment-79149\" class=\"wp-caption-text\">Together to Care<\/figcaption><\/figure>\n<p>Chiara Lubich, fundadora del Movimiento de los Focolares, dijo: \u00abEs partiendo de peque\u00f1os problemas locales como se forma una conciencia moral capaz de abordar los problemas globales\u00bb.<\/p>\n<h2>El Trabajo de las communities<\/h2>\n<p>La secci\u00f3n \u201cTrabajemos Juntos para Cuidar\u201d del documento <a href=\"https:\/\/www.unitedworldproject.org\/es\/united-world-community\/\">describe las iniciativas de Comunidades Mundiales Unidas, uno de los pilares del Proyecto Mundo Unido<\/a>. Lanzada durante Genfest 2024, esta iniciativa re\u00fane a miembros de Y4UW y Humanidad Nueva en una red global que abarca los cinco continentes. Esta red opera en ocho \u00e1reas esenciales de la vida humana:<\/p>\n<ul>\n<li>Econom\u00eda y Trabajo<\/li>\n<li>Interculturalidad y Di\u00e1logo<\/li>\n<li>Paz y Derechos Humanos<\/li>\n<li>Salud, Deportes y Ecolog\u00eda<\/li>\n<li>Arte y Compromiso Social<\/li>\n<li>Educaci\u00f3n e Investigaci\u00f3n<\/li>\n<li>Comunicaci\u00f3n y Medios de Comunicaci\u00f3n<\/li>\n<li>Ciudadan\u00eda Activa y Pol\u00edtica<\/li>\n<\/ul>\n<p>Las communities ofrecen la oportunidad de contribuir a un mundo m\u00e1s unido, fraterno y sostenible, aprovechando las pasiones, los talentos y las inclinaciones personales. El trabajo de las comunidades une diferentes culturas, creencias y generaciones, promoviendo un cambio real que parte de las realidades locales.<\/p>\n<h2>Identidad y Objetivos de las Ocho Communities<\/h2>\n<p><strong>La Comunidad de Econom\u00eda y Trabajo<\/strong> promueve <strong>una econom\u00eda justa y sostenible<\/strong> que valora a las personas y al planeta, con iniciativas de trabajo digno e inclusi\u00f3n social. El documento menciona a Liber\u00f9 dae sa Gherra, una asociaci\u00f3n de Cerde\u00f1a (Italia) que promueve la econom\u00eda neg\u00e1ndose a producir armas.<\/p>\n<p>La <strong>Comunidad de<\/strong> <strong>Interculturalidad y Di\u00e1logo<\/strong> promueve encuentros entre personas de diferentes culturas, religiones y tradiciones, fomentando <strong>la comprensi\u00f3n mutua, la cooperaci\u00f3n y la construcci\u00f3n de sociedades inclusivas<\/strong>.<\/p>\n<p>La Comunidad de <strong>Paz y Derechos Humanos <\/strong>trabaja para promover <strong>la justicia, la reconciliaci\u00f3n y el respeto a la dignidad de cada persona<\/strong>.<\/p>\n<p>La <strong>Comunidad de<\/strong> <strong>Salud, Deporte y Ecolog\u00eda<\/strong> promueve un estilo de vida saludable y sostenible, reconociendo la profunda <strong>conexi\u00f3n entre el bienestar personal, las relaciones sociales y la protecci\u00f3n del medio ambiente<\/strong>. A trav\u00e9s de actividades deportivas, programas de salud preventiva y proyectos ambientales, fomenta un comportamiento responsable hacia uno mismo, los dem\u00e1s y el planeta.<\/p>\n<p>La <strong>Comunidad de<\/strong> <strong>Arte y Compromiso Social<\/strong> valora el poder expresivo de las <strong>artes como herramienta para la transformaci\u00f3n personal y colectiva<\/strong>. La m\u00fasica, el teatro, las artes visuales y otras formas creativas se utilizan para generar conciencia sobre temas sociales, fomentar la inclusi\u00f3n y dar voz a las experiencias de la comunidad.<\/p>\n<p>La <strong>Comunidad de<\/strong> <strong>Educaci\u00f3n e Investigaci\u00f3n<\/strong> promueve programas de capacitaci\u00f3n y proyectos de estudio <strong>orientados al desarrollo humano integral<\/strong>.<\/p>\n<p>La <strong>Comunidad de<\/strong> <strong>Comunicaci\u00f3n y Medios<\/strong> trabaja para fomentar una cultura de <strong>informaci\u00f3n \u00e9tica, responsable y participativa<\/strong>. Mediante talleres de periodismo, plataformas digitales y proyectos editoriales, se capacita a j\u00f3venes para utilizar los medios como herramientas para el di\u00e1logo, la verdad y la construcci\u00f3n de la paz.<\/p>\n<p>Finalmente, la <strong>Comunidad de Ciudadan\u00eda Activa y Pol\u00edtica<\/strong> fomenta la participaci\u00f3n responsable <strong>en la vida p\u00fablica y los procesos de toma de decisiones<\/strong>. Promueve la participaci\u00f3n de los j\u00f3venes en instituciones locales y nacionales, el di\u00e1logo con los responsables pol\u00edticos y el desarrollo de un liderazgo orientado al servicio. La acci\u00f3n pol\u00edtica se entiende como una expresi\u00f3n de responsabilidad compartida por el bien com\u00fan.<\/p>\n<h2>\u201cConstruir Juntos para Cuidar\u201d<\/h2>\n<p>El documento <strong><em>Toghether to Care<\/em><\/strong> tambi\u00e9n aborda la secci\u00f3n \u201cConstruir\u201d, que presenta las principales iniciativas internacionales promovidas para fortalecer el di\u00e1logo, la cooperaci\u00f3n y la formaci\u00f3n de redes globales comprometidas con la construcci\u00f3n de un mundo m\u00e1s justo y sostenible.<\/p>\n<p>Entre ellas se encuentra el <strong>\u201cCongreso Internacional sobre Sostenibilidad Relacional\u201d<\/strong>, celebrado simult\u00e1neamente en Roma, Italia, y C\u00f3rdoba, Argentina, en octubre de 2024, que reuni\u00f3 a acad\u00e9micos, trabajadores sociales y j\u00f3venes de diversos or\u00edgenes culturales.<\/p>\n<p><strong>\u201cCiudades, Comunidades, Cuidado: J\u00f3venes en Acci\u00f3n para la Paz Sostenible\u201d,<\/strong> celebrado en Nairobi, Kenia, tambi\u00e9n se concibi\u00f3 como una contribuci\u00f3n significativa al 80.\u00ba aniversario de las Naciones Unidas. El evento internacional, que tuvo lugar del 10 al 12 de noviembre de 2025, reuni\u00f3 a 200 j\u00f3venes agentes de cambio de \u00c1frica y otros continentes.<\/p>\n<p>Otro evento importante fue <strong>\u201cFomentando la Esperanza: Esperanza Compartida por la Justicia Clim\u00e1tica\u201d,<\/strong> celebrado en Castel Gandolfo, Italia. La reuni\u00f3n, dedicada al tema de la justicia clim\u00e1tica, se llev\u00f3 a cabo en el marco de las celebraciones del d\u00e9cimo aniversario de la enc\u00edclica Laudato Si&#8217;, brindando un espacio para la reflexi\u00f3n, el di\u00e1logo y el compromiso compartido con la protecci\u00f3n de la creaci\u00f3n.<\/p>\n<p>Otro momento valioso fue el <strong>\u00abProyecto Amazon\u00eda Viva: Un Camino hacia la COP30\u00bb<\/strong> en Bel\u00e9m, Brasil. Este proyecto representa un acompa\u00f1amiento hacia la Conferencia de las Partes COP30 y se divide en tres \u00e1reas principales de intervenci\u00f3n: promover el liderazgo comunitario, impulsar el emprendimiento comunitario y dar mayor visibilidad a las voces amaz\u00f3nicas a trav\u00e9s de foros y redes.<\/p>\n<p>Otra iniciativa destacable fue el encuentro <strong>\u00abBanzeiro en la Maloca Ecum\u00e9nica: El Buen Vivir Amaz\u00f3nico\u00bb, <\/strong>organizado con diversos socios e inspirado en Laudato Si&#8217;, con el objetivo de promover el di\u00e1logo interreligioso, el intercambio cultural y la reflexi\u00f3n sobre la resiliencia econ\u00f3mica y la justicia clim\u00e1tica.<\/p>\n<p>Finalmente, se present\u00f3 <strong>\u00abUna Humanidad, Un Planeta: Liderazgo Sinodal\u00bb,<\/strong> un programa internacional concebido como un laboratorio global para la formaci\u00f3n pol\u00edtica y social.<\/p>\n<h2>\u201cSo\u00f1ar Juntos para Cuidar\u201d<\/h2>\n<p>La tercera secci\u00f3n del documento Together to Care se titula \u201cSo\u00f1ar\u201d o \u201cMirando al Futuro: Hacia la Sostenibilidad Relacional\u201d. Esta secci\u00f3n reafirma el compromiso de reconocer la sostenibilidad relacional como un principio central del bien com\u00fan y de establecer un Foro de la Juventud de alto nivel de la ONU.<\/p>\n<p>El documento reconoce las dificultades del actual orden institucional internacional, marcado por la guerra, el hambre, el cambio clim\u00e1tico y las violaciones sistem\u00e1ticas de los derechos humanos. Ante estos desaf\u00edos, se reafirma la importancia del di\u00e1logo, la responsabilidad y el compromiso personal y profesional de cada individuo. El documento <strong>expresa el deseo de contribuir a un multilateralismo \u201cdesde abajo\u201d, basado en la acci\u00f3n de la sociedad civil, los movimientos y las ONG<\/strong>.<\/p>\n<h2>Conclusiones de Together to care<\/h2>\n<p>El documento reafirma el compromiso de J\u00f3venes por un Mundo Unido, con el apoyo de Humanidad Nueva y el Movimiento Pol\u00edtico por la Unidad, a trav\u00e9s del Proyecto Mundo Unido, en un contexto marcado por desaf\u00edos complejos.<\/p>\n<p><strong><em>Together to Care<\/em><\/strong> subraya que la teor\u00eda no basta: el cambio real surge de la acci\u00f3n conjunta de personas, comunidades e instituciones.<\/p>\n<p><strong>Las experiencias, proyectos y alianzas intergeneracionales presentadas demuestran que un mundo unido no solo es posible, sino que ya es una realidad<\/strong>. Cada iniciativa de Communities Mundiales Unidas contribuye a la creaci\u00f3n de sociedades resilientes, inclusivas y vitales.<\/p>\n<h3><a href=\"https:\/\/www.unitedworldproject.org\/wp-content\/uploads\/2026\/09\/Together-to-care-report-2025-Digital.pdf\" target=\"_blank\" rel=\"noopener\">Lee el documento completo aqu\u00ed<\/a><\/h3>\n","protected":false},"excerpt":{"rendered":"<p>Together to Care (Juntos para Cuidar) es un documento que recoge experiencias, proyectos y buenas pr\u00e1cticas de todo el mundo que demuestran el compromiso de los j\u00f3venes con el cuidado de las personas, el planeta y el bien com\u00fan.<\/p>\n","protected":false},"author":2,"featured_media":79161,"comment_status":"closed","ping_status":"open","sticky":false,"template":"","format":"standard","meta":{"_acf_changed":false,"footnotes":""},"categories":[117],"tags":[],"class_list":["post-79163","post","type-post","status-publish","format-standard","has-post-thumbnail","hentry","category-paz-derechos-humanos"],"acf":[],"yoast_head":"<!-- This site is optimized with the Yoast SEO plugin v28.4 - https:\/\/yoast.com\/product\/yoast-seo-wordpress\/ -->\n<title>Together to Care: una hoja de ruta para construir un futuro m\u00e1s justo y sostenible - United World Project<\/title>\n<meta name=\"description\" content=\"Together to Care (Juntos para Cuidar) es un documento que recoge experiencias, proyectos y buenas pr\u00e1cticas de todo el mundo que demuestran el compromiso de los j\u00f3venes con el cuidado de las personas, el planeta y el bien com\u00fan.\" \/>\n<meta name=\"robots\" content=\"index, follow, max-snippet:-1, max-image-preview:large, max-video-preview:-1\" \/>\n<link rel=\"canonical\" href=\"https:\/\/www.unitedworldproject.org\/es\/paz-derechos-humanos\/together-to-care-una-hoja-de-ruta-para-construir-un-futuro-mas-justo-y-sostenible\/\" \/>\n<meta property=\"og:locale\" content=\"es_ES\" \/>\n<meta property=\"og:type\" content=\"article\" \/>\n<meta property=\"og:title\" content=\"Together to Care: una hoja de ruta para construir un futuro m\u00e1s justo y sostenible - United World Project\" \/>\n<meta property=\"og:description\" content=\"Together to Care (Juntos para Cuidar) es un documento que recoge experiencias, proyectos y buenas pr\u00e1cticas de todo el mundo que demuestran el compromiso de los j\u00f3venes con el cuidado de las personas, el planeta y el bien com\u00fan.\" \/>\n<meta property=\"og:url\" content=\"https:\/\/www.unitedworldproject.org\/es\/paz-derechos-humanos\/together-to-care-una-hoja-de-ruta-para-construir-un-futuro-mas-justo-y-sostenible\/\" \/>\n<meta property=\"og:site_name\" content=\"United World Project\" \/>\n<meta property=\"article:published_time\" content=\"2026-09-03T21:36:06+00:00\" \/>\n<meta property=\"article:modified_time\" content=\"2026-09-03T22:13:42+00:00\" \/>\n<meta property=\"og:image\" content=\"https:\/\/www.unitedworldproject.org\/wp-content\/uploads\/2026\/09\/Alexander-Grey-Together-to-Care.png\" \/>\n\t<meta property=\"og:image:width\" content=\"1200\" \/>\n\t<meta property=\"og:image:height\" content=\"675\" \/>\n\t<meta property=\"og:image:type\" content=\"image\/png\" \/>\n<meta name=\"author\" content=\"anita\" \/>\n<meta name=\"twitter:card\" content=\"summary_large_image\" \/>\n<meta name=\"twitter:label1\" content=\"Escrito por\" \/>\n\t<meta name=\"twitter:data1\" content=\"anita\" \/>\n\t<meta name=\"twitter:label2\" content=\"Tiempo de lectura\" \/>\n\t<meta name=\"twitter:data2\" content=\"7 minutos\" \/>\n<script type=\"application\/ld+json\" class=\"yoast-schema-graph\">{\"@context\":\"https:\\\/\\\/schema.org\",\"@graph\":[{\"@type\":\"Article\",\"@id\":\"https:\\\/\\\/www.unitedworldproject.org\\\/es\\\/paz-derechos-humanos\\\/together-to-care-una-hoja-de-ruta-para-construir-un-futuro-mas-justo-y-sostenible\\\/#article\",\"isPartOf\":{\"@id\":\"https:\\\/\\\/www.unitedworldproject.org\\\/es\\\/paz-derechos-humanos\\\/together-to-care-una-hoja-de-ruta-para-construir-un-futuro-mas-justo-y-sostenible\\\/\"},\"author\":{\"name\":\"anita\",\"@id\":\"https:\\\/\\\/www.unitedworldproject.org\\\/es\\\/#\\\/schema\\\/person\\\/5e422fc57d77d69e6b4e36ac59a53201\"},\"headline\":\"Together to Care: una hoja de ruta para construir un futuro m\u00e1s justo y sostenible\",\"datePublished\":\"2026-09-03T21:36:06+00:00\",\"dateModified\":\"2026-09-03T22:13:42+00:00\",\"mainEntityOfPage\":{\"@id\":\"https:\\\/\\\/www.unitedworldproject.org\\\/es\\\/paz-derechos-humanos\\\/together-to-care-una-hoja-de-ruta-para-construir-un-futuro-mas-justo-y-sostenible\\\/\"},\"wordCount\":1626,\"image\":{\"@id\":\"https:\\\/\\\/www.unitedworldproject.org\\\/es\\\/paz-derechos-humanos\\\/together-to-care-una-hoja-de-ruta-para-construir-un-futuro-mas-justo-y-sostenible\\\/#primaryimage\"},\"thumbnailUrl\":\"https:\\\/\\\/www.unitedworldproject.org\\\/wp-content\\\/uploads\\\/2026\\\/09\\\/Alexander-Grey-Together-to-Care.png\",\"articleSection\":[\"Paz y Derechos Humanos\"],\"inLanguage\":\"es\"},{\"@type\":\"WebPage\",\"@id\":\"https:\\\/\\\/www.unitedworldproject.org\\\/es\\\/paz-derechos-humanos\\\/together-to-care-una-hoja-de-ruta-para-construir-un-futuro-mas-justo-y-sostenible\\\/\",\"url\":\"https:\\\/\\\/www.unitedworldproject.org\\\/es\\\/paz-derechos-humanos\\\/together-to-care-una-hoja-de-ruta-para-construir-un-futuro-mas-justo-y-sostenible\\\/\",\"name\":\"Together to Care: una hoja de ruta para construir un futuro m\u00e1s justo y sostenible - United World Project\",\"isPartOf\":{\"@id\":\"https:\\\/\\\/www.unitedworldproject.org\\\/es\\\/#website\"},\"primaryImageOfPage\":{\"@id\":\"https:\\\/\\\/www.unitedworldproject.org\\\/es\\\/paz-derechos-humanos\\\/together-to-care-una-hoja-de-ruta-para-construir-un-futuro-mas-justo-y-sostenible\\\/#primaryimage\"},\"image\":{\"@id\":\"https:\\\/\\\/www.unitedworldproject.org\\\/es\\\/paz-derechos-humanos\\\/together-to-care-una-hoja-de-ruta-para-construir-un-futuro-mas-justo-y-sostenible\\\/#primaryimage\"},\"thumbnailUrl\":\"https:\\\/\\\/www.unitedworldproject.org\\\/wp-content\\\/uploads\\\/2026\\\/09\\\/Alexander-Grey-Together-to-Care.png\",\"datePublished\":\"2026-09-03T21:36:06+00:00\",\"dateModified\":\"2026-09-03T22:13:42+00:00\",\"author\":{\"@id\":\"https:\\\/\\\/www.unitedworldproject.org\\\/es\\\/#\\\/schema\\\/person\\\/5e422fc57d77d69e6b4e36ac59a53201\"},\"description\":\"Together to Care (Juntos para Cuidar) es un documento que recoge experiencias, proyectos y buenas pr\u00e1cticas de todo el mundo que demuestran el compromiso de los j\u00f3venes con el cuidado de las personas, el planeta y el bien com\u00fan.\",\"breadcrumb\":{\"@id\":\"https:\\\/\\\/www.unitedworldproject.org\\\/es\\\/paz-derechos-humanos\\\/together-to-care-una-hoja-de-ruta-para-construir-un-futuro-mas-justo-y-sostenible\\\/#breadcrumb\"},\"inLanguage\":\"es\",\"potentialAction\":[{\"@type\":\"ReadAction\",\"target\":[\"https:\\\/\\\/www.unitedworldproject.org\\\/es\\\/paz-derechos-humanos\\\/together-to-care-una-hoja-de-ruta-para-construir-un-futuro-mas-justo-y-sostenible\\\/\"]}]},{\"@type\":\"ImageObject\",\"inLanguage\":\"es\",\"@id\":\"https:\\\/\\\/www.unitedworldproject.org\\\/es\\\/paz-derechos-humanos\\\/together-to-care-una-hoja-de-ruta-para-construir-un-futuro-mas-justo-y-sostenible\\\/#primaryimage\",\"url\":\"https:\\\/\\\/www.unitedworldproject.org\\\/wp-content\\\/uploads\\\/2026\\\/09\\\/Alexander-Grey-Together-to-Care.png\",\"contentUrl\":\"https:\\\/\\\/www.unitedworldproject.org\\\/wp-content\\\/uploads\\\/2026\\\/09\\\/Alexander-Grey-Together-to-Care.png\",\"width\":1200,\"height\":675,\"caption\":\"Alexander Grey - Together to Care\"},{\"@type\":\"BreadcrumbList\",\"@id\":\"https:\\\/\\\/www.unitedworldproject.org\\\/es\\\/paz-derechos-humanos\\\/together-to-care-una-hoja-de-ruta-para-construir-un-futuro-mas-justo-y-sostenible\\\/#breadcrumb\",\"itemListElement\":[{\"@type\":\"ListItem\",\"position\":1,\"name\":\"Home\",\"item\":\"https:\\\/\\\/www.unitedworldproject.org\\\/es\\\/\"},{\"@type\":\"ListItem\",\"position\":2,\"name\":\"Together to Care: una hoja de ruta para construir un futuro m\u00e1s justo y sostenible\"}]},{\"@type\":\"WebSite\",\"@id\":\"https:\\\/\\\/www.unitedworldproject.org\\\/es\\\/#website\",\"url\":\"https:\\\/\\\/www.unitedworldproject.org\\\/es\\\/\",\"name\":\"United World Project\",\"description\":\"Championing fraternity and collaboration worldwide\",\"potentialAction\":[{\"@type\":\"SearchAction\",\"target\":{\"@type\":\"EntryPoint\",\"urlTemplate\":\"https:\\\/\\\/www.unitedworldproject.org\\\/es\\\/?s={search_term_string}\"},\"query-input\":{\"@type\":\"PropertyValueSpecification\",\"valueRequired\":true,\"valueName\":\"search_term_string\"}}],\"inLanguage\":\"es\"},{\"@type\":\"Person\",\"@id\":\"https:\\\/\\\/www.unitedworldproject.org\\\/es\\\/#\\\/schema\\\/person\\\/5e422fc57d77d69e6b4e36ac59a53201\",\"name\":\"anita\",\"image\":{\"@type\":\"ImageObject\",\"inLanguage\":\"es\",\"@id\":\"https:\\\/\\\/secure.gravatar.com\\\/avatar\\\/6949a15dd913b50588eec00981bd52d8c6ac8351a258558d372496c670e4ff2c?s=96&d=mm&r=g\",\"url\":\"https:\\\/\\\/secure.gravatar.com\\\/avatar\\\/6949a15dd913b50588eec00981bd52d8c6ac8351a258558d372496c670e4ff2c?s=96&d=mm&r=g\",\"contentUrl\":\"https:\\\/\\\/secure.gravatar.com\\\/avatar\\\/6949a15dd913b50588eec00981bd52d8c6ac8351a258558d372496c670e4ff2c?s=96&d=mm&r=g\",\"caption\":\"anita\"},\"url\":\"https:\\\/\\\/www.unitedworldproject.org\\\/es\\\/author\\\/anita\\\/\"}]}<\/script>\n<!-- \/ Yoast SEO plugin. -->","yoast_head_json":{"title":"Together to Care: una hoja de ruta para construir un futuro m\u00e1s justo y sostenible - United World Project","description":"Together to Care (Juntos para Cuidar) es un documento que recoge experiencias, proyectos y buenas pr\u00e1cticas de todo el mundo que demuestran el compromiso de los j\u00f3venes con el cuidado de las personas, el planeta y el bien com\u00fan.","robots":{"index":"index","follow":"follow","max-snippet":"max-snippet:-1","max-image-preview":"max-image-preview:large","max-video-preview":"max-video-preview:-1"},"canonical":"https:\/\/www.unitedworldproject.org\/es\/paz-derechos-humanos\/together-to-care-una-hoja-de-ruta-para-construir-un-futuro-mas-justo-y-sostenible\/","og_locale":"es_ES","og_type":"article","og_title":"Together to Care: una hoja de ruta para construir un futuro m\u00e1s justo y sostenible - United World Project","og_description":"Together to Care (Juntos para Cuidar) es un documento que recoge experiencias, proyectos y buenas pr\u00e1cticas de todo el mundo que demuestran el compromiso de los j\u00f3venes con el cuidado de las personas, el planeta y el bien com\u00fan.","og_url":"https:\/\/www.unitedworldproject.org\/es\/paz-derechos-humanos\/together-to-care-una-hoja-de-ruta-para-construir-un-futuro-mas-justo-y-sostenible\/","og_site_name":"United World Project","article_published_time":"2026-09-03T21:36:06+00:00","article_modified_time":"2026-09-03T22:13:42+00:00","og_image":[{"width":1200,"height":675,"url":"https:\/\/www.unitedworldproject.org\/wp-content\/uploads\/2026\/09\/Alexander-Grey-Together-to-Care.png","type":"image\/png"}],"author":"anita","twitter_card":"summary_large_image","twitter_misc":{"Escrito por":"anita","Tiempo de lectura":"7 minutos"},"schema":{"@context":"https:\/\/schema.org","@graph":[{"@type":"Article","@id":"https:\/\/www.unitedworldproject.org\/es\/paz-derechos-humanos\/together-to-care-una-hoja-de-ruta-para-construir-un-futuro-mas-justo-y-sostenible\/#article","isPartOf":{"@id":"https:\/\/www.unitedworldproject.org\/es\/paz-derechos-humanos\/together-to-care-una-hoja-de-ruta-para-construir-un-futuro-mas-justo-y-sostenible\/"},"author":{"name":"anita","@id":"https:\/\/www.unitedworldproject.org\/es\/#\/schema\/person\/5e422fc57d77d69e6b4e36ac59a53201"},"headline":"Together to Care: una hoja de ruta para construir un futuro m\u00e1s justo y sostenible","datePublished":"2026-09-03T21:36:06+00:00","dateModified":"2026-09-03T22:13:42+00:00","mainEntityOfPage":{"@id":"https:\/\/www.unitedworldproject.org\/es\/paz-derechos-humanos\/together-to-care-una-hoja-de-ruta-para-construir-un-futuro-mas-justo-y-sostenible\/"},"wordCount":1626,"image":{"@id":"https:\/\/www.unitedworldproject.org\/es\/paz-derechos-humanos\/together-to-care-una-hoja-de-ruta-para-construir-un-futuro-mas-justo-y-sostenible\/#primaryimage"},"thumbnailUrl":"https:\/\/www.unitedworldproject.org\/wp-content\/uploads\/2026\/09\/Alexander-Grey-Together-to-Care.png","articleSection":["Paz y Derechos Humanos"],"inLanguage":"es"},{"@type":"WebPage","@id":"https:\/\/www.unitedworldproject.org\/es\/paz-derechos-humanos\/together-to-care-una-hoja-de-ruta-para-construir-un-futuro-mas-justo-y-sostenible\/","url":"https:\/\/www.unitedworldproject.org\/es\/paz-derechos-humanos\/together-to-care-una-hoja-de-ruta-para-construir-un-futuro-mas-justo-y-sostenible\/","name":"Together to Care: una hoja de ruta para construir un futuro m\u00e1s justo y sostenible - United World Project","isPartOf":{"@id":"https:\/\/www.unitedworldproject.org\/es\/#website"},"primaryImageOfPage":{"@id":"https:\/\/www.unitedworldproject.org\/es\/paz-derechos-humanos\/together-to-care-una-hoja-de-ruta-para-construir-un-futuro-mas-justo-y-sostenible\/#primaryimage"},"image":{"@id":"https:\/\/www.unitedworldproject.org\/es\/paz-derechos-humanos\/together-to-care-una-hoja-de-ruta-para-construir-un-futuro-mas-justo-y-sostenible\/#primaryimage"},"thumbnailUrl":"https:\/\/www.unitedworldproject.org\/wp-content\/uploads\/2026\/09\/Alexander-Grey-Together-to-Care.png","datePublished":"2026-09-03T21:36:06+00:00","dateModified":"2026-09-03T22:13:42+00:00","author":{"@id":"https:\/\/www.unitedworldproject.org\/es\/#\/schema\/person\/5e422fc57d77d69e6b4e36ac59a53201"},"description":"Together to Care (Juntos para Cuidar) es un documento que recoge experiencias, proyectos y buenas pr\u00e1cticas de todo el mundo que demuestran el compromiso de los j\u00f3venes con el cuidado de las personas, el planeta y el bien com\u00fan.","breadcrumb":{"@id":"https:\/\/www.unitedworldproject.org\/es\/paz-derechos-humanos\/together-to-care-una-hoja-de-ruta-para-construir-un-futuro-mas-justo-y-sostenible\/#breadcrumb"},"inLanguage":"es","potentialAction":[{"@type":"ReadAction","target":["https:\/\/www.unitedworldproject.org\/es\/paz-derechos-humanos\/together-to-care-una-hoja-de-ruta-para-construir-un-futuro-mas-justo-y-sostenible\/"]}]},{"@type":"ImageObject","inLanguage":"es","@id":"https:\/\/www.unitedworldproject.org\/es\/paz-derechos-humanos\/together-to-care-una-hoja-de-ruta-para-construir-un-futuro-mas-justo-y-sostenible\/#primaryimage","url":"https:\/\/www.unitedworldproject.org\/wp-content\/uploads\/2026\/09\/Alexander-Grey-Together-to-Care.png","contentUrl":"https:\/\/www.unitedworldproject.org\/wp-content\/uploads\/2026\/09\/Alexander-Grey-Together-to-Care.png","width":1200,"height":675,"caption":"Alexander Grey - Together to Care"},{"@type":"BreadcrumbList","@id":"https:\/\/www.unitedworldproject.org\/es\/paz-derechos-humanos\/together-to-care-una-hoja-de-ruta-para-construir-un-futuro-mas-justo-y-sostenible\/#breadcrumb","itemListElement":[{"@type":"ListItem","position":1,"name":"Home","item":"https:\/\/www.unitedworldproject.org\/es\/"},{"@type":"ListItem","position":2,"name":"Together to Care: una hoja de ruta para construir un futuro m\u00e1s justo y sostenible"}]},{"@type":"WebSite","@id":"https:\/\/www.unitedworldproject.org\/es\/#website","url":"https:\/\/www.unitedworldproject.org\/es\/","name":"United World Project","description":"Championing fraternity and collaboration worldwide","potentialAction":[{"@type":"SearchAction","target":{"@type":"EntryPoint","urlTemplate":"https:\/\/www.unitedworldproject.org\/es\/?s={search_term_string}"},"query-input":{"@type":"PropertyValueSpecification","valueRequired":true,"valueName":"search_term_string"}}],"inLanguage":"es"},{"@type":"Person","@id":"https:\/\/www.unitedworldproject.org\/es\/#\/schema\/person\/5e422fc57d77d69e6b4e36ac59a53201","name":"anita","image":{"@type":"ImageObject","inLanguage":"es","@id":"https:\/\/secure.gravatar.com\/avatar\/6949a15dd913b50588eec00981bd52d8c6ac8351a258558d372496c670e4ff2c?s=96&d=mm&r=g","url":"https:\/\/secure.gravatar.com\/avatar\/6949a15dd913b50588eec00981bd52d8c6ac8351a258558d372496c670e4ff2c?s=96&d=mm&r=g","contentUrl":"https:\/\/secure.gravatar.com\/avatar\/6949a15dd913b50588eec00981bd52d8c6ac8351a258558d372496c670e4ff2c?s=96&d=mm&r=g","caption":"anita"},"url":"https:\/\/www.unitedworldproject.org\/es\/author\/anita\/"}]}},"_links":{"self":[{"href":"https:\/\/www.unitedworldproject.org\/es\/wp-json\/wp\/v2\/posts\/79163","targetHints":{"allow":["GET"]}}],"collection":[{"href":"https:\/\/www.unitedworldproject.org\/es\/wp-json\/wp\/v2\/posts"}],"about":[{"href":"https:\/\/www.unitedworldproject.org\/es\/wp-json\/wp\/v2\/types\/post"}],"author":[{"embeddable":true,"href":"https:\/\/www.unitedworldproject.org\/es\/wp-json\/wp\/v2\/users\/2"}],"replies":[{"embeddable":true,"href":"https:\/\/www.unitedworldproject.org\/es\/wp-json\/wp\/v2\/comments?post=79163"}],"version-history":[{"count":3,"href":"https:\/\/www.unitedworldproject.org\/es\/wp-json\/wp\/v2\/posts\/79163\/revisions"}],"predecessor-version":[{"id":79172,"href":"https:\/\/www.unitedworldproject.org\/es\/wp-json\/wp\/v2\/posts\/79163\/revisions\/79172"}],"wp:featuredmedia":[{"embeddable":true,"href":"https:\/\/www.unitedworldproject.org\/es\/wp-json\/wp\/v2\/media\/79161"}],"wp:attachment":[{"href":"https:\/\/www.unitedworldproject.org\/es\/wp-json\/wp\/v2\/media?parent=79163"}],"wp:term":[{"taxonomy":"category","embeddable":true,"href":"https:\/\/www.unitedworldproject.org\/es\/wp-json\/wp\/v2\/categories?post=79163"},{"taxonomy":"post_tag","embeddable":true,"href":"https:\/\/www.unitedworldproject.org\/es\/wp-json\/wp\/v2\/tags?post=79163"}],"curies":[{"name":"wp","href":"https:\/\/api.w.org\/{rel}","templated":true}]}}