{"id":73004,"date":"2022-09-09T10:55:25","date_gmt":"2022-09-09T08:55:25","guid":{"rendered":"https:\/\/www.unitedworldproject.org\/economy-work\/la-campagne-daretocare-a-malte\/"},"modified":"2022-09-09T10:55:25","modified_gmt":"2022-09-09T08:55:25","slug":"la-campagne-daretocare-a-malte","status":"publish","type":"post","link":"https:\/\/www.unitedworldproject.org\/fr\/economie-travail\/la-campagne-daretocare-a-malte\/","title":{"rendered":"LA CAMPAGNE #DARETOCARE \u00c0 MALTE"},"content":{"rendered":"<p><em>\u00c0 Malte, la campagne #daretocare est tr\u00e8s active, impliquant plusieurs ONG op\u00e9rant dans la r\u00e9gion. La pand\u00e9mie de Covid-19 fut l\u2019occasion de cr\u00e9er un r\u00e9seau entre diff\u00e9rentes personnes et entit\u00e9s qui travaillent sur l\u2019\u00eele pour ceux qui en ont le plus besoin\u00a0: elles s\u2019emploient \u00e0 identifier les besoins et les attentes de la communaut\u00e9, tout en cherchant \u00e0 capter des ressources. Glenn Bugeja est membre du Mouvement des Focolari \u00e0 Malte et fait partie des protagonistes de la campagne. Apr\u00e8s deux ans du d\u00e9but, Glenn explique la valeur de cette action dans une interview avec Sandra Cortis pour le site <a href=\"https:\/\/focolaremalta.org\/en\/daretocare\/interview-with-glenn-bugeja-on-the-dare-to-care-project\/\" target=\"_blank\" rel=\"noopener\">focolaremalta.org.<\/a><\/em><\/p>\n<p><strong>Sandra<\/strong><strong><br \/>\n<\/strong>Glenn, merci d\u2019\u00eatre ici cet apr\u00e8s-midi pour nous faire part du d\u00e9roulement de Dare to Care avec notre communaut\u00e9 de Malte. J\u2019ai pens\u00e9 que vous pourriez peut-\u00eatre nous faire conna\u00eetre certaines actions de ce projet.<\/p>\n<p><strong>Glenn<\/strong><strong><br \/>\n<\/strong>Merci de m\u2019en donner l\u2019occasion. Comme vous l\u2019avez mentionn\u00e9, la situation du Covid nous a fait r\u00e9fl\u00e9chir \u00e0 la mani\u00e8re dont nous pouvons continuer \u00e0 vivre concr\u00e8tement l\u2019Evangile. \u00c0 ce moment-l\u00e0, il y avait beaucoup de demandes de diverses ONG pour de la nourriture, de sorte que furent organis\u00e9s beaucoup de stands de r\u00e9colte d\u2019aliments. Nous avons pens\u00e9 que c\u2019\u00e9tait la bonne occasion de donner, nous aussi, un coup de main.<\/p>\n<p>Nous avons donc commenc\u00e9 par des collectes mensuelles parmi nos gens\u00a0; par la suite, ces collectes furent \u00e9tendues aux parents, amis, etc\u2026, aupr\u00e8s de qui nous recueillions des aliments pour une ONG particuli\u00e8re, chaque mois. C\u2019est le dernier samedi du mois qui fut choisi. Une info \u00e9tait habituellement envoy\u00e9e \u00e0 nos gens. Parall\u00e8lement nous prenions contact avec une ONG et lui disions que nous allions faire une collecte pour les b\u00e9n\u00e9ficiaires de ses services\u00a0: elles devaient nous dire quels \u00e9taient ses besoins. Par exemple il y avait des ONG qui avaient besoin d\u2019articles de toilette plut\u00f4t que de nourriture, parce que, le mois pr\u00e9c\u00e9dent, elles avaient re\u00e7u passablement de nourriture.<\/p>\n<p>C\u2019\u00e9tait donc une occasion d\u2019entrer en contact et de cr\u00e9er une relation avec ces diff\u00e9rentes ONG. Ensuite, nous avons invit\u00e9 les membres du Mouvement, ainsi que leurs parents et amis, \u00e0 venir apporter la marchandise \u00e0 notre Centre des Focolari et d\u2019ainsi mutuellement se conna\u00eetre. Et voil\u00e0\u00a0!<\/p>\n<p>Certains sugg\u00e9raient \u00ab\u00a0Pourquoi ne pas le faire que chaque deux mois?\u00a0\u00bb Nous avons toutefois insist\u00e9 sur le fait qu\u2019il \u00e9tait bien de continuer \u00e0 le faire mois apr\u00e8s mois\u00a0: c\u2019\u00e9tait toujours un succ\u00e8s, un vrai succ\u00e8s.<\/p>\n<p><strong>Sandra<\/strong><\/p>\n<p>C\u2019est bien. Les personnes ont r\u00e9pondu de plusieurs fa\u00e7ons aux besoins de la communaut\u00e9, en dehors de la collecte de nourriture. Moi-m\u00eame, j\u2019estime que le partage de bonnes pratiques aide beaucoup et donne une lueur d\u2019espoir; \u00e7a nous encourage quand nous entendons parler des autres, de ce qui se passe, de ce que l\u2019on fait. Comment cela s\u2019est-il transmis \u00e0 la communaut\u00e9, \u00e0 nous citoyens maltais\u00a0?<\/p>\n<p><strong>Glenn<\/strong><strong><br \/>\n<\/strong>Comme vous le mentionnez, nos gens \u00e9taient pr\u00eats \u00e0 aider de toutes les mani\u00e8res et par tous les moyens. Je me souviens d\u2019une action particuli\u00e8re de la part d\u2019une de nos b\u00e9n\u00e9voles qui a donn\u00e9 sa deuxi\u00e8me maison \u00e0 une personne rencontr\u00e9e \u00e0 l\u2019arr\u00eat d\u2019autobus. La personne en question avait besoin d\u2019un endroit o\u00f9 se loger, parce qu\u2019elle avait \u00e9t\u00e9 cong\u00e9di\u00e9e par son bailleur, cette b\u00e9n\u00e9vole lui a offert sa maison\u00a0: je me suis demand\u00e9: \u00ab\u00a0Suis-je pr\u00eat \u00e0 faire \u00e7a?\u00a0\u00bb Comme je le mentionnais, nos gens se sont efforc\u00e9s de fournir leur contribution de toutes les mani\u00e8res possibles, nous avons divulgu\u00e9 ces actions, les partageant sur notre site Web. Nous avons \u00e9galement cr\u00e9\u00e9 une page Dare to Care sur laquelle nous partagions les meilleures pratiques.<\/p>\n<p><strong>Sandra<\/strong><strong><br \/>\n<\/strong>Je suis s\u00fbre que le webinaire fut le r\u00e9sultat de toute cette collaboration et des relations que nous avons \u00e9tablies, particuli\u00e8rement au long de cette ann\u00e9e. Peut-\u00eatre pouvez-vous nous en dire quelque chose?<\/p>\n<p><strong>Glenn<\/strong><strong><br \/>\n<\/strong>Lorsque nous discutions au sujet de l\u2019activit\u00e9 \u00e0 faire pour la <a href=\"https:\/\/www.unitedworldproject.org\/uww2022\/\" target=\"_blank\" rel=\"noopener\">Semaine Monde Uni<\/a> \u2013 cette fois sur le th\u00e8me de Dare to Care \u2013, nous est venue \u00e0 l\u2019esprit l\u2019id\u00e9e d\u2019organiser un webinaire, un webinaire d\u2019\u00e9change avec les ONG qui avaient b\u00e9n\u00e9fici\u00e9 de notre action de collecte de nourriture. Nous avons donc invit\u00e9 \u00e0 un tel \u00e9change toutes les ONG avec lesquelles nous avions travaill\u00e9 dans le pass\u00e9. Nous leur avons donn\u00e9 l\u2019occasion de se pr\u00e9senter elle-m\u00eame, ainsi que leur travail, mais aussi d\u2019exposer comment nous les avions aid\u00e9es avec nos dons. Nos membres purent ainsi mieux conna\u00eetre ces ONG, leur brillant travail, mais c\u2019\u00e9tait aussi une occasion, pour ces m\u00eames ONG, d\u2019apprendre \u00e0 mieux se conna\u00eetre entre elles. Cela permit aussi d\u2019examiner comment nous pouvons tous ensemble collaborer.<\/p>\n<p>Ils \u00e9taient tr\u00e8s reconnaissants de nos dons, de m\u00eame du fait de leur avoir demand\u00e9 ce dont ils avaient particuli\u00e8rement besoin\u00a0: comme je l\u2019ai mentionn\u00e9, nous \u00e9tions attentifs \u00e0 leur donner les choses adapt\u00e9es aux usagers de leurs services. Ils ont d\u00e9montr\u00e9 leur gratitude de plusieurs mani\u00e8res, notamment en publiant sur leurs pages Facebook, ou sur leurs r\u00e9seaux sociaux, des lettres t\u00e9moignant de l\u2019utilit\u00e9 de nos collectes, y compris des photos prises en ces occasions. Notre derni\u00e8re collecte fut sp\u00e9cialement appr\u00e9ci\u00e9e par l\u2019ONG destinataire. En outre, il est dit que de nombreuses familles touch\u00e9es par le Covid b\u00e9n\u00e9ficient encore de dons, fruits de nos contributions mensuelles.<\/p>\n<p><a href=\"https:\/\/focolaremalta.org\/en\/daretocare\/interview-with-glenn-bugeja-on-the-dare-to-care-project\/\" target=\"_blank\" rel=\"noopener\"><strong>LIEN VIDEO ET TEXTE ORIGINAL<\/strong><\/a><\/p>\n","protected":false},"excerpt":{"rendered":"<p>\u00c0 Malte, la campagne #daretocare est tr\u00e8s active, impliquant plusieurs ONG op\u00e9rant dans la r\u00e9gion. La pand\u00e9mie de Covid-19 fut l\u2019occasion de cr\u00e9er un r\u00e9seau entre diff\u00e9rentes personnes et entit\u00e9s qui travaillent sur l\u2019\u00eele pour ceux qui en ont le plus besoin\u00a0: elles s\u2019emploient \u00e0 identifier les besoins et les attentes de la communaut\u00e9, tout [&hellip;]<\/p>\n","protected":false},"author":28,"featured_media":68022,"comment_status":"closed","ping_status":"open","sticky":false,"template":"","format":"standard","meta":{"_acf_changed":false,"footnotes":""},"categories":[],"tags":[],"class_list":["post-73004","post","type-post","status-publish","format-standard","has-post-thumbnail","hentry"],"acf":[],"yoast_head":"<!-- This site is optimized with the Yoast SEO plugin v27.4 - https:\/\/yoast.com\/product\/yoast-seo-wordpress\/ -->\n<title>LA CAMPAGNE #DARETOCARE \u00c0 MALTE - United World Project<\/title>\n<meta name=\"robots\" content=\"index, follow, max-snippet:-1, max-image-preview:large, max-video-preview:-1\" \/>\n<link rel=\"canonical\" href=\"https:\/\/www.unitedworldproject.org\/fr\/economie-travail\/la-campagne-daretocare-a-malte\/\" \/>\n<meta property=\"og:locale\" content=\"fr_FR\" \/>\n<meta property=\"og:type\" content=\"article\" \/>\n<meta property=\"og:title\" content=\"LA CAMPAGNE #DARETOCARE \u00c0 MALTE - United World Project\" \/>\n<meta property=\"og:description\" content=\"\u00c0 Malte, la campagne #daretocare est tr\u00e8s active, impliquant plusieurs ONG op\u00e9rant dans la r\u00e9gion. La pand\u00e9mie de Covid-19 fut l\u2019occasion de cr\u00e9er un r\u00e9seau entre diff\u00e9rentes personnes et entit\u00e9s qui travaillent sur l\u2019\u00eele pour ceux qui en ont le plus besoin\u00a0: elles s\u2019emploient \u00e0 identifier les besoins et les attentes de la communaut\u00e9, tout [&hellip;]\" \/>\n<meta property=\"og:url\" content=\"https:\/\/www.unitedworldproject.org\/fr\/economie-travail\/la-campagne-daretocare-a-malte\/\" \/>\n<meta property=\"og:site_name\" content=\"United World Project\" \/>\n<meta property=\"article:published_time\" content=\"2022-09-09T08:55:25+00:00\" \/>\n<meta property=\"og:image\" content=\"https:\/\/www.unitedworldproject.org\/wp-content\/uploads\/2025\/11\/Dare-to-Care-Malta.png\" \/>\n\t<meta property=\"og:image:width\" content=\"960\" \/>\n\t<meta property=\"og:image:height\" content=\"540\" \/>\n\t<meta property=\"og:image:type\" content=\"image\/png\" \/>\n<meta name=\"author\" content=\"luisagencenter@gmail.com\" \/>\n<meta name=\"twitter:card\" content=\"summary_large_image\" \/>\n<meta name=\"twitter:label1\" content=\"\u00c9crit par\" \/>\n\t<meta name=\"twitter:data1\" content=\"luisagencenter@gmail.com\" \/>\n\t<meta name=\"twitter:label2\" content=\"Dur\u00e9e de lecture estim\u00e9e\" \/>\n\t<meta name=\"twitter:data2\" content=\"5 minutes\" \/>\n<script type=\"application\/ld+json\" class=\"yoast-schema-graph\">{\"@context\":\"https:\\\/\\\/schema.org\",\"@graph\":[{\"@type\":\"Article\",\"@id\":\"https:\\\/\\\/www.unitedworldproject.org\\\/fr\\\/economie-travail\\\/la-campagne-daretocare-a-malte\\\/#article\",\"isPartOf\":{\"@id\":\"https:\\\/\\\/www.unitedworldproject.org\\\/fr\\\/economie-travail\\\/la-campagne-daretocare-a-malte\\\/\"},\"author\":{\"name\":\"luisagencenter@gmail.com\",\"@id\":\"https:\\\/\\\/www.unitedworldproject.org\\\/fr\\\/#\\\/schema\\\/person\\\/3c144b321fa3d6a275e5d68dcfa15789\"},\"headline\":\"LA CAMPAGNE #DARETOCARE \u00c0 MALTE\",\"datePublished\":\"2022-09-09T08:55:25+00:00\",\"mainEntityOfPage\":{\"@id\":\"https:\\\/\\\/www.unitedworldproject.org\\\/fr\\\/economie-travail\\\/la-campagne-daretocare-a-malte\\\/\"},\"wordCount\":979,\"image\":{\"@id\":\"https:\\\/\\\/www.unitedworldproject.org\\\/fr\\\/economie-travail\\\/la-campagne-daretocare-a-malte\\\/#primaryimage\"},\"thumbnailUrl\":\"https:\\\/\\\/www.unitedworldproject.org\\\/wp-content\\\/uploads\\\/2025\\\/11\\\/Dare-to-Care-Malta.png\",\"inLanguage\":\"fr-FR\"},{\"@type\":\"WebPage\",\"@id\":\"https:\\\/\\\/www.unitedworldproject.org\\\/fr\\\/economie-travail\\\/la-campagne-daretocare-a-malte\\\/\",\"url\":\"https:\\\/\\\/www.unitedworldproject.org\\\/fr\\\/economie-travail\\\/la-campagne-daretocare-a-malte\\\/\",\"name\":\"LA CAMPAGNE #DARETOCARE \u00c0 MALTE - United World Project\",\"isPartOf\":{\"@id\":\"https:\\\/\\\/www.unitedworldproject.org\\\/fr\\\/#website\"},\"primaryImageOfPage\":{\"@id\":\"https:\\\/\\\/www.unitedworldproject.org\\\/fr\\\/economie-travail\\\/la-campagne-daretocare-a-malte\\\/#primaryimage\"},\"image\":{\"@id\":\"https:\\\/\\\/www.unitedworldproject.org\\\/fr\\\/economie-travail\\\/la-campagne-daretocare-a-malte\\\/#primaryimage\"},\"thumbnailUrl\":\"https:\\\/\\\/www.unitedworldproject.org\\\/wp-content\\\/uploads\\\/2025\\\/11\\\/Dare-to-Care-Malta.png\",\"datePublished\":\"2022-09-09T08:55:25+00:00\",\"author\":{\"@id\":\"https:\\\/\\\/www.unitedworldproject.org\\\/fr\\\/#\\\/schema\\\/person\\\/3c144b321fa3d6a275e5d68dcfa15789\"},\"breadcrumb\":{\"@id\":\"https:\\\/\\\/www.unitedworldproject.org\\\/fr\\\/economie-travail\\\/la-campagne-daretocare-a-malte\\\/#breadcrumb\"},\"inLanguage\":\"fr-FR\",\"potentialAction\":[{\"@type\":\"ReadAction\",\"target\":[\"https:\\\/\\\/www.unitedworldproject.org\\\/fr\\\/economie-travail\\\/la-campagne-daretocare-a-malte\\\/\"]}]},{\"@type\":\"ImageObject\",\"inLanguage\":\"fr-FR\",\"@id\":\"https:\\\/\\\/www.unitedworldproject.org\\\/fr\\\/economie-travail\\\/la-campagne-daretocare-a-malte\\\/#primaryimage\",\"url\":\"https:\\\/\\\/www.unitedworldproject.org\\\/wp-content\\\/uploads\\\/2025\\\/11\\\/Dare-to-Care-Malta.png\",\"contentUrl\":\"https:\\\/\\\/www.unitedworldproject.org\\\/wp-content\\\/uploads\\\/2025\\\/11\\\/Dare-to-Care-Malta.png\",\"width\":960,\"height\":540},{\"@type\":\"BreadcrumbList\",\"@id\":\"https:\\\/\\\/www.unitedworldproject.org\\\/fr\\\/economie-travail\\\/la-campagne-daretocare-a-malte\\\/#breadcrumb\",\"itemListElement\":[{\"@type\":\"ListItem\",\"position\":1,\"name\":\"Home\",\"item\":\"https:\\\/\\\/www.unitedworldproject.org\\\/fr\\\/\"},{\"@type\":\"ListItem\",\"position\":2,\"name\":\"LA CAMPAGNE #DARETOCARE \u00c0 MALTE\"}]},{\"@type\":\"WebSite\",\"@id\":\"https:\\\/\\\/www.unitedworldproject.org\\\/fr\\\/#website\",\"url\":\"https:\\\/\\\/www.unitedworldproject.org\\\/fr\\\/\",\"name\":\"United World Project\",\"description\":\"Championing fraternity and collaboration worldwide\",\"potentialAction\":[{\"@type\":\"SearchAction\",\"target\":{\"@type\":\"EntryPoint\",\"urlTemplate\":\"https:\\\/\\\/www.unitedworldproject.org\\\/fr\\\/?s={search_term_string}\"},\"query-input\":{\"@type\":\"PropertyValueSpecification\",\"valueRequired\":true,\"valueName\":\"search_term_string\"}}],\"inLanguage\":\"fr-FR\"},{\"@type\":\"Person\",\"@id\":\"https:\\\/\\\/www.unitedworldproject.org\\\/fr\\\/#\\\/schema\\\/person\\\/3c144b321fa3d6a275e5d68dcfa15789\",\"name\":\"luisagencenter@gmail.com\",\"image\":{\"@type\":\"ImageObject\",\"inLanguage\":\"fr-FR\",\"@id\":\"https:\\\/\\\/secure.gravatar.com\\\/avatar\\\/2bb549a17f0b970f2695a26bad3633d3ea011d12815a946a3437ed096f3dc40a?s=96&d=mm&r=g\",\"url\":\"https:\\\/\\\/secure.gravatar.com\\\/avatar\\\/2bb549a17f0b970f2695a26bad3633d3ea011d12815a946a3437ed096f3dc40a?s=96&d=mm&r=g\",\"contentUrl\":\"https:\\\/\\\/secure.gravatar.com\\\/avatar\\\/2bb549a17f0b970f2695a26bad3633d3ea011d12815a946a3437ed096f3dc40a?s=96&d=mm&r=g\",\"caption\":\"luisagencenter@gmail.com\"},\"url\":\"https:\\\/\\\/www.unitedworldproject.org\\\/fr\\\/author\\\/luisagencentergmail-com\\\/\"}]}<\/script>\n<!-- \/ Yoast SEO plugin. -->","yoast_head_json":{"title":"LA CAMPAGNE #DARETOCARE \u00c0 MALTE - United World Project","robots":{"index":"index","follow":"follow","max-snippet":"max-snippet:-1","max-image-preview":"max-image-preview:large","max-video-preview":"max-video-preview:-1"},"canonical":"https:\/\/www.unitedworldproject.org\/fr\/economie-travail\/la-campagne-daretocare-a-malte\/","og_locale":"fr_FR","og_type":"article","og_title":"LA CAMPAGNE #DARETOCARE \u00c0 MALTE - United World Project","og_description":"\u00c0 Malte, la campagne #daretocare est tr\u00e8s active, impliquant plusieurs ONG op\u00e9rant dans la r\u00e9gion. La pand\u00e9mie de Covid-19 fut l\u2019occasion de cr\u00e9er un r\u00e9seau entre diff\u00e9rentes personnes et entit\u00e9s qui travaillent sur l\u2019\u00eele pour ceux qui en ont le plus besoin\u00a0: elles s\u2019emploient \u00e0 identifier les besoins et les attentes de la communaut\u00e9, tout [&hellip;]","og_url":"https:\/\/www.unitedworldproject.org\/fr\/economie-travail\/la-campagne-daretocare-a-malte\/","og_site_name":"United World Project","article_published_time":"2022-09-09T08:55:25+00:00","og_image":[{"width":960,"height":540,"url":"https:\/\/www.unitedworldproject.org\/wp-content\/uploads\/2025\/11\/Dare-to-Care-Malta.png","type":"image\/png"}],"author":"luisagencenter@gmail.com","twitter_card":"summary_large_image","twitter_misc":{"\u00c9crit par":"luisagencenter@gmail.com","Dur\u00e9e de lecture estim\u00e9e":"5 minutes"},"schema":{"@context":"https:\/\/schema.org","@graph":[{"@type":"Article","@id":"https:\/\/www.unitedworldproject.org\/fr\/economie-travail\/la-campagne-daretocare-a-malte\/#article","isPartOf":{"@id":"https:\/\/www.unitedworldproject.org\/fr\/economie-travail\/la-campagne-daretocare-a-malte\/"},"author":{"name":"luisagencenter@gmail.com","@id":"https:\/\/www.unitedworldproject.org\/fr\/#\/schema\/person\/3c144b321fa3d6a275e5d68dcfa15789"},"headline":"LA CAMPAGNE #DARETOCARE \u00c0 MALTE","datePublished":"2022-09-09T08:55:25+00:00","mainEntityOfPage":{"@id":"https:\/\/www.unitedworldproject.org\/fr\/economie-travail\/la-campagne-daretocare-a-malte\/"},"wordCount":979,"image":{"@id":"https:\/\/www.unitedworldproject.org\/fr\/economie-travail\/la-campagne-daretocare-a-malte\/#primaryimage"},"thumbnailUrl":"https:\/\/www.unitedworldproject.org\/wp-content\/uploads\/2025\/11\/Dare-to-Care-Malta.png","inLanguage":"fr-FR"},{"@type":"WebPage","@id":"https:\/\/www.unitedworldproject.org\/fr\/economie-travail\/la-campagne-daretocare-a-malte\/","url":"https:\/\/www.unitedworldproject.org\/fr\/economie-travail\/la-campagne-daretocare-a-malte\/","name":"LA CAMPAGNE #DARETOCARE \u00c0 MALTE - United World Project","isPartOf":{"@id":"https:\/\/www.unitedworldproject.org\/fr\/#website"},"primaryImageOfPage":{"@id":"https:\/\/www.unitedworldproject.org\/fr\/economie-travail\/la-campagne-daretocare-a-malte\/#primaryimage"},"image":{"@id":"https:\/\/www.unitedworldproject.org\/fr\/economie-travail\/la-campagne-daretocare-a-malte\/#primaryimage"},"thumbnailUrl":"https:\/\/www.unitedworldproject.org\/wp-content\/uploads\/2025\/11\/Dare-to-Care-Malta.png","datePublished":"2022-09-09T08:55:25+00:00","author":{"@id":"https:\/\/www.unitedworldproject.org\/fr\/#\/schema\/person\/3c144b321fa3d6a275e5d68dcfa15789"},"breadcrumb":{"@id":"https:\/\/www.unitedworldproject.org\/fr\/economie-travail\/la-campagne-daretocare-a-malte\/#breadcrumb"},"inLanguage":"fr-FR","potentialAction":[{"@type":"ReadAction","target":["https:\/\/www.unitedworldproject.org\/fr\/economie-travail\/la-campagne-daretocare-a-malte\/"]}]},{"@type":"ImageObject","inLanguage":"fr-FR","@id":"https:\/\/www.unitedworldproject.org\/fr\/economie-travail\/la-campagne-daretocare-a-malte\/#primaryimage","url":"https:\/\/www.unitedworldproject.org\/wp-content\/uploads\/2025\/11\/Dare-to-Care-Malta.png","contentUrl":"https:\/\/www.unitedworldproject.org\/wp-content\/uploads\/2025\/11\/Dare-to-Care-Malta.png","width":960,"height":540},{"@type":"BreadcrumbList","@id":"https:\/\/www.unitedworldproject.org\/fr\/economie-travail\/la-campagne-daretocare-a-malte\/#breadcrumb","itemListElement":[{"@type":"ListItem","position":1,"name":"Home","item":"https:\/\/www.unitedworldproject.org\/fr\/"},{"@type":"ListItem","position":2,"name":"LA CAMPAGNE #DARETOCARE \u00c0 MALTE"}]},{"@type":"WebSite","@id":"https:\/\/www.unitedworldproject.org\/fr\/#website","url":"https:\/\/www.unitedworldproject.org\/fr\/","name":"United World Project","description":"Championing fraternity and collaboration worldwide","potentialAction":[{"@type":"SearchAction","target":{"@type":"EntryPoint","urlTemplate":"https:\/\/www.unitedworldproject.org\/fr\/?s={search_term_string}"},"query-input":{"@type":"PropertyValueSpecification","valueRequired":true,"valueName":"search_term_string"}}],"inLanguage":"fr-FR"},{"@type":"Person","@id":"https:\/\/www.unitedworldproject.org\/fr\/#\/schema\/person\/3c144b321fa3d6a275e5d68dcfa15789","name":"luisagencenter@gmail.com","image":{"@type":"ImageObject","inLanguage":"fr-FR","@id":"https:\/\/secure.gravatar.com\/avatar\/2bb549a17f0b970f2695a26bad3633d3ea011d12815a946a3437ed096f3dc40a?s=96&d=mm&r=g","url":"https:\/\/secure.gravatar.com\/avatar\/2bb549a17f0b970f2695a26bad3633d3ea011d12815a946a3437ed096f3dc40a?s=96&d=mm&r=g","contentUrl":"https:\/\/secure.gravatar.com\/avatar\/2bb549a17f0b970f2695a26bad3633d3ea011d12815a946a3437ed096f3dc40a?s=96&d=mm&r=g","caption":"luisagencenter@gmail.com"},"url":"https:\/\/www.unitedworldproject.org\/fr\/author\/luisagencentergmail-com\/"}]}},"_links":{"self":[{"href":"https:\/\/www.unitedworldproject.org\/fr\/wp-json\/wp\/v2\/posts\/73004","targetHints":{"allow":["GET"]}}],"collection":[{"href":"https:\/\/www.unitedworldproject.org\/fr\/wp-json\/wp\/v2\/posts"}],"about":[{"href":"https:\/\/www.unitedworldproject.org\/fr\/wp-json\/wp\/v2\/types\/post"}],"author":[{"embeddable":true,"href":"https:\/\/www.unitedworldproject.org\/fr\/wp-json\/wp\/v2\/users\/28"}],"replies":[{"embeddable":true,"href":"https:\/\/www.unitedworldproject.org\/fr\/wp-json\/wp\/v2\/comments?post=73004"}],"version-history":[{"count":0,"href":"https:\/\/www.unitedworldproject.org\/fr\/wp-json\/wp\/v2\/posts\/73004\/revisions"}],"wp:featuredmedia":[{"embeddable":true,"href":"https:\/\/www.unitedworldproject.org\/fr\/wp-json\/wp\/v2\/media\/68022"}],"wp:attachment":[{"href":"https:\/\/www.unitedworldproject.org\/fr\/wp-json\/wp\/v2\/media?parent=73004"}],"wp:term":[{"taxonomy":"category","embeddable":true,"href":"https:\/\/www.unitedworldproject.org\/fr\/wp-json\/wp\/v2\/categories?post=73004"},{"taxonomy":"post_tag","embeddable":true,"href":"https:\/\/www.unitedworldproject.org\/fr\/wp-json\/wp\/v2\/tags?post=73004"}],"curies":[{"name":"wp","href":"https:\/\/api.w.org\/{rel}","templated":true}]}}