{"id":73084,"date":"2022-10-21T08:30:20","date_gmt":"2022-10-21T06:30:20","guid":{"rendered":"https:\/\/www.unitedworldproject.org\/economy-work\/economie-de-francois-des-jeunes-pour-une-nouvelle-economie\/"},"modified":"2022-10-21T08:30:20","modified_gmt":"2022-10-21T06:30:20","slug":"economie-de-francois-des-jeunes-pour-une-nouvelle-economie","status":"publish","type":"post","link":"https:\/\/www.unitedworldproject.org\/fr\/economie-travail\/economie-de-francois-des-jeunes-pour-une-nouvelle-economie\/","title":{"rendered":"\u00c9conomie de Fran\u00e7ois\u202f: des jeunes pour une nouvelle \u00e9conomie"},"content":{"rendered":"<p>Plus de 1000 jeunes du monde entier \u00e0 Assise (Italie). Objectif\u202f: redessiner ensemble l\u2019\u00e9conomie en lui donnant une \u00e2me, en la rendant plus durable, inclusive et attentive aux plus d\u00e9munis. Le Pape Fran\u00e7ois les a rencontr\u00e9s et, avec enthousiasme, il a sign\u00e9 avec eux un \u00ab\u00a0pacte\u00a0\u00bb, les invitant \u00e0 transformer leurs id\u00e9aux en actions concr\u00e8tes.<\/p>\n<p><div class=\"cookieconsent-optout-marketing\">\n                        <a href=\"javascript:Cookiebot.renew()\" style=\"background: url(https:\/\/www.unitedworldproject.org\/wp-content\/plugins\/yt-placeholder-cookiebot\/assets\/placeholder.jpg) no-repeat center center \/ cover; aspect-ratio: 1 \/ 0.48; width: 100%; display: block; margin: 20px 0; position: relative; background-size: cover; background-position: center;\">\n                            <span style=\"position: absolute; bottom: 20px; width: 100%; padding: 0 5%; text-align: center; box-sizing: border-box;\">Pour visualiser cette vid\u00e9o, il est n\u00e9cessaire d\u2019activer tous les cookies<\/span>\n                        <\/a>\n                   <\/div><iframe loading=\"lazy\" title=\"\u00c9conomie de Fran\u00e7ois\u202f: des jeunes pour une nouvelle \u00e9conomie\" width=\"500\" height=\"281\" src=\"https:\/\/www.youtube.com\/embed\/4DfLFq3e2OA?feature=oembed\" frameborder=\"0\" allow=\"accelerometer; autoplay; clipboard-write; encrypted-media; gyroscope; picture-in-picture; web-share\" referrerpolicy=\"strict-origin-when-cross-origin\" allowfullscreen><\/iframe><\/p>\n","protected":false},"excerpt":{"rendered":"<p>Plus de 1000 jeunes du monde entier \u00e0 Assise (Italie). Objectif\u202f: redessiner ensemble l\u2019\u00e9conomie en lui donnant une \u00e2me, en la rendant plus durable, inclusive et attentive aux plus d\u00e9munis. Le Pape Fran\u00e7ois les a rencontr\u00e9s et, avec enthousiasme, il a sign\u00e9 avec eux un \u00ab\u00a0pacte\u00a0\u00bb, les invitant \u00e0 transformer leurs id\u00e9aux en actions concr\u00e8tes. [&hellip;]<\/p>\n","protected":false},"author":2,"featured_media":68094,"comment_status":"closed","ping_status":"open","sticky":false,"template":"","format":"standard","meta":{"_acf_changed":false,"footnotes":""},"categories":[],"tags":[],"class_list":["post-73084","post","type-post","status-publish","format-standard","has-post-thumbnail","hentry"],"acf":[],"yoast_head":"<!-- This site is optimized with the Yoast SEO plugin v27.4 - https:\/\/yoast.com\/product\/yoast-seo-wordpress\/ -->\n<title>\u00c9conomie de Fran\u00e7ois\u202f: des jeunes pour une nouvelle \u00e9conomie - United World Project<\/title>\n<meta name=\"robots\" content=\"index, follow, max-snippet:-1, max-image-preview:large, max-video-preview:-1\" \/>\n<link rel=\"canonical\" href=\"https:\/\/www.unitedworldproject.org\/fr\/economie-travail\/economie-de-francois-des-jeunes-pour-une-nouvelle-economie\/\" \/>\n<meta property=\"og:locale\" content=\"fr_FR\" \/>\n<meta property=\"og:type\" content=\"article\" \/>\n<meta property=\"og:title\" content=\"\u00c9conomie de Fran\u00e7ois\u202f: des jeunes pour une nouvelle \u00e9conomie - United World Project\" \/>\n<meta property=\"og:description\" content=\"Plus de 1000 jeunes du monde entier \u00e0 Assise (Italie). Objectif\u202f: redessiner ensemble l\u2019\u00e9conomie en lui donnant une \u00e2me, en la rendant plus durable, inclusive et attentive aux plus d\u00e9munis. Le Pape Fran\u00e7ois les a rencontr\u00e9s et, avec enthousiasme, il a sign\u00e9 avec eux un \u00ab\u00a0pacte\u00a0\u00bb, les invitant \u00e0 transformer leurs id\u00e9aux en actions concr\u00e8tes. [&hellip;]\" \/>\n<meta property=\"og:url\" content=\"https:\/\/www.unitedworldproject.org\/fr\/economie-travail\/economie-de-francois-des-jeunes-pour-une-nouvelle-economie\/\" \/>\n<meta property=\"og:site_name\" content=\"United World Project\" \/>\n<meta property=\"article:published_time\" content=\"2022-10-21T06:30:20+00:00\" \/>\n<meta property=\"og:image\" content=\"https:\/\/www.unitedworldproject.org\/wp-content\/uploads\/2025\/11\/08OTT_EoF_FR.png\" \/>\n\t<meta property=\"og:image:width\" content=\"1920\" \/>\n\t<meta property=\"og:image:height\" content=\"1080\" \/>\n\t<meta property=\"og:image:type\" content=\"image\/png\" \/>\n<meta name=\"author\" content=\"anita\" \/>\n<meta name=\"twitter:card\" content=\"summary_large_image\" \/>\n<meta name=\"twitter:label1\" content=\"\u00c9crit par\" \/>\n\t<meta name=\"twitter:data1\" content=\"anita\" \/>\n<script type=\"application\/ld+json\" class=\"yoast-schema-graph\">{\"@context\":\"https:\\\/\\\/schema.org\",\"@graph\":[{\"@type\":\"Article\",\"@id\":\"https:\\\/\\\/www.unitedworldproject.org\\\/fr\\\/economie-travail\\\/economie-de-francois-des-jeunes-pour-une-nouvelle-economie\\\/#article\",\"isPartOf\":{\"@id\":\"https:\\\/\\\/www.unitedworldproject.org\\\/fr\\\/economie-travail\\\/economie-de-francois-des-jeunes-pour-une-nouvelle-economie\\\/\"},\"author\":{\"name\":\"anita\",\"@id\":\"https:\\\/\\\/www.unitedworldproject.org\\\/fr\\\/#\\\/schema\\\/person\\\/5e422fc57d77d69e6b4e36ac59a53201\"},\"headline\":\"\u00c9conomie de Fran\u00e7ois\u202f: des jeunes pour une nouvelle \u00e9conomie\",\"datePublished\":\"2022-10-21T06:30:20+00:00\",\"mainEntityOfPage\":{\"@id\":\"https:\\\/\\\/www.unitedworldproject.org\\\/fr\\\/economie-travail\\\/economie-de-francois-des-jeunes-pour-une-nouvelle-economie\\\/\"},\"wordCount\":74,\"image\":{\"@id\":\"https:\\\/\\\/www.unitedworldproject.org\\\/fr\\\/economie-travail\\\/economie-de-francois-des-jeunes-pour-une-nouvelle-economie\\\/#primaryimage\"},\"thumbnailUrl\":\"https:\\\/\\\/www.unitedworldproject.org\\\/wp-content\\\/uploads\\\/2025\\\/11\\\/08OTT_EoF_FR.png\",\"inLanguage\":\"fr-FR\"},{\"@type\":\"WebPage\",\"@id\":\"https:\\\/\\\/www.unitedworldproject.org\\\/fr\\\/economie-travail\\\/economie-de-francois-des-jeunes-pour-une-nouvelle-economie\\\/\",\"url\":\"https:\\\/\\\/www.unitedworldproject.org\\\/fr\\\/economie-travail\\\/economie-de-francois-des-jeunes-pour-une-nouvelle-economie\\\/\",\"name\":\"\u00c9conomie de Fran\u00e7ois\u202f: des jeunes pour une nouvelle \u00e9conomie - United World Project\",\"isPartOf\":{\"@id\":\"https:\\\/\\\/www.unitedworldproject.org\\\/fr\\\/#website\"},\"primaryImageOfPage\":{\"@id\":\"https:\\\/\\\/www.unitedworldproject.org\\\/fr\\\/economie-travail\\\/economie-de-francois-des-jeunes-pour-une-nouvelle-economie\\\/#primaryimage\"},\"image\":{\"@id\":\"https:\\\/\\\/www.unitedworldproject.org\\\/fr\\\/economie-travail\\\/economie-de-francois-des-jeunes-pour-une-nouvelle-economie\\\/#primaryimage\"},\"thumbnailUrl\":\"https:\\\/\\\/www.unitedworldproject.org\\\/wp-content\\\/uploads\\\/2025\\\/11\\\/08OTT_EoF_FR.png\",\"datePublished\":\"2022-10-21T06:30:20+00:00\",\"author\":{\"@id\":\"https:\\\/\\\/www.unitedworldproject.org\\\/fr\\\/#\\\/schema\\\/person\\\/5e422fc57d77d69e6b4e36ac59a53201\"},\"breadcrumb\":{\"@id\":\"https:\\\/\\\/www.unitedworldproject.org\\\/fr\\\/economie-travail\\\/economie-de-francois-des-jeunes-pour-une-nouvelle-economie\\\/#breadcrumb\"},\"inLanguage\":\"fr-FR\",\"potentialAction\":[{\"@type\":\"ReadAction\",\"target\":[\"https:\\\/\\\/www.unitedworldproject.org\\\/fr\\\/economie-travail\\\/economie-de-francois-des-jeunes-pour-une-nouvelle-economie\\\/\"]}]},{\"@type\":\"ImageObject\",\"inLanguage\":\"fr-FR\",\"@id\":\"https:\\\/\\\/www.unitedworldproject.org\\\/fr\\\/economie-travail\\\/economie-de-francois-des-jeunes-pour-une-nouvelle-economie\\\/#primaryimage\",\"url\":\"https:\\\/\\\/www.unitedworldproject.org\\\/wp-content\\\/uploads\\\/2025\\\/11\\\/08OTT_EoF_FR.png\",\"contentUrl\":\"https:\\\/\\\/www.unitedworldproject.org\\\/wp-content\\\/uploads\\\/2025\\\/11\\\/08OTT_EoF_FR.png\",\"width\":1920,\"height\":1080},{\"@type\":\"BreadcrumbList\",\"@id\":\"https:\\\/\\\/www.unitedworldproject.org\\\/fr\\\/economie-travail\\\/economie-de-francois-des-jeunes-pour-une-nouvelle-economie\\\/#breadcrumb\",\"itemListElement\":[{\"@type\":\"ListItem\",\"position\":1,\"name\":\"Home\",\"item\":\"https:\\\/\\\/www.unitedworldproject.org\\\/fr\\\/\"},{\"@type\":\"ListItem\",\"position\":2,\"name\":\"\u00c9conomie de Fran\u00e7ois\u202f: des jeunes pour une nouvelle \u00e9conomie\"}]},{\"@type\":\"WebSite\",\"@id\":\"https:\\\/\\\/www.unitedworldproject.org\\\/fr\\\/#website\",\"url\":\"https:\\\/\\\/www.unitedworldproject.org\\\/fr\\\/\",\"name\":\"United World Project\",\"description\":\"Championing fraternity and collaboration worldwide\",\"potentialAction\":[{\"@type\":\"SearchAction\",\"target\":{\"@type\":\"EntryPoint\",\"urlTemplate\":\"https:\\\/\\\/www.unitedworldproject.org\\\/fr\\\/?s={search_term_string}\"},\"query-input\":{\"@type\":\"PropertyValueSpecification\",\"valueRequired\":true,\"valueName\":\"search_term_string\"}}],\"inLanguage\":\"fr-FR\"},{\"@type\":\"Person\",\"@id\":\"https:\\\/\\\/www.unitedworldproject.org\\\/fr\\\/#\\\/schema\\\/person\\\/5e422fc57d77d69e6b4e36ac59a53201\",\"name\":\"anita\",\"image\":{\"@type\":\"ImageObject\",\"inLanguage\":\"fr-FR\",\"@id\":\"https:\\\/\\\/secure.gravatar.com\\\/avatar\\\/6949a15dd913b50588eec00981bd52d8c6ac8351a258558d372496c670e4ff2c?s=96&d=mm&r=g\",\"url\":\"https:\\\/\\\/secure.gravatar.com\\\/avatar\\\/6949a15dd913b50588eec00981bd52d8c6ac8351a258558d372496c670e4ff2c?s=96&d=mm&r=g\",\"contentUrl\":\"https:\\\/\\\/secure.gravatar.com\\\/avatar\\\/6949a15dd913b50588eec00981bd52d8c6ac8351a258558d372496c670e4ff2c?s=96&d=mm&r=g\",\"caption\":\"anita\"},\"url\":\"https:\\\/\\\/www.unitedworldproject.org\\\/fr\\\/author\\\/anita\\\/\"}]}<\/script>\n<!-- \/ Yoast SEO plugin. -->","yoast_head_json":{"title":"\u00c9conomie de Fran\u00e7ois\u202f: des jeunes pour une nouvelle \u00e9conomie - United World Project","robots":{"index":"index","follow":"follow","max-snippet":"max-snippet:-1","max-image-preview":"max-image-preview:large","max-video-preview":"max-video-preview:-1"},"canonical":"https:\/\/www.unitedworldproject.org\/fr\/economie-travail\/economie-de-francois-des-jeunes-pour-une-nouvelle-economie\/","og_locale":"fr_FR","og_type":"article","og_title":"\u00c9conomie de Fran\u00e7ois\u202f: des jeunes pour une nouvelle \u00e9conomie - United World Project","og_description":"Plus de 1000 jeunes du monde entier \u00e0 Assise (Italie). Objectif\u202f: redessiner ensemble l\u2019\u00e9conomie en lui donnant une \u00e2me, en la rendant plus durable, inclusive et attentive aux plus d\u00e9munis. Le Pape Fran\u00e7ois les a rencontr\u00e9s et, avec enthousiasme, il a sign\u00e9 avec eux un \u00ab\u00a0pacte\u00a0\u00bb, les invitant \u00e0 transformer leurs id\u00e9aux en actions concr\u00e8tes. [&hellip;]","og_url":"https:\/\/www.unitedworldproject.org\/fr\/economie-travail\/economie-de-francois-des-jeunes-pour-une-nouvelle-economie\/","og_site_name":"United World Project","article_published_time":"2022-10-21T06:30:20+00:00","og_image":[{"width":1920,"height":1080,"url":"https:\/\/www.unitedworldproject.org\/wp-content\/uploads\/2025\/11\/08OTT_EoF_FR.png","type":"image\/png"}],"author":"anita","twitter_card":"summary_large_image","twitter_misc":{"\u00c9crit par":"anita"},"schema":{"@context":"https:\/\/schema.org","@graph":[{"@type":"Article","@id":"https:\/\/www.unitedworldproject.org\/fr\/economie-travail\/economie-de-francois-des-jeunes-pour-une-nouvelle-economie\/#article","isPartOf":{"@id":"https:\/\/www.unitedworldproject.org\/fr\/economie-travail\/economie-de-francois-des-jeunes-pour-une-nouvelle-economie\/"},"author":{"name":"anita","@id":"https:\/\/www.unitedworldproject.org\/fr\/#\/schema\/person\/5e422fc57d77d69e6b4e36ac59a53201"},"headline":"\u00c9conomie de Fran\u00e7ois\u202f: des jeunes pour une nouvelle \u00e9conomie","datePublished":"2022-10-21T06:30:20+00:00","mainEntityOfPage":{"@id":"https:\/\/www.unitedworldproject.org\/fr\/economie-travail\/economie-de-francois-des-jeunes-pour-une-nouvelle-economie\/"},"wordCount":74,"image":{"@id":"https:\/\/www.unitedworldproject.org\/fr\/economie-travail\/economie-de-francois-des-jeunes-pour-une-nouvelle-economie\/#primaryimage"},"thumbnailUrl":"https:\/\/www.unitedworldproject.org\/wp-content\/uploads\/2025\/11\/08OTT_EoF_FR.png","inLanguage":"fr-FR"},{"@type":"WebPage","@id":"https:\/\/www.unitedworldproject.org\/fr\/economie-travail\/economie-de-francois-des-jeunes-pour-une-nouvelle-economie\/","url":"https:\/\/www.unitedworldproject.org\/fr\/economie-travail\/economie-de-francois-des-jeunes-pour-une-nouvelle-economie\/","name":"\u00c9conomie de Fran\u00e7ois\u202f: des jeunes pour une nouvelle \u00e9conomie - United World Project","isPartOf":{"@id":"https:\/\/www.unitedworldproject.org\/fr\/#website"},"primaryImageOfPage":{"@id":"https:\/\/www.unitedworldproject.org\/fr\/economie-travail\/economie-de-francois-des-jeunes-pour-une-nouvelle-economie\/#primaryimage"},"image":{"@id":"https:\/\/www.unitedworldproject.org\/fr\/economie-travail\/economie-de-francois-des-jeunes-pour-une-nouvelle-economie\/#primaryimage"},"thumbnailUrl":"https:\/\/www.unitedworldproject.org\/wp-content\/uploads\/2025\/11\/08OTT_EoF_FR.png","datePublished":"2022-10-21T06:30:20+00:00","author":{"@id":"https:\/\/www.unitedworldproject.org\/fr\/#\/schema\/person\/5e422fc57d77d69e6b4e36ac59a53201"},"breadcrumb":{"@id":"https:\/\/www.unitedworldproject.org\/fr\/economie-travail\/economie-de-francois-des-jeunes-pour-une-nouvelle-economie\/#breadcrumb"},"inLanguage":"fr-FR","potentialAction":[{"@type":"ReadAction","target":["https:\/\/www.unitedworldproject.org\/fr\/economie-travail\/economie-de-francois-des-jeunes-pour-une-nouvelle-economie\/"]}]},{"@type":"ImageObject","inLanguage":"fr-FR","@id":"https:\/\/www.unitedworldproject.org\/fr\/economie-travail\/economie-de-francois-des-jeunes-pour-une-nouvelle-economie\/#primaryimage","url":"https:\/\/www.unitedworldproject.org\/wp-content\/uploads\/2025\/11\/08OTT_EoF_FR.png","contentUrl":"https:\/\/www.unitedworldproject.org\/wp-content\/uploads\/2025\/11\/08OTT_EoF_FR.png","width":1920,"height":1080},{"@type":"BreadcrumbList","@id":"https:\/\/www.unitedworldproject.org\/fr\/economie-travail\/economie-de-francois-des-jeunes-pour-une-nouvelle-economie\/#breadcrumb","itemListElement":[{"@type":"ListItem","position":1,"name":"Home","item":"https:\/\/www.unitedworldproject.org\/fr\/"},{"@type":"ListItem","position":2,"name":"\u00c9conomie de Fran\u00e7ois\u202f: des jeunes pour une nouvelle \u00e9conomie"}]},{"@type":"WebSite","@id":"https:\/\/www.unitedworldproject.org\/fr\/#website","url":"https:\/\/www.unitedworldproject.org\/fr\/","name":"United World Project","description":"Championing fraternity and collaboration worldwide","potentialAction":[{"@type":"SearchAction","target":{"@type":"EntryPoint","urlTemplate":"https:\/\/www.unitedworldproject.org\/fr\/?s={search_term_string}"},"query-input":{"@type":"PropertyValueSpecification","valueRequired":true,"valueName":"search_term_string"}}],"inLanguage":"fr-FR"},{"@type":"Person","@id":"https:\/\/www.unitedworldproject.org\/fr\/#\/schema\/person\/5e422fc57d77d69e6b4e36ac59a53201","name":"anita","image":{"@type":"ImageObject","inLanguage":"fr-FR","@id":"https:\/\/secure.gravatar.com\/avatar\/6949a15dd913b50588eec00981bd52d8c6ac8351a258558d372496c670e4ff2c?s=96&d=mm&r=g","url":"https:\/\/secure.gravatar.com\/avatar\/6949a15dd913b50588eec00981bd52d8c6ac8351a258558d372496c670e4ff2c?s=96&d=mm&r=g","contentUrl":"https:\/\/secure.gravatar.com\/avatar\/6949a15dd913b50588eec00981bd52d8c6ac8351a258558d372496c670e4ff2c?s=96&d=mm&r=g","caption":"anita"},"url":"https:\/\/www.unitedworldproject.org\/fr\/author\/anita\/"}]}},"_links":{"self":[{"href":"https:\/\/www.unitedworldproject.org\/fr\/wp-json\/wp\/v2\/posts\/73084","targetHints":{"allow":["GET"]}}],"collection":[{"href":"https:\/\/www.unitedworldproject.org\/fr\/wp-json\/wp\/v2\/posts"}],"about":[{"href":"https:\/\/www.unitedworldproject.org\/fr\/wp-json\/wp\/v2\/types\/post"}],"author":[{"embeddable":true,"href":"https:\/\/www.unitedworldproject.org\/fr\/wp-json\/wp\/v2\/users\/2"}],"replies":[{"embeddable":true,"href":"https:\/\/www.unitedworldproject.org\/fr\/wp-json\/wp\/v2\/comments?post=73084"}],"version-history":[{"count":0,"href":"https:\/\/www.unitedworldproject.org\/fr\/wp-json\/wp\/v2\/posts\/73084\/revisions"}],"wp:featuredmedia":[{"embeddable":true,"href":"https:\/\/www.unitedworldproject.org\/fr\/wp-json\/wp\/v2\/media\/68094"}],"wp:attachment":[{"href":"https:\/\/www.unitedworldproject.org\/fr\/wp-json\/wp\/v2\/media?parent=73084"}],"wp:term":[{"taxonomy":"category","embeddable":true,"href":"https:\/\/www.unitedworldproject.org\/fr\/wp-json\/wp\/v2\/categories?post=73084"},{"taxonomy":"post_tag","embeddable":true,"href":"https:\/\/www.unitedworldproject.org\/fr\/wp-json\/wp\/v2\/tags?post=73084"}],"curies":[{"name":"wp","href":"https:\/\/api.w.org\/{rel}","templated":true}]}}