{"id":73568,"date":"2023-07-17T08:10:51","date_gmt":"2023-07-17T06:10:51","guid":{"rendered":"https:\/\/www.unitedworldproject.org\/economy-work\/linea-dombra-vient-detre-publie-le-nuovel-episode-de-sparks\/"},"modified":"2025-11-26T16:18:16","modified_gmt":"2025-11-26T15:18:16","slug":"linea-dombra-vient-detre-publie-le-nuovel-episode-de-sparks","status":"publish","type":"post","link":"https:\/\/www.unitedworldproject.org\/fr\/economie-travail\/linea-dombra-vient-detre-publie-le-nuovel-episode-de-sparks\/","title":{"rendered":"\u00ab\u00a0Linea d\u2019ombra\u00a0\u00bb: vient d\u2019\u00eatre publi\u00e9 le nouvel \u00e9pisode de Sparks"},"content":{"rendered":"<p><em>Le 16 juillet 2023 est sorti le nouvel \u00e9pisode du podcast United World Project : il raconte l\u2019histoire d\u2019un couple de Trieste (Italie), fondateur de \u00ab Linea d\u2019Ombra \u00bb, une association offrant des premiers secours aux migrants.<\/em><\/p>\n<p><strong>Un couple qui lutte pour les migrants des Balkans <\/strong><\/p>\n<p><strong>Lorena a 68 ans, Gian Andrea 85. Mari\u00e9s depuis plus de 30 ans, ils vivent \u00e0 Trieste<\/strong>, une ville de bord de mer au nord-est de l\u2019Italie. Chaque jour, en fin d\u2019apr\u00e8s-midi, les deux se rendent sur une grande place de leur ville et y restent jusque tard le soir, parfois jusqu\u2019\u00e0 minuit ou une heure du matin. Trieste est une ville c\u00e9l\u00e8bre pour ses ap\u00e9ritifs sur les places, mais ils n\u2019y vont pas pour \u00e7a. <strong>Trieste est aussi<\/strong> une ville frontali\u00e8re: elle n\u2019est situ\u00e9e qu\u2019\u00e0 quelques kilom\u00e8tres de la Slov\u00e9nie et, pour cette raison, ces derni\u00e8res ann\u00e9es, elle est devenue une destination pour de nombreux <strong>migrants venant d\u2019Afghanistan, du Pakistan, de Syrie <\/strong>et d\u2019ailleurs. De ces endroits, souvent meurtris par la guerre, la famine et l\u2019instabilit\u00e9 politique, fuient hommes, femmes et enfants. Chacun d\u2019eux traverse 6, 7 ou 8 \u00e9tats \u00e0 pied pour se rendre \u00e0 Trieste, par o\u00f9 beaucoup transitent, en vue de poursuivre leur voyage qui dure souvent de nombreuses ann\u00e9es.<\/p>\n<p><strong>Le nouvel \u00e9pisode du podcast <\/strong><\/p>\n<p>La nouvelle histoire que vous trouvez sur <em>Sparks<\/em> s\u2019intitule \u00ab Linea d\u2019ombra : <em>lights within the shadow<\/em>\u00a0\u00bb. Il raconte l\u2019histoire d\u2019un homme et d\u2019une femme qui se rendent chaque jour sur une place de leur ville pour aider les migrants, qui y arrivent \u00e9puis\u00e9s, <strong>apr\u00e8s avoir march\u00e9 des centaines de kilom\u00e8tres \u00e0 travers les bois, parfois sans chaussures,<\/strong> us\u00e9es par le voyage ou vol\u00e9es par les polices qui tentent de les arr\u00eater aux fronti\u00e8res. L\u2019une des premi\u00e8res choses que le couple a appris \u00e0 faire pour eux fut effectivement de soigner les blessures endur\u00e9es par leurs pieds. <strong>C\u2019est donc depuis 2019 qu\u2019existe<\/strong> \u00ab\u00a0<strong><em>Linea d\u2019ombra<\/em><\/strong>\u00a0\u00bb<strong>, l\u2019association fond\u00e9e par Lorena et Gian Andrea <\/strong>afin d\u2019aider les migrants qui ne sont pas accueillis par les institutions ou d\u2019autres organisations. Nous avons choisi leur histoire parce qu\u2019elle nous semble un t\u00e9moignage de grande constance et d\u00e9termination : elle nous sugg\u00e8re <strong>qu\u2019il n\u2019est<\/strong> <strong>jamais trop tard pour encha\u00eener \u00e0 faire la diff\u00e9rence.<\/strong><\/p>\n<p><strong>Les voix de deux <em>changemakers<\/em><\/strong><\/p>\n<p>\u00ab\u00a0Voil\u00e0 huit ans que lui et moi sommes en route tous les soirs &#8211; dit Lorena -, huit ans, sans jamais nous permettre de manquer un jour\u00a0\u00bb et, ajoute-t-elle d\u2019un ton s\u00e9rieux et convaincu, \u00ab\u00a0chaque jour, je me demande: que vais-je faire? <strong>Quel genre de vie avons-nous?<\/strong>\u00bb Pour s\u2019en donner la r\u00e9ponse, Lorena rapporte quelques mots de son mari : \u00abGian Andrea m\u2019a fourni une r\u00e9ponse qui me rassure, en me disant que nous \u00e9tions des voleurs. Nous sommes des voleurs qui, chaque jour, allons perp\u00e9trer notre <strong>vol de sens. \u00bb<\/strong> La nouvelle histoire \u00a0de <em>Sparks,<\/em> que \u00a0vous pouvez \u00e9couter \u00e0 partir d\u2019aujourd\u2019hui, est celle d\u2019un couple qui n\u2019est plus si jeune, qui continue courageusement \u00e0 se salir les mains pour les autres, tout en cherchant \u00e0 d\u00e9couvrir le sens de sa propre vie.<\/p>\n<p><strong>Qu\u2019est-ce que <em>Sparks <\/em>et o\u00f9 l\u2019\u00e9couter\u00a0?<\/strong><\/p>\n<p><em>Sparks <\/em>(\u00ab\u00a0\u00c9tincelles\u00a0\u00bb) est le nouveau <strong>podcast en anglais<\/strong> produit par <em>United World Project<\/em>. Il raconte <strong>des histoires de <em>changemakers<\/em><\/strong> inspir\u00e9s par une \u00e9tincelle qui les a pouss\u00e9s \u00e0 agir pour am\u00e9liorer leur soci\u00e9t\u00e9. Nous rappelons que vous pouvez retrouver chaque \u00e9pisode sur les principales plateformes de podcast : <a href=\"https:\/\/open.spotify.com\/episode\/1NQDeKDCOFc6zLQTOlo1Nx?si=s7lCw7-KTp-VX77mj26bjg&amp;nd=1\"><strong>Spotify, Apple Podcasts<\/strong><\/a>, <a href=\"https:\/\/podcasts.google.com\/feed\/aHR0cHM6Ly9hbmNob3IuZm0vcy9lM2YyMWI5MC9wb2RjYXN0L3Jzcw?ep=14\"><strong>Google Podcasts<\/strong><\/a>, <a href=\"https:\/\/music.amazon.com\/podcasts\/11bd63b5-62b0-4871-8b93-8ed7e5a4dfe2\/episodes\/85d5dd3a-459e-4072-81fd-8cdc599f103f\/sparks-sparks-mabs-small-kitchen-giving-back-to-society-one-jar-at-a-time\"><strong>Amazon Music<\/strong><\/a>, <a href=\"https:\/\/www.audible.com\/pd\/Sparks-Podcast\/B0C82WSSSV?action_code=ASSGB149080119000H&amp;share_location=pdp\"><strong>Audible<\/strong><\/a><strong>,\u00a0 <\/strong><a href=\"https:\/\/play.anghami.com\/podcast\/1040429364?adj_adgroup=podcast&amp;adj_t=dgl0aa8_64v1dnl&amp;adj_campaign=android&amp;adj_creative=49146633\"><strong>Anghami<\/strong><\/a><em> (cliquer sur le nom de la plateforme pour tout-de-suite \u00e9couter).<\/em><\/p>\n<p>Dites-nous ce que vous en pensez sur nos r\u00e9seaux sociaux ou \u00e0 l\u2019adresse <a href=\"mailto:mediaoffice@unitedworldproject.org\">mediaoffice@unitedworldproject.org<\/a>. <strong>Bonne \u00e9coute!<\/strong><\/p>\n<p class=\"paragraph\" style=\"margin: 0cm; text-align: justify; vertical-align: baseline;\"><img loading=\"lazy\" decoding=\"async\" class=\"aligncenter size-full wp-image-44770\" src=\"https:\/\/www.unitedworldproject.org\/wp-content\/uploads\/2025\/11\/sparks-podcast.jpg\" alt=\"\" width=\"600\" height=\"338\" \/><\/p>\n","protected":false},"excerpt":{"rendered":"<p>Le 16 juillet 2023 est sorti le nouvel \u00e9pisode du podcast United World Project : il raconte l\u2019histoire d\u2019un couple de Trieste (Italie), fondateur de \u00ab Linea d\u2019Ombra \u00bb, une association offrant des premiers secours aux migrants. Un couple qui lutte pour les migrants des Balkans Lorena a 68 ans, Gian Andrea 85. Mari\u00e9s depuis [&hellip;]<\/p>\n","protected":false},"author":2,"featured_media":68480,"comment_status":"closed","ping_status":"open","sticky":false,"template":"","format":"standard","meta":{"_acf_changed":false,"footnotes":""},"categories":[],"tags":[],"class_list":["post-73568","post","type-post","status-publish","format-standard","has-post-thumbnail","hentry"],"acf":[],"yoast_head":"<!-- This site is optimized with the Yoast SEO plugin v27.4 - https:\/\/yoast.com\/product\/yoast-seo-wordpress\/ -->\n<title>&quot;Linea d\u2019ombra&quot;: vient d\u2019\u00eatre publi\u00e9 le nouvel \u00e9pisode de Sparks - United World Project<\/title>\n<meta name=\"robots\" content=\"index, follow, max-snippet:-1, max-image-preview:large, max-video-preview:-1\" \/>\n<link rel=\"canonical\" href=\"https:\/\/www.unitedworldproject.org\/fr\/economie-travail\/linea-dombra-vient-detre-publie-le-nuovel-episode-de-sparks\/\" \/>\n<meta property=\"og:locale\" content=\"fr_FR\" \/>\n<meta property=\"og:type\" content=\"article\" \/>\n<meta property=\"og:title\" content=\"&quot;Linea d\u2019ombra&quot;: vient d\u2019\u00eatre publi\u00e9 le nouvel \u00e9pisode de Sparks - United World Project\" \/>\n<meta property=\"og:description\" content=\"Le 16 juillet 2023 est sorti le nouvel \u00e9pisode du podcast United World Project : il raconte l\u2019histoire d\u2019un couple de Trieste (Italie), fondateur de \u00ab Linea d\u2019Ombra \u00bb, une association offrant des premiers secours aux migrants. Un couple qui lutte pour les migrants des Balkans Lorena a 68 ans, Gian Andrea 85. Mari\u00e9s depuis [&hellip;]\" \/>\n<meta property=\"og:url\" content=\"https:\/\/www.unitedworldproject.org\/fr\/economie-travail\/linea-dombra-vient-detre-publie-le-nuovel-episode-de-sparks\/\" \/>\n<meta property=\"og:site_name\" content=\"United World Project\" \/>\n<meta property=\"article:published_time\" content=\"2023-07-17T06:10:51+00:00\" \/>\n<meta property=\"article:modified_time\" content=\"2025-11-26T15:18:16+00:00\" \/>\n<meta property=\"og:image\" content=\"https:\/\/www.unitedworldproject.org\/wp-content\/uploads\/2025\/11\/SPARKS-Episode-02_1920-\u00d7-1080-px-1024x576.png\" \/>\n\t<meta property=\"og:image:width\" content=\"1024\" \/>\n\t<meta property=\"og:image:height\" content=\"576\" \/>\n\t<meta property=\"og:image:type\" content=\"image\/png\" \/>\n<meta name=\"author\" content=\"anita\" \/>\n<meta name=\"twitter:card\" content=\"summary_large_image\" \/>\n<meta name=\"twitter:label1\" content=\"\u00c9crit par\" \/>\n\t<meta name=\"twitter:data1\" content=\"anita\" \/>\n\t<meta name=\"twitter:label2\" content=\"Dur\u00e9e de lecture estim\u00e9e\" \/>\n\t<meta name=\"twitter:data2\" content=\"3 minutes\" \/>\n<script type=\"application\/ld+json\" class=\"yoast-schema-graph\">{\"@context\":\"https:\\\/\\\/schema.org\",\"@graph\":[{\"@type\":\"Article\",\"@id\":\"https:\\\/\\\/www.unitedworldproject.org\\\/fr\\\/economie-travail\\\/linea-dombra-vient-detre-publie-le-nuovel-episode-de-sparks\\\/#article\",\"isPartOf\":{\"@id\":\"https:\\\/\\\/www.unitedworldproject.org\\\/fr\\\/economie-travail\\\/linea-dombra-vient-detre-publie-le-nuovel-episode-de-sparks\\\/\"},\"author\":{\"name\":\"anita\",\"@id\":\"https:\\\/\\\/www.unitedworldproject.org\\\/fr\\\/#\\\/schema\\\/person\\\/5e422fc57d77d69e6b4e36ac59a53201\"},\"headline\":\"\u00ab\u00a0Linea d\u2019ombra\u00a0\u00bb: vient d\u2019\u00eatre publi\u00e9 le nouvel \u00e9pisode de Sparks\",\"datePublished\":\"2023-07-17T06:10:51+00:00\",\"dateModified\":\"2025-11-26T15:18:16+00:00\",\"mainEntityOfPage\":{\"@id\":\"https:\\\/\\\/www.unitedworldproject.org\\\/fr\\\/economie-travail\\\/linea-dombra-vient-detre-publie-le-nuovel-episode-de-sparks\\\/\"},\"wordCount\":658,\"image\":{\"@id\":\"https:\\\/\\\/www.unitedworldproject.org\\\/fr\\\/economie-travail\\\/linea-dombra-vient-detre-publie-le-nuovel-episode-de-sparks\\\/#primaryimage\"},\"thumbnailUrl\":\"https:\\\/\\\/www.unitedworldproject.org\\\/wp-content\\\/uploads\\\/2025\\\/11\\\/SPARKS-Episode-02_1920-\u00d7-1080-px.png\",\"inLanguage\":\"fr-FR\"},{\"@type\":\"WebPage\",\"@id\":\"https:\\\/\\\/www.unitedworldproject.org\\\/fr\\\/economie-travail\\\/linea-dombra-vient-detre-publie-le-nuovel-episode-de-sparks\\\/\",\"url\":\"https:\\\/\\\/www.unitedworldproject.org\\\/fr\\\/economie-travail\\\/linea-dombra-vient-detre-publie-le-nuovel-episode-de-sparks\\\/\",\"name\":\"\\\"Linea d\u2019ombra\\\": vient d\u2019\u00eatre publi\u00e9 le nouvel \u00e9pisode de Sparks - United World Project\",\"isPartOf\":{\"@id\":\"https:\\\/\\\/www.unitedworldproject.org\\\/fr\\\/#website\"},\"primaryImageOfPage\":{\"@id\":\"https:\\\/\\\/www.unitedworldproject.org\\\/fr\\\/economie-travail\\\/linea-dombra-vient-detre-publie-le-nuovel-episode-de-sparks\\\/#primaryimage\"},\"image\":{\"@id\":\"https:\\\/\\\/www.unitedworldproject.org\\\/fr\\\/economie-travail\\\/linea-dombra-vient-detre-publie-le-nuovel-episode-de-sparks\\\/#primaryimage\"},\"thumbnailUrl\":\"https:\\\/\\\/www.unitedworldproject.org\\\/wp-content\\\/uploads\\\/2025\\\/11\\\/SPARKS-Episode-02_1920-\u00d7-1080-px.png\",\"datePublished\":\"2023-07-17T06:10:51+00:00\",\"dateModified\":\"2025-11-26T15:18:16+00:00\",\"author\":{\"@id\":\"https:\\\/\\\/www.unitedworldproject.org\\\/fr\\\/#\\\/schema\\\/person\\\/5e422fc57d77d69e6b4e36ac59a53201\"},\"breadcrumb\":{\"@id\":\"https:\\\/\\\/www.unitedworldproject.org\\\/fr\\\/economie-travail\\\/linea-dombra-vient-detre-publie-le-nuovel-episode-de-sparks\\\/#breadcrumb\"},\"inLanguage\":\"fr-FR\",\"potentialAction\":[{\"@type\":\"ReadAction\",\"target\":[\"https:\\\/\\\/www.unitedworldproject.org\\\/fr\\\/economie-travail\\\/linea-dombra-vient-detre-publie-le-nuovel-episode-de-sparks\\\/\"]}]},{\"@type\":\"ImageObject\",\"inLanguage\":\"fr-FR\",\"@id\":\"https:\\\/\\\/www.unitedworldproject.org\\\/fr\\\/economie-travail\\\/linea-dombra-vient-detre-publie-le-nuovel-episode-de-sparks\\\/#primaryimage\",\"url\":\"https:\\\/\\\/www.unitedworldproject.org\\\/wp-content\\\/uploads\\\/2025\\\/11\\\/SPARKS-Episode-02_1920-\u00d7-1080-px.png\",\"contentUrl\":\"https:\\\/\\\/www.unitedworldproject.org\\\/wp-content\\\/uploads\\\/2025\\\/11\\\/SPARKS-Episode-02_1920-\u00d7-1080-px.png\",\"width\":1920,\"height\":1080},{\"@type\":\"BreadcrumbList\",\"@id\":\"https:\\\/\\\/www.unitedworldproject.org\\\/fr\\\/economie-travail\\\/linea-dombra-vient-detre-publie-le-nuovel-episode-de-sparks\\\/#breadcrumb\",\"itemListElement\":[{\"@type\":\"ListItem\",\"position\":1,\"name\":\"Home\",\"item\":\"https:\\\/\\\/www.unitedworldproject.org\\\/fr\\\/\"},{\"@type\":\"ListItem\",\"position\":2,\"name\":\"&#8220;Linea d\u2019ombra&#8221;: vient d\u2019\u00eatre publi\u00e9 le nouvel \u00e9pisode de Sparks\"}]},{\"@type\":\"WebSite\",\"@id\":\"https:\\\/\\\/www.unitedworldproject.org\\\/fr\\\/#website\",\"url\":\"https:\\\/\\\/www.unitedworldproject.org\\\/fr\\\/\",\"name\":\"United World Project\",\"description\":\"Championing fraternity and collaboration worldwide\",\"potentialAction\":[{\"@type\":\"SearchAction\",\"target\":{\"@type\":\"EntryPoint\",\"urlTemplate\":\"https:\\\/\\\/www.unitedworldproject.org\\\/fr\\\/?s={search_term_string}\"},\"query-input\":{\"@type\":\"PropertyValueSpecification\",\"valueRequired\":true,\"valueName\":\"search_term_string\"}}],\"inLanguage\":\"fr-FR\"},{\"@type\":\"Person\",\"@id\":\"https:\\\/\\\/www.unitedworldproject.org\\\/fr\\\/#\\\/schema\\\/person\\\/5e422fc57d77d69e6b4e36ac59a53201\",\"name\":\"anita\",\"image\":{\"@type\":\"ImageObject\",\"inLanguage\":\"fr-FR\",\"@id\":\"https:\\\/\\\/secure.gravatar.com\\\/avatar\\\/6949a15dd913b50588eec00981bd52d8c6ac8351a258558d372496c670e4ff2c?s=96&d=mm&r=g\",\"url\":\"https:\\\/\\\/secure.gravatar.com\\\/avatar\\\/6949a15dd913b50588eec00981bd52d8c6ac8351a258558d372496c670e4ff2c?s=96&d=mm&r=g\",\"contentUrl\":\"https:\\\/\\\/secure.gravatar.com\\\/avatar\\\/6949a15dd913b50588eec00981bd52d8c6ac8351a258558d372496c670e4ff2c?s=96&d=mm&r=g\",\"caption\":\"anita\"},\"url\":\"https:\\\/\\\/www.unitedworldproject.org\\\/fr\\\/author\\\/anita\\\/\"}]}<\/script>\n<!-- \/ Yoast SEO plugin. -->","yoast_head_json":{"title":"\"Linea d\u2019ombra\": vient d\u2019\u00eatre publi\u00e9 le nouvel \u00e9pisode de Sparks - United World Project","robots":{"index":"index","follow":"follow","max-snippet":"max-snippet:-1","max-image-preview":"max-image-preview:large","max-video-preview":"max-video-preview:-1"},"canonical":"https:\/\/www.unitedworldproject.org\/fr\/economie-travail\/linea-dombra-vient-detre-publie-le-nuovel-episode-de-sparks\/","og_locale":"fr_FR","og_type":"article","og_title":"\"Linea d\u2019ombra\": vient d\u2019\u00eatre publi\u00e9 le nouvel \u00e9pisode de Sparks - United World Project","og_description":"Le 16 juillet 2023 est sorti le nouvel \u00e9pisode du podcast United World Project : il raconte l\u2019histoire d\u2019un couple de Trieste (Italie), fondateur de \u00ab Linea d\u2019Ombra \u00bb, une association offrant des premiers secours aux migrants. Un couple qui lutte pour les migrants des Balkans Lorena a 68 ans, Gian Andrea 85. Mari\u00e9s depuis [&hellip;]","og_url":"https:\/\/www.unitedworldproject.org\/fr\/economie-travail\/linea-dombra-vient-detre-publie-le-nuovel-episode-de-sparks\/","og_site_name":"United World Project","article_published_time":"2023-07-17T06:10:51+00:00","article_modified_time":"2025-11-26T15:18:16+00:00","og_image":[{"width":1024,"height":576,"url":"https:\/\/www.unitedworldproject.org\/wp-content\/uploads\/2025\/11\/SPARKS-Episode-02_1920-\u00d7-1080-px-1024x576.png","type":"image\/png"}],"author":"anita","twitter_card":"summary_large_image","twitter_misc":{"\u00c9crit par":"anita","Dur\u00e9e de lecture estim\u00e9e":"3 minutes"},"schema":{"@context":"https:\/\/schema.org","@graph":[{"@type":"Article","@id":"https:\/\/www.unitedworldproject.org\/fr\/economie-travail\/linea-dombra-vient-detre-publie-le-nuovel-episode-de-sparks\/#article","isPartOf":{"@id":"https:\/\/www.unitedworldproject.org\/fr\/economie-travail\/linea-dombra-vient-detre-publie-le-nuovel-episode-de-sparks\/"},"author":{"name":"anita","@id":"https:\/\/www.unitedworldproject.org\/fr\/#\/schema\/person\/5e422fc57d77d69e6b4e36ac59a53201"},"headline":"\u00ab\u00a0Linea d\u2019ombra\u00a0\u00bb: vient d\u2019\u00eatre publi\u00e9 le nouvel \u00e9pisode de Sparks","datePublished":"2023-07-17T06:10:51+00:00","dateModified":"2025-11-26T15:18:16+00:00","mainEntityOfPage":{"@id":"https:\/\/www.unitedworldproject.org\/fr\/economie-travail\/linea-dombra-vient-detre-publie-le-nuovel-episode-de-sparks\/"},"wordCount":658,"image":{"@id":"https:\/\/www.unitedworldproject.org\/fr\/economie-travail\/linea-dombra-vient-detre-publie-le-nuovel-episode-de-sparks\/#primaryimage"},"thumbnailUrl":"https:\/\/www.unitedworldproject.org\/wp-content\/uploads\/2025\/11\/SPARKS-Episode-02_1920-\u00d7-1080-px.png","inLanguage":"fr-FR"},{"@type":"WebPage","@id":"https:\/\/www.unitedworldproject.org\/fr\/economie-travail\/linea-dombra-vient-detre-publie-le-nuovel-episode-de-sparks\/","url":"https:\/\/www.unitedworldproject.org\/fr\/economie-travail\/linea-dombra-vient-detre-publie-le-nuovel-episode-de-sparks\/","name":"\"Linea d\u2019ombra\": vient d\u2019\u00eatre publi\u00e9 le nouvel \u00e9pisode de Sparks - United World Project","isPartOf":{"@id":"https:\/\/www.unitedworldproject.org\/fr\/#website"},"primaryImageOfPage":{"@id":"https:\/\/www.unitedworldproject.org\/fr\/economie-travail\/linea-dombra-vient-detre-publie-le-nuovel-episode-de-sparks\/#primaryimage"},"image":{"@id":"https:\/\/www.unitedworldproject.org\/fr\/economie-travail\/linea-dombra-vient-detre-publie-le-nuovel-episode-de-sparks\/#primaryimage"},"thumbnailUrl":"https:\/\/www.unitedworldproject.org\/wp-content\/uploads\/2025\/11\/SPARKS-Episode-02_1920-\u00d7-1080-px.png","datePublished":"2023-07-17T06:10:51+00:00","dateModified":"2025-11-26T15:18:16+00:00","author":{"@id":"https:\/\/www.unitedworldproject.org\/fr\/#\/schema\/person\/5e422fc57d77d69e6b4e36ac59a53201"},"breadcrumb":{"@id":"https:\/\/www.unitedworldproject.org\/fr\/economie-travail\/linea-dombra-vient-detre-publie-le-nuovel-episode-de-sparks\/#breadcrumb"},"inLanguage":"fr-FR","potentialAction":[{"@type":"ReadAction","target":["https:\/\/www.unitedworldproject.org\/fr\/economie-travail\/linea-dombra-vient-detre-publie-le-nuovel-episode-de-sparks\/"]}]},{"@type":"ImageObject","inLanguage":"fr-FR","@id":"https:\/\/www.unitedworldproject.org\/fr\/economie-travail\/linea-dombra-vient-detre-publie-le-nuovel-episode-de-sparks\/#primaryimage","url":"https:\/\/www.unitedworldproject.org\/wp-content\/uploads\/2025\/11\/SPARKS-Episode-02_1920-\u00d7-1080-px.png","contentUrl":"https:\/\/www.unitedworldproject.org\/wp-content\/uploads\/2025\/11\/SPARKS-Episode-02_1920-\u00d7-1080-px.png","width":1920,"height":1080},{"@type":"BreadcrumbList","@id":"https:\/\/www.unitedworldproject.org\/fr\/economie-travail\/linea-dombra-vient-detre-publie-le-nuovel-episode-de-sparks\/#breadcrumb","itemListElement":[{"@type":"ListItem","position":1,"name":"Home","item":"https:\/\/www.unitedworldproject.org\/fr\/"},{"@type":"ListItem","position":2,"name":"&#8220;Linea d\u2019ombra&#8221;: vient d\u2019\u00eatre publi\u00e9 le nouvel \u00e9pisode de Sparks"}]},{"@type":"WebSite","@id":"https:\/\/www.unitedworldproject.org\/fr\/#website","url":"https:\/\/www.unitedworldproject.org\/fr\/","name":"United World Project","description":"Championing fraternity and collaboration worldwide","potentialAction":[{"@type":"SearchAction","target":{"@type":"EntryPoint","urlTemplate":"https:\/\/www.unitedworldproject.org\/fr\/?s={search_term_string}"},"query-input":{"@type":"PropertyValueSpecification","valueRequired":true,"valueName":"search_term_string"}}],"inLanguage":"fr-FR"},{"@type":"Person","@id":"https:\/\/www.unitedworldproject.org\/fr\/#\/schema\/person\/5e422fc57d77d69e6b4e36ac59a53201","name":"anita","image":{"@type":"ImageObject","inLanguage":"fr-FR","@id":"https:\/\/secure.gravatar.com\/avatar\/6949a15dd913b50588eec00981bd52d8c6ac8351a258558d372496c670e4ff2c?s=96&d=mm&r=g","url":"https:\/\/secure.gravatar.com\/avatar\/6949a15dd913b50588eec00981bd52d8c6ac8351a258558d372496c670e4ff2c?s=96&d=mm&r=g","contentUrl":"https:\/\/secure.gravatar.com\/avatar\/6949a15dd913b50588eec00981bd52d8c6ac8351a258558d372496c670e4ff2c?s=96&d=mm&r=g","caption":"anita"},"url":"https:\/\/www.unitedworldproject.org\/fr\/author\/anita\/"}]}},"_links":{"self":[{"href":"https:\/\/www.unitedworldproject.org\/fr\/wp-json\/wp\/v2\/posts\/73568","targetHints":{"allow":["GET"]}}],"collection":[{"href":"https:\/\/www.unitedworldproject.org\/fr\/wp-json\/wp\/v2\/posts"}],"about":[{"href":"https:\/\/www.unitedworldproject.org\/fr\/wp-json\/wp\/v2\/types\/post"}],"author":[{"embeddable":true,"href":"https:\/\/www.unitedworldproject.org\/fr\/wp-json\/wp\/v2\/users\/2"}],"replies":[{"embeddable":true,"href":"https:\/\/www.unitedworldproject.org\/fr\/wp-json\/wp\/v2\/comments?post=73568"}],"version-history":[{"count":1,"href":"https:\/\/www.unitedworldproject.org\/fr\/wp-json\/wp\/v2\/posts\/73568\/revisions"}],"predecessor-version":[{"id":73569,"href":"https:\/\/www.unitedworldproject.org\/fr\/wp-json\/wp\/v2\/posts\/73568\/revisions\/73569"}],"wp:featuredmedia":[{"embeddable":true,"href":"https:\/\/www.unitedworldproject.org\/fr\/wp-json\/wp\/v2\/media\/68480"}],"wp:attachment":[{"href":"https:\/\/www.unitedworldproject.org\/fr\/wp-json\/wp\/v2\/media?parent=73568"}],"wp:term":[{"taxonomy":"category","embeddable":true,"href":"https:\/\/www.unitedworldproject.org\/fr\/wp-json\/wp\/v2\/categories?post=73568"},{"taxonomy":"post_tag","embeddable":true,"href":"https:\/\/www.unitedworldproject.org\/fr\/wp-json\/wp\/v2\/tags?post=73568"}],"curies":[{"name":"wp","href":"https:\/\/api.w.org\/{rel}","templated":true}]}}