{"id":74300,"date":"2025-04-25T04:23:27","date_gmt":"2025-04-25T02:23:27","guid":{"rendered":"https:\/\/www.unitedworldproject.org\/economy-work\/strade-maestre-quando-la-scuola-si-mette-in-cammino-incontro-con-niccolo-gori-sassoli-3\/"},"modified":"2025-11-26T16:25:35","modified_gmt":"2025-11-26T15:25:35","slug":"strade-maestre-quando-la-scuola-si-mette-in-cammino-incontro-con-niccolo-gori-sassoli-3","status":"publish","type":"post","link":"https:\/\/www.unitedworldproject.org\/fr\/economie-travail\/strade-maestre-quando-la-scuola-si-mette-in-cammino-incontro-con-niccolo-gori-sassoli-3\/","title":{"rendered":"\u00ab Strade Maestre \u00bb: quand l&rsquo;\u00e9cole se met en chemin &#8211; Rencontre avec Niccol\u00f2 Gori Sassoli"},"content":{"rendered":"<p><em>Un projet italien r\u00e9invente l&rsquo;\u00e9ducation : cours en plein air, randonn\u00e9es et apprentissage par l\u2019exp\u00e9rience pour les adolescents qui traversent le pays \u00e0 pied pendant une ann\u00e9e scolaire.<\/em><\/p>\n<p>\u00ab <a href=\"http:\/\/www.strademaestre.org\/\">Strade maestre <\/a>\u00bb (trad.\u00a0: Routes Enseignantes-) est un projet jeune, en devenir, mais d\u00e9j\u00e0 tr\u00e8s int\u00e9ressant. Il met en relation l&rsquo;\u00e9cole avec le chemin, le voyage, l&rsquo;\u00e9cologie, l&rsquo;activit\u00e9 physique. Pendant un an, un groupe de jeunes vit une exp\u00e9rience scolaire particuli\u00e8re : en dehors de la salle de classe et des cours \u00ab en frontal \u00bb. Niccol\u00f3 Gori Sassoli, l&rsquo;un des fondateurs, nous dit tout.<\/p>\n<p><strong>Comment est n\u00e9e l&rsquo;id\u00e9e de \u00ab\u00a0Strade Maestre\u00a0\u00bb ?<\/strong><\/p>\n<p>De la rencontre, en 2021, entre cinq personnes qui \u0153uvrent au croisement entre le monde des chemins et celui de l&rsquo;\u00e9ducation, aux intersections entre randonn\u00e9e et connaissance du pays, \u00e9ducation environnementale et innovation sociale, enseignement et th\u00e9rapie de la montagne, parcours judiciaires et \u00e9coles d\u2019avant-garde. Avec moi, qui travaille dans le domaine de la communication associative, il y a Marcello Paolocci, Marco Saverio Loperfido (tous deux guides en environnement et de randonn\u00e9e), Roberta Cortella (enseignante et documentariste) et Emilio Ruffolo (psychoth\u00e9rapeute).<\/p>\n<figure id=\"attachment_56682\" aria-describedby=\"caption-attachment-56682\" style=\"width: 1604px\" class=\"wp-caption aligncenter\"><img loading=\"lazy\" decoding=\"async\" class=\"size-full wp-image-56682\" src=\"https:\/\/www.unitedworldproject.org\/wp-content\/uploads\/2025\/11\/Strade-Maestre_Blog1-171.-Strade-Maestre-a-Firenze-dove-passano-le-itale-glorie.jpg\" alt=\"Strade Maestre_Blog - 171. Strade Maestre a Firenze - dove passano le itale glorie\" width=\"1604\" height=\"1200\" \/><figcaption id=\"caption-attachment-56682\" class=\"wp-caption-text\">Strade Maestre_Blog &#8211; 171. Strade Maestre a Firenze &#8211; dove passano le itale glorie<\/figcaption><\/figure>\n<p><strong>Roberta et Marco avaient travaill\u00e9 ensemble (la premi\u00e8re en tant que r\u00e9alisatrice et le second en tant que guide) dans la s\u00e9rie documentaire <\/strong><a href=\"https:\/\/www.raiplay.it\/programmi\/boez1\"><strong>Boez<\/strong><\/a><strong> (2019, sur <\/strong><a href=\"https:\/\/www.raiplay.it\/programmi\/boez1\"><strong>Raiplay<\/strong><\/a><strong>) : trois mois le long de la Via Francigena pour un chemin de r\u00e9habilitation procur\u00e9 aux d\u00e9linquants juv\u00e9niles.<\/strong><\/p>\n<p>Marco, un ami, et Marcello, en discutant, se sont demand\u00e9 si un tel projet pouvait s\u2019appliquer au niveau \u00e9ducatif et scolaire. Il m&rsquo;ont contact\u00e9 alors que j&rsquo;\u00e9tais en France avec ma femme et mes filles (alors \u00e2g\u00e9es de 7 et 10 ans) pour un voyage d&rsquo;une ann\u00e9e scolaire de la Calabre \u00e0 l&rsquo;Andalousie.<\/p>\n<p><strong>Comment as-tu r\u00e9agi ?<\/strong><\/p>\n<p>Avec enthousiasme, et impliquant Emilio Ruffolo, psychologue, expert en p\u00e9dagogie et en \u00e9ducation, rencontr\u00e9 lors de ce voyage\u00a0: la premi\u00e8re \u00e9tape \u00e9tait \u00e0 Rende, en Calabre, dans l&rsquo;\u00e9cole de plein air Castalia, fond\u00e9e par sa femme et lui.<\/p>\n<p><strong>Quintette au complet\u00a0! Et ensuite ?<\/strong><\/p>\n<p>Nous avons cr\u00e9\u00e9 la coop\u00e9rative sociale CamminaMenti : l&rsquo;instrument administratif et de gestion pour donner corps \u00e0 l&rsquo;id\u00e9e. En septembre 2024 nous sommes partis pour cette aventure dont je m&rsquo;occupe, en particulier, de la communication, de l&rsquo;organisation et des relations.<\/p>\n<p><strong>Comment avez-vous choisi les jeunes ? \u00a0\u00a0\u00a0\u00a0\u00a0\u00a0\u00a0\u00a0\u00a0\u00a0\u00a0 <\/strong><\/p>\n<p>Avec, en quelque sorte, un appel aliment\u00e9 par le bouche-\u00e0-oreille. \u00c0 partir des entretiens en ligne avec les familles int\u00e9ress\u00e9es, fut form\u00e9 un groupe de huit jeunes. Pour l&rsquo;ann\u00e9e prochaine, nous avons re\u00e7u plus d&rsquo;une centaine de candidatures\u00a0: nous pr\u00e9voyons constituer deux classes d&rsquo;une dizaine de jeunes. <strong>Nous esp\u00e9rons trouver les ressources \u00e9conomiques pour que ces jeunes puissent partir quelles que soient les conditions \u00e9conomiques de leur famille<\/strong>. Pour l&rsquo;avenir, nous esp\u00e9rons que l&rsquo;exp\u00e9rience soit reproduite, aussi en dehors d\u2019Italie.<\/p>\n<p><strong>En quoi cette exp\u00e9rience est-elle \u00e9cologique ?<\/strong><\/p>\n<p><strong>\u00catre \u00e9cologique signifie comprendre que l&rsquo;humanit\u00e9 n&rsquo;est pas ind\u00e9pendante du reste de la nature,<\/strong> que nous vivons dans un syst\u00e8me complexe, un <strong>\u00e9cosyst\u00e8me avec lequel nous sommes en lien par des rapports d&rsquo;interd\u00e9pendance dynamiques<\/strong>, qui exigent des <strong>soins, un \u00e9quilibre entre donner et recevoir<\/strong>. Pendant longtemps, nous avons omis de nous en souvenir. Aujourd&rsquo;hui, nous sommes plus conscients des cons\u00e9quences de ce manquement.<\/p>\n<p><strong>Quelle est l&rsquo;importance du mot <\/strong>\u00ab<strong> chemin <\/strong>\u00bb<strong> pour Strade Maestre ?<\/strong><\/p>\n<p><strong>La marche r\u00e9active l\u2019essentiel en nous, nous fait r\u00e9fl\u00e9chir sur notre intelligence, nos sentiments, notre corps et aussi sur notre dimension spirituelle<\/strong>. Le concept du chemin est central au projet, tout comme <strong>faire partie d&rsquo;un groupe et rechercher l&rsquo;essentialit\u00e9 et la profondeur en union avec la l\u00e9g\u00e8ret\u00e9<\/strong>. Faire <strong>un long voyage vous rend conscient des r\u00e9els besoins :<\/strong> ce qu\u2019il est opportun de porter sur ses \u00e9paules, comment g\u00e9rer ses \u00e9nergies, ses \u00e9quilibres, mieux se conna\u00eetre soi-m\u00eame &#8211; jambes, yeux, esprit, c\u0153ur, relations &#8211; en fonction du monde que nous rencontrons au long de la route.<\/p>\n<p><strong>Et comment tout cela se relie-t-il \u00e0 l&rsquo;\u00e9cole ?<\/strong><\/p>\n<p>Faire l&rsquo;\u00e9cole en chemin permet de s&rsquo;affranchir des sch\u00e9mas que l&rsquo;\u00e9cole habituellement impose : le cours \u00ab\u00a0frontal\u00a0\u00bb \u00e0 l&rsquo;int\u00e9rieur d&rsquo;une salle, les coups de cloche, la fragmentation entre les mati\u00e8res. <strong>Voyager permet de relier les notions acquises avec les lieux travers\u00e9s et le v\u00e9cu quotidien <\/strong>: des emplettes \u00e0 faire \u00e0 la relation avec qui t\u2019h\u00e9berge. En route, l&rsquo;histoire, la g\u00e9ographie, la litt\u00e9rature, la science sont comprises dans leur interaction : \u00e0 Pomp\u00e9i, on peut parler de volcanologie et d&rsquo;histoire romaine. Cette ann\u00e9e, les jeunes \u00e9taient sur l&rsquo;Etna et sur les lieux de Pirandello en Sicile, sur ceux de Dante \u00e0 Florence (<a href=\"https:\/\/umap.openstreetmap.fr\/it\/map\/strade-maestre-2024-2025_1103466?scaleControl=false&amp;miniMap=false&amp;scrollWheelZoom=true&amp;zoomControl=true&amp;editMode=disabled&amp;moreControl=true&amp;searchControl=null&amp;tilelayersControl=null&amp;embedControl=null&amp;datalayersControl=true&amp;onLoadPanel=none&amp;captionBar=false&amp;captionMenus=true#6\/41.910\/12.997\">ici la carte<\/a> de l&rsquo;itin\u00e9raire de la premi\u00e8re ann\u00e9e scolaire en chemin). \u00catre dans le monde ouvre \u00e0 de continuelles exp\u00e9riences pratiques et \u00e0 un travail sur l&rsquo;autonomie et sur le groupe. <strong>Il \u00e9duque \u00e0 la r\u00e9ciprocit\u00e9 en une \u00e9poque hautement individualiste, <\/strong>\u00e0 faire partie d&rsquo;un <strong>\u00e9cosyst\u00e8me<\/strong> dans un sens int\u00e9gral, social, humain.<\/p>\n<figure id=\"attachment_56692\" aria-describedby=\"caption-attachment-56692\" style=\"width: 1920px\" class=\"wp-caption aligncenter\"><img loading=\"lazy\" decoding=\"async\" class=\"size-full wp-image-56692\" src=\"https:\/\/www.unitedworldproject.org\/wp-content\/uploads\/2025\/11\/Strade-Maestre_Blog3-150.-Rafting-sul-fiume-Ombrone-.jpg\" alt=\"Strade Maestre_Blog - 150. Rafting sul fiume Ombrone\" width=\"1920\" height=\"1080\" \/><figcaption id=\"caption-attachment-56692\" class=\"wp-caption-text\">Strade Maestre_Blog &#8211; 150. Rafting sul fiume Ombrone<\/figcaption><\/figure>\n<p><strong>En quel rapport se trouvent nature et culture dans votre parcours ?<\/strong><\/p>\n<p>Comme dans la vie, il n\u2019y a pas de s\u00e9paration. <strong>Notre culture d\u00e9rive de la nature<\/strong>. D&rsquo;o\u00f9 le travail sur l&rsquo;<strong>interdisciplinarit\u00e9<\/strong>, en se rappelant que <strong>de la nature nous ne sommes pas ma\u00eetres<\/strong>, mais gardiens et d\u00e9positaires.<\/p>\n<p><strong>Laudato Si&rsquo; nous le rappelle aussi<\/strong>.<\/p>\n<p>Nous nous sentons proches des messages du pape Fran\u00e7ois et d&rsquo;autres spiritualit\u00e9s, de m\u00eame qu\u2019avec la science elle-m\u00eame, qui comprend l&rsquo;importance de certaines interconnexions. <strong>La marche favorise la transcendance <\/strong>: \u00e0 l&rsquo;int\u00e9rieur d&rsquo;une for\u00eat, c&rsquo;est plus facile que dans une bo\u00eete en b\u00e9ton.<\/p>\n<p><strong>Comment les enseignants sont-ils choisis\u00a0?<\/strong><\/p>\n<p>En cette premi\u00e8re ann\u00e9e, ce sont trois des cinq fondateurs du projet. Par l&rsquo;attention des m\u00e9dias et du monde de l&rsquo;\u00e9ducation, nous avons re\u00e7u des dizaines de demandes d&rsquo;enseignants, d&rsquo;\u00e9ducateurs, de scouts: ils d\u00e9sirent partir avec nous ou organiser des rencontres. Au cours de cette premi\u00e8re ann\u00e9e, nous en avons d\u00e9j\u00e0 eues plusieurs avec ces personnes\u00a0; \u00e0 l&rsquo;avenir, nous aimerions partager ces contacts de mani\u00e8re g\u00e9n\u00e9rative, peut-\u00eatre en cr\u00e9ant un r\u00e9pertoire ouvert. Avec la coop\u00e9rative CamminaMenti, nous travaillons \u00e0 construire un r\u00e9seau d&rsquo;enseignants, de guides, d&rsquo;\u00e9ducateurs, d&rsquo;associations et de lieux de s\u00e9jour qui, \u00e0 diff\u00e9rents niveaux, peuvent faire cro\u00eetre la proposition de Strade Maestre. Nous sommes ouverts \u00e0 l&rsquo;\u00e9coute. Sur notre site web, il y a une <a href=\"https:\/\/www.strademaestre.org\/guide-insegnanti\/\"><strong>section d\u00e9di\u00e9e<\/strong><\/a><strong> \u00e0 qui souhaite postuler en tant que guide-enseignant\u00a0: <\/strong>en quelques mois, plus de 150 personnes nous ont contact\u00e9s. Avec certaines d&rsquo;entre elles, nous travaillons \u00e0 planifier la prochaine ann\u00e9e de Strade Maestre et d&rsquo;autres projets d&rsquo;\u00e9ducation en chemin. Malheureusement, nous ne sommes pas en mesure de r\u00e9pondre \u00e0 tout le monde\u00a0: nous sommes une r\u00e9alisation jeune et petite, avec l\u2019espoir que les r\u00e9seaux dont nous faisons partie accueillent ce ferment.<\/p>\n<p><strong>\u00c0 la recherche d&rsquo;autres fructueuses relations<\/strong><\/p>\n<p>Nous sommes ouverts aux collaborations, nous mettons notre exp\u00e9rience \u00e0 disposition dans une perspective open source. Nous sommes en discussion avec divers organismes d\u2019\u00e9ducation : fondations et associations actives au niveau national telles que le CAI, le Club alpin italien, l&rsquo;AIGAE (Association des guides de randonn\u00e9e environnementaux), l&rsquo;AGESCI (Association des guides et scouts catholiques italiens), l&rsquo;INDIRE (Institut national de documentation et d&rsquo;innovation de la recherche p\u00e9dagogique dans les \u00e9coles italiennes, qui fait partie du minist\u00e8re italien de l&rsquo;Instruction).<\/p>\n<p><strong>Quel est l&rsquo;\u00e2ge de vos \u00e9l\u00e8ves pour l&rsquo;ann\u00e9e en cours et la suivante ?<\/strong><\/p>\n<p>Ce sont des jeunes dans les trois derni\u00e8res ann\u00e9es du lyc\u00e9e, entre 16 et 18 ans.<\/p>\n<p><strong>\u00a0<\/strong><\/p>\n<p><strong>Est-ce pour eux l&rsquo;\u00e9quivalent d&rsquo;une ann\u00e9e scolaire normale ?<\/strong><\/p>\n<p>Dans cette sorte d&rsquo;\u00ab ann\u00e9e z\u00e9ro \u00bb, les jeunes se retrouvent en statut d\u2019enseignement parental : leurs parents assument la responsabilit\u00e9 de les \u00e9duquer et la d\u00e9l\u00e8guent en fait \u00e0 notre coop\u00e9rative. \u00c0 la fin de l&rsquo;ann\u00e9e, ils passeront un examen en priv\u00e9, selon un programme convenu avec les \u00e9coles d&rsquo;origine. \u00c0 moyen terme, nous aimerions que l&rsquo;ann\u00e9e \u00ab\u00a0en chemin\u00a0\u00bb soit assimil\u00e9e \u00e0 une ann\u00e9e d&rsquo;\u00e9cole \u00e0 l&rsquo;\u00e9tranger. \u00c0 long terme, nous esp\u00e9rons qu\u2019eux aussi, les enseignants engag\u00e9s dans le syst\u00e8me \u00e9ducatif public italien, pourront \u00ab\u00a0\u00eatre d\u00e9tach\u00e9s\u00a0\u00bb pour effectuer une ann\u00e9e de service en chemin, comme c&rsquo;est le cas, par exemple, pour qui travaille dans les prisons ou les h\u00f4pitaux.<\/p>\n<p><strong>Est-il possible qu&rsquo;au cours du voyage, aux rencontres et lieux pr\u00e9vus s&rsquo;en ajoutent d&rsquo;autres\u00a0 ?<\/strong><\/p>\n<p>Certainement\u00a0! <strong>Le programme est en cours d&rsquo;\u00e9laboration <\/strong>: nous prenons contact avec des lieux et des personnes et planifions activit\u00e9s et rencontres, mais nous sommes ouverts \u00e0 d\u2019\u00e9ventuels d\u00e9tours. L&rsquo;itin\u00e9raire alterne des jours de marche avec, chaque soir, des changements de lieu en p\u00e9riode de r\u00e9sidence. Il y a un canevas, un plan avec les lieux d\u2019h\u00e9bergement\u00a0 (associations, paroisses, \u00e9coles, offices de tourisme, municipalit\u00e9s), mais il peut arriver qu&rsquo;un soir le groupe doive changer de programme. Il en va de m\u00eame pour l&rsquo;enseignement : en ce moment approchant les examens, les \u00e9l\u00e8ves se concentrent sur l&rsquo;\u00e9tude au sens classique, avec les livres, par rapport aux phases o\u00f9 presque tous les jours nous avons eu des r\u00e9unions aux endroits travers\u00e9s.<\/p>\n<p><strong>Comment se d\u00e9roulent les cours ?<\/strong><\/p>\n<p>Les cours de mati\u00e8re principale se d\u00e9roulent en pr\u00e9sence, avec les guides-enseignants qui accompagnent le groupe en chemin, chacun avec son propre domaine d&rsquo;enseignement. Ensuite, il y a des guides-enseignants de certaines mati\u00e8res sp\u00e9cifiques, avec une fonction de tuteurs exerc\u00e9e principalement \u00e0 distance, en ligne, vu que les participants suivent diff\u00e9rents secteurs\u00a0: lyc\u00e9e scientifique, linguistique, artistique, sciences humaines, institut agricole.<\/p>\n<p><strong>Tout cela me semble tr\u00e8s int\u00e9ressant, mais aussi \u00e9prouvant. <\/strong><\/p>\n<p>C&rsquo;est d\u00e9finitivement le cas : <strong>il n&rsquo;est pas facile de vivre ensemble longtemps, en petit groupe, parfois dans des conditions spartiates.<\/strong> Il y a toutefois une libert\u00e9, pour les jeunes et pour les guides, de rechercher leur propre espace, mais aussi de suspendre le voyage pendant quelques jours et rentrer chez eux. C\u2019est d\u00e9j\u00e0 arriv\u00e9, comme il arrivait que leurs parents venaient leur rendre visite, ou que nous passions chez eux. Il y a de la flexibilit\u00e9.<\/p>\n<figure id=\"attachment_56697\" aria-describedby=\"caption-attachment-56697\" style=\"width: 1920px\" class=\"wp-caption aligncenter\"><img loading=\"lazy\" decoding=\"async\" class=\"size-full wp-image-56697\" src=\"https:\/\/www.unitedworldproject.org\/wp-content\/uploads\/2025\/11\/Strade-Maestre_Blog4-144.-Tempo-di-esami-per-Strade-Maestre.jpg\" alt=\"Strade Maestre_Blog - 144. Tempo di esami per Strade Maestre!\" width=\"1920\" height=\"1080\" \/><figcaption id=\"caption-attachment-56697\" class=\"wp-caption-text\">Strade Maestre_Blog &#8211; 144. Tempo di esami per Strade Maestre!<\/figcaption><\/figure>\n<p><strong>Je lis sur votre site : \u00ab Personne n&rsquo;\u00e9duque personne, personne ne s&rsquo;\u00e9duque seul, les hommes s&rsquo;\u00e9duquent ensemble, avec la m\u00e9diation du monde \u00bb. D\u2019accord de d\u00e9velopper cette phrase ?<\/strong><\/p>\n<p>C&rsquo;est une phrase du p\u00e9dagogue <strong>Paulo Freire<\/strong>. Cela signifie que <strong>nous vivons en relation avec les autres, dans le monde<\/strong>. C&rsquo;est \u00e0 chacun d&rsquo;entre nous, selon son jugement et ses interactions,<strong> de trouver la route pour s&rsquo;\u00e9duquer<\/strong>. Sur le chemin, le parcours \u00e9ducatif concerne \u00e0 la fois les jeunes et les adultes accompagnateurs\u00a0: ces derniers ont eux aussi une grande opportunit\u00e9 de grandir, en plus de la responsabilit\u00e9 d&rsquo;orienter des plus jeunes.<\/p>\n<p><strong>Les plus belles le\u00e7ons de cette premi\u00e8re ann\u00e9e ?<\/strong><\/p>\n<p>Aux dires des groupes en chemin, il y en a beaucoup. J&rsquo;en ai v\u00e9cu quelques-unes, alors que je m&rsquo;implique surtout dans l&rsquo;organisation \u00e0 distance et ne participe que sporadiquement au voyage. <strong>Je voudrais souligner la vari\u00e9t\u00e9 des exp\u00e9riences v\u00e9cues et la richesse de leurs contrastes <\/strong>: de la cantine Caritas \u00e0 Matera aux nuits \u00e0 l&rsquo;h\u00f4tel Palazzo Caracciolo \u00e0 Naples, o\u00f9 le propri\u00e9taire, ayant pris connaissance du projet, a invit\u00e9 les jeunes \u00e0 s\u00e9journer. Des refuges dans les Apennins et des maisons d&rsquo;h\u00f4tes dans les petites villes aux maisons d&rsquo;amis et de connaissances dans les grandes villes.<\/p>\n<p><strong>\u00ab\u00a0Strade Maestre\u00a0\u00bb est-il un projet unique ou y en a-t-il des similaires au sein de CamminaMenti ?<\/strong><\/p>\n<p><strong>Nous travaillons sur des propositions de chemins plus courts<\/strong>, de trois mois, pour les jeunes qui, durant une ann\u00e9e, ne doivent pas aller \u00e0 l&rsquo;\u00e9cole, mais chercher leur orientation dans la vie, peut-\u00eatre apr\u00e8s l&rsquo;obtention de leur dipl\u00f4me ou dans une p\u00e9riode d&rsquo;incertitude, pour apprendre \u00e0 se conna\u00eetre soi-m\u00eame et \u00e0 conna\u00eetre le monde d&rsquo;un point de vue in\u00e9dit, \u00e0 pied, sac au dos.<\/p>\n","protected":false},"excerpt":{"rendered":"<p>Un projet italien r\u00e9invente l&rsquo;\u00e9ducation : cours en plein air, randonn\u00e9es et apprentissage par l\u2019exp\u00e9rience pour les adolescents qui traversent le pays \u00e0 pied pendant une ann\u00e9e scolaire.<\/p>\n","protected":false},"author":2,"featured_media":68952,"comment_status":"closed","ping_status":"open","sticky":false,"template":"","format":"standard","meta":{"_acf_changed":false,"footnotes":""},"categories":[],"tags":[],"class_list":["post-74300","post","type-post","status-publish","format-standard","has-post-thumbnail","hentry"],"acf":[],"yoast_head":"<!-- This site is optimized with the Yoast SEO plugin v27.4 - https:\/\/yoast.com\/product\/yoast-seo-wordpress\/ -->\n<title>\u00ab Strade Maestre \u00bb: quand l&#039;\u00e9cole se met en chemin - Rencontre avec Niccol\u00f2 Gori Sassoli - United World Project<\/title>\n<meta name=\"robots\" content=\"index, follow, max-snippet:-1, max-image-preview:large, max-video-preview:-1\" \/>\n<link rel=\"canonical\" href=\"https:\/\/www.unitedworldproject.org\/fr\/economie-travail\/strade-maestre-quando-la-scuola-si-mette-in-cammino-incontro-con-niccolo-gori-sassoli-3\/\" \/>\n<meta property=\"og:locale\" content=\"fr_FR\" \/>\n<meta property=\"og:type\" content=\"article\" \/>\n<meta property=\"og:title\" content=\"\u00ab Strade Maestre \u00bb: quand l&#039;\u00e9cole se met en chemin - Rencontre avec Niccol\u00f2 Gori Sassoli - United World Project\" \/>\n<meta property=\"og:description\" content=\"Un projet italien r\u00e9invente l&#039;\u00e9ducation : cours en plein air, randonn\u00e9es et apprentissage par l\u2019exp\u00e9rience pour les adolescents qui traversent le pays \u00e0 pied pendant une ann\u00e9e scolaire.\" \/>\n<meta property=\"og:url\" content=\"https:\/\/www.unitedworldproject.org\/fr\/economie-travail\/strade-maestre-quando-la-scuola-si-mette-in-cammino-incontro-con-niccolo-gori-sassoli-3\/\" \/>\n<meta property=\"og:site_name\" content=\"United World Project\" \/>\n<meta property=\"article:published_time\" content=\"2025-04-25T02:23:27+00:00\" \/>\n<meta property=\"article:modified_time\" content=\"2025-11-26T15:25:35+00:00\" \/>\n<meta property=\"og:image\" content=\"https:\/\/www.unitedworldproject.org\/wp-content\/uploads\/2025\/11\/Strade-Maestre_Blog2-153.-Strade-Maestre-a-Fa-la-Cosa-Giusta-\u2013-Milano.jpg\" \/>\n\t<meta property=\"og:image:width\" content=\"1920\" \/>\n\t<meta property=\"og:image:height\" content=\"1080\" \/>\n\t<meta property=\"og:image:type\" content=\"image\/jpeg\" \/>\n<meta name=\"author\" content=\"anita\" \/>\n<meta name=\"twitter:card\" content=\"summary_large_image\" \/>\n<meta name=\"twitter:label1\" content=\"\u00c9crit par\" \/>\n\t<meta name=\"twitter:data1\" content=\"anita\" \/>\n\t<meta name=\"twitter:label2\" content=\"Dur\u00e9e de lecture estim\u00e9e\" \/>\n\t<meta name=\"twitter:data2\" content=\"10 minutes\" \/>\n<script type=\"application\/ld+json\" class=\"yoast-schema-graph\">{\"@context\":\"https:\\\/\\\/schema.org\",\"@graph\":[{\"@type\":\"Article\",\"@id\":\"https:\\\/\\\/www.unitedworldproject.org\\\/fr\\\/economie-travail\\\/strade-maestre-quando-la-scuola-si-mette-in-cammino-incontro-con-niccolo-gori-sassoli-3\\\/#article\",\"isPartOf\":{\"@id\":\"https:\\\/\\\/www.unitedworldproject.org\\\/fr\\\/economie-travail\\\/strade-maestre-quando-la-scuola-si-mette-in-cammino-incontro-con-niccolo-gori-sassoli-3\\\/\"},\"author\":{\"name\":\"anita\",\"@id\":\"https:\\\/\\\/www.unitedworldproject.org\\\/fr\\\/#\\\/schema\\\/person\\\/5e422fc57d77d69e6b4e36ac59a53201\"},\"headline\":\"\u00ab Strade Maestre \u00bb: quand l&rsquo;\u00e9cole se met en chemin &#8211; Rencontre avec Niccol\u00f2 Gori Sassoli\",\"datePublished\":\"2025-04-25T02:23:27+00:00\",\"dateModified\":\"2025-11-26T15:25:35+00:00\",\"mainEntityOfPage\":{\"@id\":\"https:\\\/\\\/www.unitedworldproject.org\\\/fr\\\/economie-travail\\\/strade-maestre-quando-la-scuola-si-mette-in-cammino-incontro-con-niccolo-gori-sassoli-3\\\/\"},\"wordCount\":2177,\"image\":{\"@id\":\"https:\\\/\\\/www.unitedworldproject.org\\\/fr\\\/economie-travail\\\/strade-maestre-quando-la-scuola-si-mette-in-cammino-incontro-con-niccolo-gori-sassoli-3\\\/#primaryimage\"},\"thumbnailUrl\":\"https:\\\/\\\/www.unitedworldproject.org\\\/wp-content\\\/uploads\\\/2025\\\/11\\\/Strade-Maestre_Blog2-153.-Strade-Maestre-a-Fa-la-Cosa-Giusta-\u2013-Milano.jpg\",\"inLanguage\":\"fr-FR\"},{\"@type\":\"WebPage\",\"@id\":\"https:\\\/\\\/www.unitedworldproject.org\\\/fr\\\/economie-travail\\\/strade-maestre-quando-la-scuola-si-mette-in-cammino-incontro-con-niccolo-gori-sassoli-3\\\/\",\"url\":\"https:\\\/\\\/www.unitedworldproject.org\\\/fr\\\/economie-travail\\\/strade-maestre-quando-la-scuola-si-mette-in-cammino-incontro-con-niccolo-gori-sassoli-3\\\/\",\"name\":\"\u00ab Strade Maestre \u00bb: quand l'\u00e9cole se met en chemin - Rencontre avec Niccol\u00f2 Gori Sassoli - United World Project\",\"isPartOf\":{\"@id\":\"https:\\\/\\\/www.unitedworldproject.org\\\/fr\\\/#website\"},\"primaryImageOfPage\":{\"@id\":\"https:\\\/\\\/www.unitedworldproject.org\\\/fr\\\/economie-travail\\\/strade-maestre-quando-la-scuola-si-mette-in-cammino-incontro-con-niccolo-gori-sassoli-3\\\/#primaryimage\"},\"image\":{\"@id\":\"https:\\\/\\\/www.unitedworldproject.org\\\/fr\\\/economie-travail\\\/strade-maestre-quando-la-scuola-si-mette-in-cammino-incontro-con-niccolo-gori-sassoli-3\\\/#primaryimage\"},\"thumbnailUrl\":\"https:\\\/\\\/www.unitedworldproject.org\\\/wp-content\\\/uploads\\\/2025\\\/11\\\/Strade-Maestre_Blog2-153.-Strade-Maestre-a-Fa-la-Cosa-Giusta-\u2013-Milano.jpg\",\"datePublished\":\"2025-04-25T02:23:27+00:00\",\"dateModified\":\"2025-11-26T15:25:35+00:00\",\"author\":{\"@id\":\"https:\\\/\\\/www.unitedworldproject.org\\\/fr\\\/#\\\/schema\\\/person\\\/5e422fc57d77d69e6b4e36ac59a53201\"},\"breadcrumb\":{\"@id\":\"https:\\\/\\\/www.unitedworldproject.org\\\/fr\\\/economie-travail\\\/strade-maestre-quando-la-scuola-si-mette-in-cammino-incontro-con-niccolo-gori-sassoli-3\\\/#breadcrumb\"},\"inLanguage\":\"fr-FR\",\"potentialAction\":[{\"@type\":\"ReadAction\",\"target\":[\"https:\\\/\\\/www.unitedworldproject.org\\\/fr\\\/economie-travail\\\/strade-maestre-quando-la-scuola-si-mette-in-cammino-incontro-con-niccolo-gori-sassoli-3\\\/\"]}]},{\"@type\":\"ImageObject\",\"inLanguage\":\"fr-FR\",\"@id\":\"https:\\\/\\\/www.unitedworldproject.org\\\/fr\\\/economie-travail\\\/strade-maestre-quando-la-scuola-si-mette-in-cammino-incontro-con-niccolo-gori-sassoli-3\\\/#primaryimage\",\"url\":\"https:\\\/\\\/www.unitedworldproject.org\\\/wp-content\\\/uploads\\\/2025\\\/11\\\/Strade-Maestre_Blog2-153.-Strade-Maestre-a-Fa-la-Cosa-Giusta-\u2013-Milano.jpg\",\"contentUrl\":\"https:\\\/\\\/www.unitedworldproject.org\\\/wp-content\\\/uploads\\\/2025\\\/11\\\/Strade-Maestre_Blog2-153.-Strade-Maestre-a-Fa-la-Cosa-Giusta-\u2013-Milano.jpg\",\"width\":1920,\"height\":1080,\"caption\":\"Strade Maestre_Blog - 153. Strade Maestre a Fa la Cosa Giusta \u2013 Milano\"},{\"@type\":\"BreadcrumbList\",\"@id\":\"https:\\\/\\\/www.unitedworldproject.org\\\/fr\\\/economie-travail\\\/strade-maestre-quando-la-scuola-si-mette-in-cammino-incontro-con-niccolo-gori-sassoli-3\\\/#breadcrumb\",\"itemListElement\":[{\"@type\":\"ListItem\",\"position\":1,\"name\":\"Home\",\"item\":\"https:\\\/\\\/www.unitedworldproject.org\\\/fr\\\/\"},{\"@type\":\"ListItem\",\"position\":2,\"name\":\"\u00ab Strade Maestre \u00bb: quand l&#8217;\u00e9cole se met en chemin &#8211; Rencontre avec Niccol\u00f2 Gori Sassoli\"}]},{\"@type\":\"WebSite\",\"@id\":\"https:\\\/\\\/www.unitedworldproject.org\\\/fr\\\/#website\",\"url\":\"https:\\\/\\\/www.unitedworldproject.org\\\/fr\\\/\",\"name\":\"United World Project\",\"description\":\"Championing fraternity and collaboration worldwide\",\"potentialAction\":[{\"@type\":\"SearchAction\",\"target\":{\"@type\":\"EntryPoint\",\"urlTemplate\":\"https:\\\/\\\/www.unitedworldproject.org\\\/fr\\\/?s={search_term_string}\"},\"query-input\":{\"@type\":\"PropertyValueSpecification\",\"valueRequired\":true,\"valueName\":\"search_term_string\"}}],\"inLanguage\":\"fr-FR\"},{\"@type\":\"Person\",\"@id\":\"https:\\\/\\\/www.unitedworldproject.org\\\/fr\\\/#\\\/schema\\\/person\\\/5e422fc57d77d69e6b4e36ac59a53201\",\"name\":\"anita\",\"image\":{\"@type\":\"ImageObject\",\"inLanguage\":\"fr-FR\",\"@id\":\"https:\\\/\\\/secure.gravatar.com\\\/avatar\\\/6949a15dd913b50588eec00981bd52d8c6ac8351a258558d372496c670e4ff2c?s=96&d=mm&r=g\",\"url\":\"https:\\\/\\\/secure.gravatar.com\\\/avatar\\\/6949a15dd913b50588eec00981bd52d8c6ac8351a258558d372496c670e4ff2c?s=96&d=mm&r=g\",\"contentUrl\":\"https:\\\/\\\/secure.gravatar.com\\\/avatar\\\/6949a15dd913b50588eec00981bd52d8c6ac8351a258558d372496c670e4ff2c?s=96&d=mm&r=g\",\"caption\":\"anita\"},\"url\":\"https:\\\/\\\/www.unitedworldproject.org\\\/fr\\\/author\\\/anita\\\/\"}]}<\/script>\n<!-- \/ Yoast SEO plugin. -->","yoast_head_json":{"title":"\u00ab Strade Maestre \u00bb: quand l'\u00e9cole se met en chemin - Rencontre avec Niccol\u00f2 Gori Sassoli - United World Project","robots":{"index":"index","follow":"follow","max-snippet":"max-snippet:-1","max-image-preview":"max-image-preview:large","max-video-preview":"max-video-preview:-1"},"canonical":"https:\/\/www.unitedworldproject.org\/fr\/economie-travail\/strade-maestre-quando-la-scuola-si-mette-in-cammino-incontro-con-niccolo-gori-sassoli-3\/","og_locale":"fr_FR","og_type":"article","og_title":"\u00ab Strade Maestre \u00bb: quand l'\u00e9cole se met en chemin - Rencontre avec Niccol\u00f2 Gori Sassoli - United World Project","og_description":"Un projet italien r\u00e9invente l'\u00e9ducation : cours en plein air, randonn\u00e9es et apprentissage par l\u2019exp\u00e9rience pour les adolescents qui traversent le pays \u00e0 pied pendant une ann\u00e9e scolaire.","og_url":"https:\/\/www.unitedworldproject.org\/fr\/economie-travail\/strade-maestre-quando-la-scuola-si-mette-in-cammino-incontro-con-niccolo-gori-sassoli-3\/","og_site_name":"United World Project","article_published_time":"2025-04-25T02:23:27+00:00","article_modified_time":"2025-11-26T15:25:35+00:00","og_image":[{"width":1920,"height":1080,"url":"https:\/\/www.unitedworldproject.org\/wp-content\/uploads\/2025\/11\/Strade-Maestre_Blog2-153.-Strade-Maestre-a-Fa-la-Cosa-Giusta-\u2013-Milano.jpg","type":"image\/jpeg"}],"author":"anita","twitter_card":"summary_large_image","twitter_misc":{"\u00c9crit par":"anita","Dur\u00e9e de lecture estim\u00e9e":"10 minutes"},"schema":{"@context":"https:\/\/schema.org","@graph":[{"@type":"Article","@id":"https:\/\/www.unitedworldproject.org\/fr\/economie-travail\/strade-maestre-quando-la-scuola-si-mette-in-cammino-incontro-con-niccolo-gori-sassoli-3\/#article","isPartOf":{"@id":"https:\/\/www.unitedworldproject.org\/fr\/economie-travail\/strade-maestre-quando-la-scuola-si-mette-in-cammino-incontro-con-niccolo-gori-sassoli-3\/"},"author":{"name":"anita","@id":"https:\/\/www.unitedworldproject.org\/fr\/#\/schema\/person\/5e422fc57d77d69e6b4e36ac59a53201"},"headline":"\u00ab Strade Maestre \u00bb: quand l&rsquo;\u00e9cole se met en chemin &#8211; Rencontre avec Niccol\u00f2 Gori Sassoli","datePublished":"2025-04-25T02:23:27+00:00","dateModified":"2025-11-26T15:25:35+00:00","mainEntityOfPage":{"@id":"https:\/\/www.unitedworldproject.org\/fr\/economie-travail\/strade-maestre-quando-la-scuola-si-mette-in-cammino-incontro-con-niccolo-gori-sassoli-3\/"},"wordCount":2177,"image":{"@id":"https:\/\/www.unitedworldproject.org\/fr\/economie-travail\/strade-maestre-quando-la-scuola-si-mette-in-cammino-incontro-con-niccolo-gori-sassoli-3\/#primaryimage"},"thumbnailUrl":"https:\/\/www.unitedworldproject.org\/wp-content\/uploads\/2025\/11\/Strade-Maestre_Blog2-153.-Strade-Maestre-a-Fa-la-Cosa-Giusta-\u2013-Milano.jpg","inLanguage":"fr-FR"},{"@type":"WebPage","@id":"https:\/\/www.unitedworldproject.org\/fr\/economie-travail\/strade-maestre-quando-la-scuola-si-mette-in-cammino-incontro-con-niccolo-gori-sassoli-3\/","url":"https:\/\/www.unitedworldproject.org\/fr\/economie-travail\/strade-maestre-quando-la-scuola-si-mette-in-cammino-incontro-con-niccolo-gori-sassoli-3\/","name":"\u00ab Strade Maestre \u00bb: quand l'\u00e9cole se met en chemin - Rencontre avec Niccol\u00f2 Gori Sassoli - United World Project","isPartOf":{"@id":"https:\/\/www.unitedworldproject.org\/fr\/#website"},"primaryImageOfPage":{"@id":"https:\/\/www.unitedworldproject.org\/fr\/economie-travail\/strade-maestre-quando-la-scuola-si-mette-in-cammino-incontro-con-niccolo-gori-sassoli-3\/#primaryimage"},"image":{"@id":"https:\/\/www.unitedworldproject.org\/fr\/economie-travail\/strade-maestre-quando-la-scuola-si-mette-in-cammino-incontro-con-niccolo-gori-sassoli-3\/#primaryimage"},"thumbnailUrl":"https:\/\/www.unitedworldproject.org\/wp-content\/uploads\/2025\/11\/Strade-Maestre_Blog2-153.-Strade-Maestre-a-Fa-la-Cosa-Giusta-\u2013-Milano.jpg","datePublished":"2025-04-25T02:23:27+00:00","dateModified":"2025-11-26T15:25:35+00:00","author":{"@id":"https:\/\/www.unitedworldproject.org\/fr\/#\/schema\/person\/5e422fc57d77d69e6b4e36ac59a53201"},"breadcrumb":{"@id":"https:\/\/www.unitedworldproject.org\/fr\/economie-travail\/strade-maestre-quando-la-scuola-si-mette-in-cammino-incontro-con-niccolo-gori-sassoli-3\/#breadcrumb"},"inLanguage":"fr-FR","potentialAction":[{"@type":"ReadAction","target":["https:\/\/www.unitedworldproject.org\/fr\/economie-travail\/strade-maestre-quando-la-scuola-si-mette-in-cammino-incontro-con-niccolo-gori-sassoli-3\/"]}]},{"@type":"ImageObject","inLanguage":"fr-FR","@id":"https:\/\/www.unitedworldproject.org\/fr\/economie-travail\/strade-maestre-quando-la-scuola-si-mette-in-cammino-incontro-con-niccolo-gori-sassoli-3\/#primaryimage","url":"https:\/\/www.unitedworldproject.org\/wp-content\/uploads\/2025\/11\/Strade-Maestre_Blog2-153.-Strade-Maestre-a-Fa-la-Cosa-Giusta-\u2013-Milano.jpg","contentUrl":"https:\/\/www.unitedworldproject.org\/wp-content\/uploads\/2025\/11\/Strade-Maestre_Blog2-153.-Strade-Maestre-a-Fa-la-Cosa-Giusta-\u2013-Milano.jpg","width":1920,"height":1080,"caption":"Strade Maestre_Blog - 153. Strade Maestre a Fa la Cosa Giusta \u2013 Milano"},{"@type":"BreadcrumbList","@id":"https:\/\/www.unitedworldproject.org\/fr\/economie-travail\/strade-maestre-quando-la-scuola-si-mette-in-cammino-incontro-con-niccolo-gori-sassoli-3\/#breadcrumb","itemListElement":[{"@type":"ListItem","position":1,"name":"Home","item":"https:\/\/www.unitedworldproject.org\/fr\/"},{"@type":"ListItem","position":2,"name":"\u00ab Strade Maestre \u00bb: quand l&#8217;\u00e9cole se met en chemin &#8211; Rencontre avec Niccol\u00f2 Gori Sassoli"}]},{"@type":"WebSite","@id":"https:\/\/www.unitedworldproject.org\/fr\/#website","url":"https:\/\/www.unitedworldproject.org\/fr\/","name":"United World Project","description":"Championing fraternity and collaboration worldwide","potentialAction":[{"@type":"SearchAction","target":{"@type":"EntryPoint","urlTemplate":"https:\/\/www.unitedworldproject.org\/fr\/?s={search_term_string}"},"query-input":{"@type":"PropertyValueSpecification","valueRequired":true,"valueName":"search_term_string"}}],"inLanguage":"fr-FR"},{"@type":"Person","@id":"https:\/\/www.unitedworldproject.org\/fr\/#\/schema\/person\/5e422fc57d77d69e6b4e36ac59a53201","name":"anita","image":{"@type":"ImageObject","inLanguage":"fr-FR","@id":"https:\/\/secure.gravatar.com\/avatar\/6949a15dd913b50588eec00981bd52d8c6ac8351a258558d372496c670e4ff2c?s=96&d=mm&r=g","url":"https:\/\/secure.gravatar.com\/avatar\/6949a15dd913b50588eec00981bd52d8c6ac8351a258558d372496c670e4ff2c?s=96&d=mm&r=g","contentUrl":"https:\/\/secure.gravatar.com\/avatar\/6949a15dd913b50588eec00981bd52d8c6ac8351a258558d372496c670e4ff2c?s=96&d=mm&r=g","caption":"anita"},"url":"https:\/\/www.unitedworldproject.org\/fr\/author\/anita\/"}]}},"_links":{"self":[{"href":"https:\/\/www.unitedworldproject.org\/fr\/wp-json\/wp\/v2\/posts\/74300","targetHints":{"allow":["GET"]}}],"collection":[{"href":"https:\/\/www.unitedworldproject.org\/fr\/wp-json\/wp\/v2\/posts"}],"about":[{"href":"https:\/\/www.unitedworldproject.org\/fr\/wp-json\/wp\/v2\/types\/post"}],"author":[{"embeddable":true,"href":"https:\/\/www.unitedworldproject.org\/fr\/wp-json\/wp\/v2\/users\/2"}],"replies":[{"embeddable":true,"href":"https:\/\/www.unitedworldproject.org\/fr\/wp-json\/wp\/v2\/comments?post=74300"}],"version-history":[{"count":1,"href":"https:\/\/www.unitedworldproject.org\/fr\/wp-json\/wp\/v2\/posts\/74300\/revisions"}],"predecessor-version":[{"id":74301,"href":"https:\/\/www.unitedworldproject.org\/fr\/wp-json\/wp\/v2\/posts\/74300\/revisions\/74301"}],"wp:featuredmedia":[{"embeddable":true,"href":"https:\/\/www.unitedworldproject.org\/fr\/wp-json\/wp\/v2\/media\/68952"}],"wp:attachment":[{"href":"https:\/\/www.unitedworldproject.org\/fr\/wp-json\/wp\/v2\/media?parent=74300"}],"wp:term":[{"taxonomy":"category","embeddable":true,"href":"https:\/\/www.unitedworldproject.org\/fr\/wp-json\/wp\/v2\/categories?post=74300"},{"taxonomy":"post_tag","embeddable":true,"href":"https:\/\/www.unitedworldproject.org\/fr\/wp-json\/wp\/v2\/tags?post=74300"}],"curies":[{"name":"wp","href":"https:\/\/api.w.org\/{rel}","templated":true}]}}