{"id":79156,"date":"2026-09-03T23:36:06","date_gmt":"2026-09-03T21:36:06","guid":{"rendered":"https:\/\/www.unitedworldproject.org\/?p=79156"},"modified":"2026-09-04T00:13:48","modified_gmt":"2026-09-03T22:13:48","slug":"together-to-care-a-roadmap-to-build-a-just-and-more-sustainable-future","status":"publish","type":"post","link":"https:\/\/www.unitedworldproject.org\/fr\/paix-droits-humains\/together-to-care-a-roadmap-to-build-a-just-and-more-sustainable-future\/","title":{"rendered":"Together to Care : une feuille de route pour construire un avenir plus juste et durable"},"content":{"rendered":"<p>Together to Care <em>est un document qui pr\u00e9sente des exp\u00e9riences, des projets et de bonnes pratiques du monde entier, t\u00e9moignant de l\u2019engagement des jeunes pour prendre soin des personnes, de la plan\u00e8te et du bien commun<\/em><em>.<\/em><\/p>\n<p>Il y a une beaut\u00e9 qui donne force et esp\u00e9rance dans la publication du document <strong><em>Together to Care: for our human family and our common home<\/em><\/strong>. Il a \u00e9t\u00e9 r\u00e9alis\u00e9 par les <strong>Jeunes pour un monde uni du mouvement des Focolari (Y4UW, l\u2019un des promoteurs de l\u2019United World Project)<\/strong>. Il retrace le travail men\u00e9 par ces jeunes avec <strong>New Humanity ONG<\/strong> et avec le <strong>Mouvement des Focolari<\/strong> lui-m\u00eame, environ un an apr\u00e8s le <strong>Genfest<\/strong> qui, en 2024, a r\u00e9uni au Br\u00e9sil plus de 6 000 Jeunes pour un monde uni. De nombreuses initiatives pr\u00e9sent\u00e9es dans le document <strong>Together to Care<\/strong> sont n\u00e9es de cet \u00e9v\u00e9nement.<\/p>\n<p>Avec <strong><em>Together to Care<\/em>, les Jeunes pour un monde uni r\u00e9affirment leur engagement en faveur de la paix, de la fraternit\u00e9 universelle, de la dignit\u00e9 humaine et de la protection de la nature<\/strong>. Ils commencent par remercier, comme ils l\u2019avaient d\u00e9j\u00e0 fait dans une lettre adress\u00e9e en octobre 2024, le secr\u00e9taire g\u00e9n\u00e9ral des Nations Unies Ant\u00f3nio Guterres pour son engagement en faveur des jeunes et pour son r\u00f4le de leader face aux d\u00e9fis mondiaux.<\/p>\n<p>Aux Nations Unies, par lesquelles les Y4UW se sentent soutenus, ces jeunes r\u00e9affirment leur volont\u00e9 d\u2019apporter leur contribution. \u00c0 leurs c\u00f4t\u00e9s, ils s\u2019engagent \u00e0 construire un monde plus durable, plus \u00e9quitable et plus pacifique, conform\u00e9ment aux orientations exprim\u00e9es dans le Pacte pour l\u2019avenir (R\u00e9solution A\/RES\/79\/1) et dans la D\u00e9claration sur les g\u00e9n\u00e9rations futures.<\/p>\n<p><strong><em>Together to Care<\/em><\/strong> nous parle \u00e9galement des communaut\u00e9s locales pr\u00e9sentes dans le monde entier et du r\u00e9seau mondial et interg\u00e9n\u00e9rationnel de personnes li\u00e9es au Mouvement des Focolari. Dans diff\u00e9rents domaines, ces communaut\u00e9s vivent et agissent pour le bien commun <strong>en s&rsquo;inspirant de la R\u00e8gle d\u2019or :<\/strong> <strong>\u00ab Fais aux autres ce que tu voudrais qu&rsquo;on te fasse \u00bb<\/strong>.<\/p>\n<h2>Les trois sections de <em>Together to Care<\/em> et les paroles de Chiara Lubich<\/h2>\n<p>Le document <strong><em>Together to Care<\/em><\/strong> est divis\u00e9 en trois sections : <strong>Work Together, Build Together, Dream Together<\/strong>. Ainsi structur\u00e9, il montre <strong>comment, partout dans le monde, de nombreuses personnes sont d\u00e9j\u00e0 engag\u00e9es dans la construction d\u2019un monde uni, de diff\u00e9rentes mani\u00e8res<\/strong>. Chaque communaut\u00e9, nous explique-t-on, r\u00e9pond \u00e0 des besoins concrets en mettant \u00e0 profit les talents et les comp\u00e9tences de chacun, avec la conviction que l\u2019amour fraternel est une r\u00e9ponse aux d\u00e9fis du monde d\u2019aujourd\u2019hui.<\/p>\n<figure id=\"attachment_79149\" aria-describedby=\"caption-attachment-79149\" style=\"width: 1024px\" class=\"wp-caption alignnone\"><img loading=\"lazy\" decoding=\"async\" class=\"size-large wp-image-79149\" src=\"https:\/\/www.unitedworldproject.org\/wp-content\/uploads\/2026\/09\/Together-to-Care-1024x576.png\" alt=\"Together to Care\" width=\"1024\" height=\"576\" srcset=\"https:\/\/www.unitedworldproject.org\/wp-content\/uploads\/2026\/09\/Together-to-Care-1024x576.png 1024w, https:\/\/www.unitedworldproject.org\/wp-content\/uploads\/2026\/09\/Together-to-Care-300x169.png 300w, https:\/\/www.unitedworldproject.org\/wp-content\/uploads\/2026\/09\/Together-to-Care-768x432.png 768w, https:\/\/www.unitedworldproject.org\/wp-content\/uploads\/2026\/09\/Together-to-Care.png 1200w\" sizes=\"auto, (max-width: 1024px) 100vw, 1024px\" \/><figcaption id=\"caption-attachment-79149\" class=\"wp-caption-text\">Together to Care<\/figcaption><\/figure>\n<p>Chiara Lubich, fondatrice du Mouvement des Focolari, a dit : \u00ab C\u2019est \u00e0 partir des petits probl\u00e8mes locaux que se forme une conscience morale capable de faire face aux probl\u00e8mes mondiaux. \u00bb<\/p>\n<h2>Le travail des communaut\u00e9s (United World Communities)<\/h2>\n<p>Dans la section \u00ab Work Together to Care \u00bb du document, sont pr\u00e9sent\u00e9es les initiatives des United World Communities, l&rsquo;un des piliers de l&rsquo;United World Project. Lanc\u00e9es lors du Genfest 2024, elles rassemblent les membres des Y4UW et de New Humanity au sein d\u2019un r\u00e9seau mondial pr\u00e9sent sur les cinq continents : un r\u00e9seau actif dans huit domaines essentiels de la vie humaine :<\/p>\n<ul>\n<li>\u00c9conomie et travail<\/li>\n<li>Interculturalit\u00e9 et dialogue<\/li>\n<li>Paix et droits humains<\/li>\n<li>Sant\u00e9, sport et \u00e9cologie<\/li>\n<li>Art et engagement social<\/li>\n<li>\u00c9ducation et recherche<\/li>\n<li>Communication et m\u00e9dias<\/li>\n<li>Citoyennet\u00e9 active et politique<\/li>\n<\/ul>\n<p>Les communaut\u00e9s permettent de contribuer \u00e0 un monde plus uni, plus fraternel et plus durable en mettant \u00e0 profit leurs passions, leurs talents et leurs inclinations personnelles. Le travail des communaut\u00e9s rapproche des personnes de cultures, de croyances et de g\u00e9n\u00e9rations diff\u00e9rentes, en favorisant un changement r\u00e9el \u00e0 partir des r\u00e9alit\u00e9s locales.<\/p>\n<h3>Identit\u00e9 et objectifs des huit communaut\u00e9s<\/h3>\n<p>La communaut\u00e9 <strong>\u00c9conomie et Travail<\/strong> promeut une <strong>\u00e9conomie juste et durable<\/strong> qui valorise les personnes et la plan\u00e8te, \u00e0 travers des initiatives en faveur du travail d\u00e9cent et de l\u2019inclusion sociale. Le document pr\u00e9sente notamment <em>Liber\u00f9 dae sa Gherra<\/em>, une association qui, en Sardaigne (Italie), soutient un mod\u00e8le \u00e9conomique en refusant la production d&rsquo;armes.<\/p>\n<p>La communaut\u00e9 <strong>Interculturalit\u00e9 et Dialogue<\/strong> favorise la rencontre entre des personnes de cultures, de religions et de traditions diff\u00e9rentes, en encourageant la <strong>compr\u00e9hension mutuelle, la coop\u00e9ration et la construction de soci\u00e9t\u00e9s inclusives<\/strong>.<\/p>\n<p>La communaut\u00e9 <strong>Paix et Droits humains<\/strong> \u0153uvre \u00e0 promouvoir la <strong>justice, la r\u00e9conciliation et le respect de la dignit\u00e9 de chaque personne<\/strong>.<\/p>\n<p>La <strong>communaut\u00e9 Sant\u00e9, Sport et \u00c9cologie<\/strong> promeut un mode de vie sain et durable, en reconnaissant le <strong>lien profond entre le bien-\u00eatre personnel, les relations sociales et la protection de l&rsquo;environnement<\/strong>. \u00c0 travers des activit\u00e9s sportives, des programmes de pr\u00e9vention en mati\u00e8re de sant\u00e9 et des projets \u00e9cologiques, elle encourage des comportements responsables envers soi-m\u00eame, les autres et la plan\u00e8te.<\/p>\n<p>La communaut\u00e9 <strong>Art et Engagement social<\/strong> met en valeur le pouvoir d\u2019expression des <strong>arts comme moyen de transformation personnelle et collective<\/strong>. La musique, le th\u00e9\u00e2tre, les arts visuels et d\u2019autres formes de cr\u00e9ation sont utilis\u00e9s pour sensibiliser aux questions sociales, favoriser l\u2019inclusion et donner une voix aux exp\u00e9riences des communaut\u00e9s.<\/p>\n<p>La communaut\u00e9 <strong>\u00c9ducation et Recherche<\/strong> propose des parcours de formation et des projets d\u2019\u00e9tude <strong>visant le d\u00e9veloppement int\u00e9gral de la personne<\/strong>.<\/p>\n<p>La <strong>communaut\u00e9 Communication et M\u00e9dias<\/strong> \u0153uvre \u00e0 promouvoir une <strong>culture de l\u2019information \u00e9thique, responsable et participative<\/strong>. \u00c0 travers des ateliers de journalisme, des plateformes num\u00e9riques et des projets \u00e9ditoriaux, les jeunes sont form\u00e9s \u00e0 utiliser les m\u00e9dias comme des outils de dialogue, de v\u00e9rit\u00e9 et de construction de la paix.<\/p>\n<p>La <strong>communaut\u00e9 Citoyennet\u00e9 active et Politique<\/strong>, enfin, encourage <strong>un engagement responsable dans la vie publique et dans les processus de d\u00e9cision<\/strong>. Elle favorise la participation des jeunes aux institutions locales et nationales, le dialogue avec les responsables politiques et la formation d\u2019un leadership tourn\u00e9 vers le service. L\u2019action politique est consid\u00e9r\u00e9e comme une expression de la coresponsabilit\u00e9 envers le bien commun.<\/p>\n<h2>\u00ab Build Together to Care \u00bb<\/h2>\n<p>Le document <strong><em>Together to Care<\/em><\/strong> pr\u00e9sente \u00e9galement la section \u00ab Build \u00bb, qui rassemble les principales initiatives internationales mises en place pour renforcer le dialogue, la coop\u00e9ration et la cr\u00e9ation de r\u00e9seaux mondiaux engag\u00e9s dans la construction d\u2019un monde plus juste et durable.<\/p>\n<p>Parmi celles-ci figure le <strong>\u00ab Congr\u00e8s international sur la durabilit\u00e9 relationnelle<\/strong> <strong>\u00bb<\/strong>, qui s\u2019est tenu simultan\u00e9ment \u00e0 Rome, en Italie, et \u00e0 C\u00f3rdoba, en Argentine, en octobre 2024. Il a r\u00e9uni des chercheurs, des acteurs sociaux et des jeunes issus de diff\u00e9rents contextes culturels.<\/p>\n<p>\u00c0 cela s&rsquo;ajoute l&rsquo;\u00e9v\u00e9nement <strong>\u00ab Cities, Communities, Care. Youth in Action for Sustaining Peace \u00bb<\/strong>, organis\u00e9 \u00e0 Nairobi, au Kenya, comme une contribution importante aux c\u00e9l\u00e9brations du 80e anniversaire des Nations Unies. Cet \u00e9v\u00e9nement international, qui s\u2019est d\u00e9roul\u00e9 du 10 au 12 novembre 2025, a r\u00e9uni 200 jeunes acteurs du changement venus d\u2019Afrique et d\u2019autres continents.<\/p>\n<p>Un autre \u00e9v\u00e9nement important a \u00e9t\u00e9 <strong>\u00ab Raising Hope: Shared Hope for Climate Justice \u00bb<\/strong>, qui s\u2019est tenu \u00e0 Castel Gandolfo, en Italie. Cette rencontre, consacr\u00e9e \u00e0 la justice climatique, s\u2019inscrivait dans le cadre des c\u00e9l\u00e9brations du dixi\u00e8me anniversaire de l\u2019encyclique <em>Laudato Si\u2019<\/em>. Elle a constitu\u00e9 un espace de r\u00e9flexion, de dialogue et d\u2019engagement commun en faveur de la protection de la cr\u00e9ation.<\/p>\n<p>Autre moment fort :<strong> \u00ab Amazonia Viva Project: A Journey Toward COP30 \u00bb<\/strong>, \u00e0 Bel\u00e9m, au Br\u00e9sil. Ce projet s\u2019inscrit dans un parcours d\u2019accompagnement vers la Conf\u00e9rence des Parties (COP30) et repose sur trois grands axes d\u2019action : promouvoir le leadership communautaire, soutenir l\u2019entrepreneuriat communautaire et porter haut les voix de l\u2019Amazonie \u00e0 travers des forums et des r\u00e9seaux.<\/p>\n<p>Une autre initiative \u00e0 signaler est la rencontre<strong> \u00ab Banzeiro nella Maloca Ecumenica: Buon Vivere Amazzonico<em> \u00bb<\/em><\/strong>, organis\u00e9e avec diff\u00e9rents partenaires et inspir\u00e9e de <em>Laudato Si\u2019<\/em>, dans le but de promouvoir le dialogue interreligieux, les \u00e9changes culturels et la r\u00e9flexion sur la r\u00e9silience \u00e9conomique et la justice climatique.<\/p>\n<p>Enfin, le document pr\u00e9sente <strong>\u00ab One Humanity, One Planet: Synodal Leadership \u00bb<\/strong>, un programme international con\u00e7u comme un laboratoire mondial de formation politique et sociale.<\/p>\n<h2>\u00ab Dream Together to care \u00bb<\/h2>\n<p>La troisi\u00e8me section du document <em>Together to Care<\/em> est \u00ab Dream \u00bb, c\u2019est-\u00e0-dire \u00ab Regard vers l\u2019avenir : vers la durabilit\u00e9 relationnelle \u00bb. Cette section r\u00e9affirme l\u2019engagement en faveur de la reconnaissance de la durabilit\u00e9 relationnelle comme principe central du bien commun et de la cr\u00e9ation d\u2019un Forum de haut niveau des Nations Unies consacr\u00e9 aux jeunes.<\/p>\n<p>Le document reconna\u00eet les difficult\u00e9s de l\u2019ordre institutionnel international actuel, marqu\u00e9 par les guerres, les famines, le changement climatique et les violations syst\u00e9matiques des droits humains. Face \u00e0 ces d\u00e9fis, il r\u00e9affirme l\u2019importance du dialogue, de la responsabilit\u00e9 et de l\u2019engagement personnel et professionnel de chacun. Le document <strong>exprime la volont\u00e9 de contribuer \u00e0 un multilat\u00e9ralisme \u00ab par la base \u00bb, fond\u00e9 sur l\u2019action de la soci\u00e9t\u00e9 civile, des mouvements et des ONG<\/strong>.<\/p>\n<h2>Les conclusions de <em>Together to Care<\/em><\/h2>\n<p>Le document r\u00e9affirme l\u2019engagement des Jeunes pour un monde uni, avec le soutien de New Humanity et du Mouvement Politique pour l\u2019Unit\u00e9, \u00e0 travers l\u2019United World Project, dans un contexte marqu\u00e9 par des d\u00e9fis complexes.<\/p>\n<p><strong><em>Together to Care<\/em><\/strong> souligne que la th\u00e9orie ne suffit pas : le changement r\u00e9el na\u00eet de l\u2019action conjointe des personnes, des communaut\u00e9s et des institutions.<\/p>\n<p><strong>Les exp\u00e9riences interg\u00e9n\u00e9rationnelles, les projets et les partenariats pr\u00e9sent\u00e9s montrent qu\u2019un monde uni n\u2019est pas seulement possible, mais qu\u2019il est d\u00e9j\u00e0 en construction.<\/strong> Chaque initiative des United World Communities contribue \u00e0 la cr\u00e9ation de soci\u00e9t\u00e9s r\u00e9silientes, inclusives et dynamiques.<\/p>\n<h3><a href=\"https:\/\/www.unitedworldproject.org\/wp-content\/uploads\/2026\/09\/Together-to-care-report-2025-Digital.pdf\" target=\"_blank\" rel=\"noopener\">Lis le document complet ici<\/a><\/h3>\n","protected":false},"excerpt":{"rendered":"<p>Together to Care est un document qui pr\u00e9sente des exp\u00e9riences, des projets et de bonnes pratiques du monde entier, t\u00e9moignant de l\u2019engagement des jeunes pour prendre soin des personnes, de la plan\u00e8te et du bien commun.<\/p>\n","protected":false},"author":2,"featured_media":79153,"comment_status":"closed","ping_status":"open","sticky":false,"template":"","format":"standard","meta":{"_acf_changed":false,"footnotes":""},"categories":[131],"tags":[],"class_list":["post-79156","post","type-post","status-publish","format-standard","has-post-thumbnail","hentry","category-paix-droits-humains"],"acf":[],"yoast_head":"<!-- This site is optimized with the Yoast SEO plugin v28.4 - https:\/\/yoast.com\/product\/yoast-seo-wordpress\/ -->\n<title>Together to Care : une feuille de route pour construire un avenir plus juste et durable - United World Project<\/title>\n<meta name=\"description\" content=\"Together to Care est un document qui pr\u00e9sente des exp\u00e9riences, des projets et de bonnes pratiques du monde entier, t\u00e9moignant de l\u2019engagement des jeunes pour prendre soin des personnes, de la plan\u00e8te et du bien commun.\" \/>\n<meta name=\"robots\" content=\"index, follow, max-snippet:-1, max-image-preview:large, max-video-preview:-1\" \/>\n<link rel=\"canonical\" href=\"https:\/\/www.unitedworldproject.org\/fr\/paix-droits-humains\/together-to-care-a-roadmap-to-build-a-just-and-more-sustainable-future\/\" \/>\n<meta property=\"og:locale\" content=\"fr_FR\" \/>\n<meta property=\"og:type\" content=\"article\" \/>\n<meta property=\"og:title\" content=\"Together to Care : une feuille de route pour construire un avenir plus juste et durable - United World Project\" \/>\n<meta property=\"og:description\" content=\"Together to Care est un document qui pr\u00e9sente des exp\u00e9riences, des projets et de bonnes pratiques du monde entier, t\u00e9moignant de l\u2019engagement des jeunes pour prendre soin des personnes, de la plan\u00e8te et du bien commun.\" \/>\n<meta property=\"og:url\" content=\"https:\/\/www.unitedworldproject.org\/fr\/paix-droits-humains\/together-to-care-a-roadmap-to-build-a-just-and-more-sustainable-future\/\" \/>\n<meta property=\"og:site_name\" content=\"United World Project\" \/>\n<meta property=\"article:published_time\" content=\"2026-09-03T21:36:06+00:00\" \/>\n<meta property=\"article:modified_time\" content=\"2026-09-03T22:13:48+00:00\" \/>\n<meta property=\"og:image\" content=\"https:\/\/www.unitedworldproject.org\/wp-content\/uploads\/2026\/09\/Alexander-Grey-Together-to-Care.png\" \/>\n\t<meta property=\"og:image:width\" content=\"1200\" \/>\n\t<meta property=\"og:image:height\" content=\"675\" \/>\n\t<meta property=\"og:image:type\" content=\"image\/png\" \/>\n<meta name=\"author\" content=\"anita\" \/>\n<meta name=\"twitter:card\" content=\"summary_large_image\" \/>\n<meta name=\"twitter:label1\" content=\"\u00c9crit par\" \/>\n\t<meta name=\"twitter:data1\" content=\"anita\" \/>\n\t<meta name=\"twitter:label2\" content=\"Dur\u00e9e de lecture estim\u00e9e\" \/>\n\t<meta name=\"twitter:data2\" content=\"8 minutes\" \/>\n<script type=\"application\/ld+json\" class=\"yoast-schema-graph\">{\"@context\":\"https:\\\/\\\/schema.org\",\"@graph\":[{\"@type\":\"Article\",\"@id\":\"https:\\\/\\\/www.unitedworldproject.org\\\/fr\\\/paix-droits-humains\\\/together-to-care-a-roadmap-to-build-a-just-and-more-sustainable-future\\\/#article\",\"isPartOf\":{\"@id\":\"https:\\\/\\\/www.unitedworldproject.org\\\/fr\\\/paix-droits-humains\\\/together-to-care-a-roadmap-to-build-a-just-and-more-sustainable-future\\\/\"},\"author\":{\"name\":\"anita\",\"@id\":\"https:\\\/\\\/www.unitedworldproject.org\\\/fr\\\/#\\\/schema\\\/person\\\/5e422fc57d77d69e6b4e36ac59a53201\"},\"headline\":\"Together to Care : une feuille de route pour construire un avenir plus juste et durable\",\"datePublished\":\"2026-09-03T21:36:06+00:00\",\"dateModified\":\"2026-09-03T22:13:48+00:00\",\"mainEntityOfPage\":{\"@id\":\"https:\\\/\\\/www.unitedworldproject.org\\\/fr\\\/paix-droits-humains\\\/together-to-care-a-roadmap-to-build-a-just-and-more-sustainable-future\\\/\"},\"wordCount\":1715,\"image\":{\"@id\":\"https:\\\/\\\/www.unitedworldproject.org\\\/fr\\\/paix-droits-humains\\\/together-to-care-a-roadmap-to-build-a-just-and-more-sustainable-future\\\/#primaryimage\"},\"thumbnailUrl\":\"https:\\\/\\\/www.unitedworldproject.org\\\/wp-content\\\/uploads\\\/2026\\\/09\\\/Alexander-Grey-Together-to-Care.png\",\"articleSection\":[\"Paix et Droits Humains\"],\"inLanguage\":\"fr-FR\"},{\"@type\":\"WebPage\",\"@id\":\"https:\\\/\\\/www.unitedworldproject.org\\\/fr\\\/paix-droits-humains\\\/together-to-care-a-roadmap-to-build-a-just-and-more-sustainable-future\\\/\",\"url\":\"https:\\\/\\\/www.unitedworldproject.org\\\/fr\\\/paix-droits-humains\\\/together-to-care-a-roadmap-to-build-a-just-and-more-sustainable-future\\\/\",\"name\":\"Together to Care : une feuille de route pour construire un avenir plus juste et durable - United World Project\",\"isPartOf\":{\"@id\":\"https:\\\/\\\/www.unitedworldproject.org\\\/fr\\\/#website\"},\"primaryImageOfPage\":{\"@id\":\"https:\\\/\\\/www.unitedworldproject.org\\\/fr\\\/paix-droits-humains\\\/together-to-care-a-roadmap-to-build-a-just-and-more-sustainable-future\\\/#primaryimage\"},\"image\":{\"@id\":\"https:\\\/\\\/www.unitedworldproject.org\\\/fr\\\/paix-droits-humains\\\/together-to-care-a-roadmap-to-build-a-just-and-more-sustainable-future\\\/#primaryimage\"},\"thumbnailUrl\":\"https:\\\/\\\/www.unitedworldproject.org\\\/wp-content\\\/uploads\\\/2026\\\/09\\\/Alexander-Grey-Together-to-Care.png\",\"datePublished\":\"2026-09-03T21:36:06+00:00\",\"dateModified\":\"2026-09-03T22:13:48+00:00\",\"author\":{\"@id\":\"https:\\\/\\\/www.unitedworldproject.org\\\/fr\\\/#\\\/schema\\\/person\\\/5e422fc57d77d69e6b4e36ac59a53201\"},\"description\":\"Together to Care est un document qui pr\u00e9sente des exp\u00e9riences, des projets et de bonnes pratiques du monde entier, t\u00e9moignant de l\u2019engagement des jeunes pour prendre soin des personnes, de la plan\u00e8te et du bien commun.\",\"breadcrumb\":{\"@id\":\"https:\\\/\\\/www.unitedworldproject.org\\\/fr\\\/paix-droits-humains\\\/together-to-care-a-roadmap-to-build-a-just-and-more-sustainable-future\\\/#breadcrumb\"},\"inLanguage\":\"fr-FR\",\"potentialAction\":[{\"@type\":\"ReadAction\",\"target\":[\"https:\\\/\\\/www.unitedworldproject.org\\\/fr\\\/paix-droits-humains\\\/together-to-care-a-roadmap-to-build-a-just-and-more-sustainable-future\\\/\"]}]},{\"@type\":\"ImageObject\",\"inLanguage\":\"fr-FR\",\"@id\":\"https:\\\/\\\/www.unitedworldproject.org\\\/fr\\\/paix-droits-humains\\\/together-to-care-a-roadmap-to-build-a-just-and-more-sustainable-future\\\/#primaryimage\",\"url\":\"https:\\\/\\\/www.unitedworldproject.org\\\/wp-content\\\/uploads\\\/2026\\\/09\\\/Alexander-Grey-Together-to-Care.png\",\"contentUrl\":\"https:\\\/\\\/www.unitedworldproject.org\\\/wp-content\\\/uploads\\\/2026\\\/09\\\/Alexander-Grey-Together-to-Care.png\",\"width\":1200,\"height\":675,\"caption\":\"Alexander Grey - Together to Care\"},{\"@type\":\"BreadcrumbList\",\"@id\":\"https:\\\/\\\/www.unitedworldproject.org\\\/fr\\\/paix-droits-humains\\\/together-to-care-a-roadmap-to-build-a-just-and-more-sustainable-future\\\/#breadcrumb\",\"itemListElement\":[{\"@type\":\"ListItem\",\"position\":1,\"name\":\"Home\",\"item\":\"https:\\\/\\\/www.unitedworldproject.org\\\/fr\\\/\"},{\"@type\":\"ListItem\",\"position\":2,\"name\":\"Together to Care : une feuille de route pour construire un avenir plus juste et durable\"}]},{\"@type\":\"WebSite\",\"@id\":\"https:\\\/\\\/www.unitedworldproject.org\\\/fr\\\/#website\",\"url\":\"https:\\\/\\\/www.unitedworldproject.org\\\/fr\\\/\",\"name\":\"United World Project\",\"description\":\"Championing fraternity and collaboration worldwide\",\"potentialAction\":[{\"@type\":\"SearchAction\",\"target\":{\"@type\":\"EntryPoint\",\"urlTemplate\":\"https:\\\/\\\/www.unitedworldproject.org\\\/fr\\\/?s={search_term_string}\"},\"query-input\":{\"@type\":\"PropertyValueSpecification\",\"valueRequired\":true,\"valueName\":\"search_term_string\"}}],\"inLanguage\":\"fr-FR\"},{\"@type\":\"Person\",\"@id\":\"https:\\\/\\\/www.unitedworldproject.org\\\/fr\\\/#\\\/schema\\\/person\\\/5e422fc57d77d69e6b4e36ac59a53201\",\"name\":\"anita\",\"image\":{\"@type\":\"ImageObject\",\"inLanguage\":\"fr-FR\",\"@id\":\"https:\\\/\\\/secure.gravatar.com\\\/avatar\\\/6949a15dd913b50588eec00981bd52d8c6ac8351a258558d372496c670e4ff2c?s=96&d=mm&r=g\",\"url\":\"https:\\\/\\\/secure.gravatar.com\\\/avatar\\\/6949a15dd913b50588eec00981bd52d8c6ac8351a258558d372496c670e4ff2c?s=96&d=mm&r=g\",\"contentUrl\":\"https:\\\/\\\/secure.gravatar.com\\\/avatar\\\/6949a15dd913b50588eec00981bd52d8c6ac8351a258558d372496c670e4ff2c?s=96&d=mm&r=g\",\"caption\":\"anita\"},\"url\":\"https:\\\/\\\/www.unitedworldproject.org\\\/fr\\\/author\\\/anita\\\/\"}]}<\/script>\n<!-- \/ Yoast SEO plugin. -->","yoast_head_json":{"title":"Together to Care : une feuille de route pour construire un avenir plus juste et durable - United World Project","description":"Together to Care est un document qui pr\u00e9sente des exp\u00e9riences, des projets et de bonnes pratiques du monde entier, t\u00e9moignant de l\u2019engagement des jeunes pour prendre soin des personnes, de la plan\u00e8te et du bien commun.","robots":{"index":"index","follow":"follow","max-snippet":"max-snippet:-1","max-image-preview":"max-image-preview:large","max-video-preview":"max-video-preview:-1"},"canonical":"https:\/\/www.unitedworldproject.org\/fr\/paix-droits-humains\/together-to-care-a-roadmap-to-build-a-just-and-more-sustainable-future\/","og_locale":"fr_FR","og_type":"article","og_title":"Together to Care : une feuille de route pour construire un avenir plus juste et durable - United World Project","og_description":"Together to Care est un document qui pr\u00e9sente des exp\u00e9riences, des projets et de bonnes pratiques du monde entier, t\u00e9moignant de l\u2019engagement des jeunes pour prendre soin des personnes, de la plan\u00e8te et du bien commun.","og_url":"https:\/\/www.unitedworldproject.org\/fr\/paix-droits-humains\/together-to-care-a-roadmap-to-build-a-just-and-more-sustainable-future\/","og_site_name":"United World Project","article_published_time":"2026-09-03T21:36:06+00:00","article_modified_time":"2026-09-03T22:13:48+00:00","og_image":[{"width":1200,"height":675,"url":"https:\/\/www.unitedworldproject.org\/wp-content\/uploads\/2026\/09\/Alexander-Grey-Together-to-Care.png","type":"image\/png"}],"author":"anita","twitter_card":"summary_large_image","twitter_misc":{"\u00c9crit par":"anita","Dur\u00e9e de lecture estim\u00e9e":"8 minutes"},"schema":{"@context":"https:\/\/schema.org","@graph":[{"@type":"Article","@id":"https:\/\/www.unitedworldproject.org\/fr\/paix-droits-humains\/together-to-care-a-roadmap-to-build-a-just-and-more-sustainable-future\/#article","isPartOf":{"@id":"https:\/\/www.unitedworldproject.org\/fr\/paix-droits-humains\/together-to-care-a-roadmap-to-build-a-just-and-more-sustainable-future\/"},"author":{"name":"anita","@id":"https:\/\/www.unitedworldproject.org\/fr\/#\/schema\/person\/5e422fc57d77d69e6b4e36ac59a53201"},"headline":"Together to Care : une feuille de route pour construire un avenir plus juste et durable","datePublished":"2026-09-03T21:36:06+00:00","dateModified":"2026-09-03T22:13:48+00:00","mainEntityOfPage":{"@id":"https:\/\/www.unitedworldproject.org\/fr\/paix-droits-humains\/together-to-care-a-roadmap-to-build-a-just-and-more-sustainable-future\/"},"wordCount":1715,"image":{"@id":"https:\/\/www.unitedworldproject.org\/fr\/paix-droits-humains\/together-to-care-a-roadmap-to-build-a-just-and-more-sustainable-future\/#primaryimage"},"thumbnailUrl":"https:\/\/www.unitedworldproject.org\/wp-content\/uploads\/2026\/09\/Alexander-Grey-Together-to-Care.png","articleSection":["Paix et Droits Humains"],"inLanguage":"fr-FR"},{"@type":"WebPage","@id":"https:\/\/www.unitedworldproject.org\/fr\/paix-droits-humains\/together-to-care-a-roadmap-to-build-a-just-and-more-sustainable-future\/","url":"https:\/\/www.unitedworldproject.org\/fr\/paix-droits-humains\/together-to-care-a-roadmap-to-build-a-just-and-more-sustainable-future\/","name":"Together to Care : une feuille de route pour construire un avenir plus juste et durable - United World Project","isPartOf":{"@id":"https:\/\/www.unitedworldproject.org\/fr\/#website"},"primaryImageOfPage":{"@id":"https:\/\/www.unitedworldproject.org\/fr\/paix-droits-humains\/together-to-care-a-roadmap-to-build-a-just-and-more-sustainable-future\/#primaryimage"},"image":{"@id":"https:\/\/www.unitedworldproject.org\/fr\/paix-droits-humains\/together-to-care-a-roadmap-to-build-a-just-and-more-sustainable-future\/#primaryimage"},"thumbnailUrl":"https:\/\/www.unitedworldproject.org\/wp-content\/uploads\/2026\/09\/Alexander-Grey-Together-to-Care.png","datePublished":"2026-09-03T21:36:06+00:00","dateModified":"2026-09-03T22:13:48+00:00","author":{"@id":"https:\/\/www.unitedworldproject.org\/fr\/#\/schema\/person\/5e422fc57d77d69e6b4e36ac59a53201"},"description":"Together to Care est un document qui pr\u00e9sente des exp\u00e9riences, des projets et de bonnes pratiques du monde entier, t\u00e9moignant de l\u2019engagement des jeunes pour prendre soin des personnes, de la plan\u00e8te et du bien commun.","breadcrumb":{"@id":"https:\/\/www.unitedworldproject.org\/fr\/paix-droits-humains\/together-to-care-a-roadmap-to-build-a-just-and-more-sustainable-future\/#breadcrumb"},"inLanguage":"fr-FR","potentialAction":[{"@type":"ReadAction","target":["https:\/\/www.unitedworldproject.org\/fr\/paix-droits-humains\/together-to-care-a-roadmap-to-build-a-just-and-more-sustainable-future\/"]}]},{"@type":"ImageObject","inLanguage":"fr-FR","@id":"https:\/\/www.unitedworldproject.org\/fr\/paix-droits-humains\/together-to-care-a-roadmap-to-build-a-just-and-more-sustainable-future\/#primaryimage","url":"https:\/\/www.unitedworldproject.org\/wp-content\/uploads\/2026\/09\/Alexander-Grey-Together-to-Care.png","contentUrl":"https:\/\/www.unitedworldproject.org\/wp-content\/uploads\/2026\/09\/Alexander-Grey-Together-to-Care.png","width":1200,"height":675,"caption":"Alexander Grey - Together to Care"},{"@type":"BreadcrumbList","@id":"https:\/\/www.unitedworldproject.org\/fr\/paix-droits-humains\/together-to-care-a-roadmap-to-build-a-just-and-more-sustainable-future\/#breadcrumb","itemListElement":[{"@type":"ListItem","position":1,"name":"Home","item":"https:\/\/www.unitedworldproject.org\/fr\/"},{"@type":"ListItem","position":2,"name":"Together to Care : une feuille de route pour construire un avenir plus juste et durable"}]},{"@type":"WebSite","@id":"https:\/\/www.unitedworldproject.org\/fr\/#website","url":"https:\/\/www.unitedworldproject.org\/fr\/","name":"United World Project","description":"Championing fraternity and collaboration worldwide","potentialAction":[{"@type":"SearchAction","target":{"@type":"EntryPoint","urlTemplate":"https:\/\/www.unitedworldproject.org\/fr\/?s={search_term_string}"},"query-input":{"@type":"PropertyValueSpecification","valueRequired":true,"valueName":"search_term_string"}}],"inLanguage":"fr-FR"},{"@type":"Person","@id":"https:\/\/www.unitedworldproject.org\/fr\/#\/schema\/person\/5e422fc57d77d69e6b4e36ac59a53201","name":"anita","image":{"@type":"ImageObject","inLanguage":"fr-FR","@id":"https:\/\/secure.gravatar.com\/avatar\/6949a15dd913b50588eec00981bd52d8c6ac8351a258558d372496c670e4ff2c?s=96&d=mm&r=g","url":"https:\/\/secure.gravatar.com\/avatar\/6949a15dd913b50588eec00981bd52d8c6ac8351a258558d372496c670e4ff2c?s=96&d=mm&r=g","contentUrl":"https:\/\/secure.gravatar.com\/avatar\/6949a15dd913b50588eec00981bd52d8c6ac8351a258558d372496c670e4ff2c?s=96&d=mm&r=g","caption":"anita"},"url":"https:\/\/www.unitedworldproject.org\/fr\/author\/anita\/"}]}},"_links":{"self":[{"href":"https:\/\/www.unitedworldproject.org\/fr\/wp-json\/wp\/v2\/posts\/79156","targetHints":{"allow":["GET"]}}],"collection":[{"href":"https:\/\/www.unitedworldproject.org\/fr\/wp-json\/wp\/v2\/posts"}],"about":[{"href":"https:\/\/www.unitedworldproject.org\/fr\/wp-json\/wp\/v2\/types\/post"}],"author":[{"embeddable":true,"href":"https:\/\/www.unitedworldproject.org\/fr\/wp-json\/wp\/v2\/users\/2"}],"replies":[{"embeddable":true,"href":"https:\/\/www.unitedworldproject.org\/fr\/wp-json\/wp\/v2\/comments?post=79156"}],"version-history":[{"count":3,"href":"https:\/\/www.unitedworldproject.org\/fr\/wp-json\/wp\/v2\/posts\/79156\/revisions"}],"predecessor-version":[{"id":79173,"href":"https:\/\/www.unitedworldproject.org\/fr\/wp-json\/wp\/v2\/posts\/79156\/revisions\/79173"}],"wp:featuredmedia":[{"embeddable":true,"href":"https:\/\/www.unitedworldproject.org\/fr\/wp-json\/wp\/v2\/media\/79153"}],"wp:attachment":[{"href":"https:\/\/www.unitedworldproject.org\/fr\/wp-json\/wp\/v2\/media?parent=79156"}],"wp:term":[{"taxonomy":"category","embeddable":true,"href":"https:\/\/www.unitedworldproject.org\/fr\/wp-json\/wp\/v2\/categories?post=79156"},{"taxonomy":"post_tag","embeddable":true,"href":"https:\/\/www.unitedworldproject.org\/fr\/wp-json\/wp\/v2\/tags?post=79156"}],"curies":[{"name":"wp","href":"https:\/\/api.w.org\/{rel}","templated":true}]}}