{"id":69459,"date":"2014-07-16T10:16:30","date_gmt":"2014-07-16T08:16:30","guid":{"rendered":"https:\/\/www.unitedworldproject.org\/economy-work\/nigeria-appello-malala-su-ragazze-rapite\/"},"modified":"2014-07-16T10:16:30","modified_gmt":"2014-07-16T08:16:30","slug":"nigeria-appello-malala-su-ragazze-rapite","status":"publish","type":"post","link":"https:\/\/www.unitedworldproject.org\/it\/economia-e-lavoro\/nigeria-appello-malala-su-ragazze-rapite\/","title":{"rendered":"Nigeria:appello Malala su ragazze rapite"},"content":{"rendered":"<p>&nbsp;<\/p>\n<p><strong>Fonte:<\/strong>\u00a0<a href=\"http:\/\/www.ansa.it\">www.ansa.it<\/a><\/p>\n<p>&nbsp;<\/p>\n","protected":false},"excerpt":{"rendered":"<p><em>Giovane pachistana si \u00e8 recata nel Paese africano<\/em><\/p>\n<p><strong>Ha sfidato i rischi alla sua sicurezza per essere in Nigeria.<\/strong> Malala Yousafzai \u00e8 arrivata ieri, giorno del suo 17esimo compleanno, nel Paese africano per incontrare autorit\u00e0, attivisti e le studentesse che sono riuscite a sfuggire ai Boko Haram che ad aprile hanno preso in ostaggio 200 ragazze.<\/p>\n<p><strong> &#8220;Voglio riportare l&#8217;attenzione su questo problema<\/strong> cos\u00ec i leader mondiali manterranno la loro parola e daranno il loro contributo per far tornare quelle ragazze a casa&#8221;, ha detto l&#8217;attivista pachistana.<\/p>\n","protected":false},"author":1,"featured_media":0,"comment_status":"closed","ping_status":"open","sticky":false,"template":"","format":"standard","meta":{"_acf_changed":false,"footnotes":""},"categories":[],"tags":[],"class_list":["post-69459","post","type-post","status-publish","format-standard","hentry"],"acf":[],"yoast_head":"<!-- This site is optimized with the Yoast SEO plugin v27.4 - https:\/\/yoast.com\/product\/yoast-seo-wordpress\/ -->\n<title>Nigeria:appello Malala su ragazze rapite - United World Project<\/title>\n<meta name=\"robots\" content=\"index, follow, max-snippet:-1, max-image-preview:large, max-video-preview:-1\" \/>\n<link rel=\"canonical\" href=\"https:\/\/www.unitedworldproject.org\/it\/economia-e-lavoro\/nigeria-appello-malala-su-ragazze-rapite\/\" \/>\n<meta property=\"og:locale\" content=\"it_IT\" \/>\n<meta property=\"og:type\" content=\"article\" \/>\n<meta property=\"og:title\" content=\"Nigeria:appello Malala su ragazze rapite - United World Project\" \/>\n<meta property=\"og:description\" content=\"Giovane pachistana si \u00e8 recata nel Paese africano Ha sfidato i rischi alla sua sicurezza per essere in Nigeria. Malala Yousafzai \u00e8 arrivata ieri, giorno del suo 17esimo compleanno, nel Paese africano per incontrare autorit\u00e0, attivisti e le studentesse che sono riuscite a sfuggire ai Boko Haram che ad aprile hanno preso in ostaggio 200 ragazze. &quot;Voglio riportare l&#039;attenzione su questo problema cos\u00ec i leader mondiali manterranno la loro parola e daranno il loro contributo per far tornare quelle ragazze a casa&quot;, ha detto l&#039;attivista pachistana.\" \/>\n<meta property=\"og:url\" content=\"https:\/\/www.unitedworldproject.org\/it\/economia-e-lavoro\/nigeria-appello-malala-su-ragazze-rapite\/\" \/>\n<meta property=\"og:site_name\" content=\"United World Project\" \/>\n<meta property=\"article:published_time\" content=\"2014-07-16T08:16:30+00:00\" \/>\n<meta name=\"author\" content=\"admin\" \/>\n<meta name=\"twitter:card\" content=\"summary_large_image\" \/>\n<meta name=\"twitter:label1\" content=\"Scritto da\" \/>\n\t<meta name=\"twitter:data1\" content=\"admin\" \/>\n<script type=\"application\/ld+json\" class=\"yoast-schema-graph\">{\"@context\":\"https:\\\/\\\/schema.org\",\"@graph\":[{\"@type\":\"Article\",\"@id\":\"https:\\\/\\\/www.unitedworldproject.org\\\/it\\\/economia-e-lavoro\\\/nigeria-appello-malala-su-ragazze-rapite\\\/#article\",\"isPartOf\":{\"@id\":\"https:\\\/\\\/www.unitedworldproject.org\\\/it\\\/economia-e-lavoro\\\/nigeria-appello-malala-su-ragazze-rapite\\\/\"},\"author\":{\"name\":\"admin\",\"@id\":\"https:\\\/\\\/www.unitedworldproject.org\\\/it\\\/#\\\/schema\\\/person\\\/eb42d6478d5877ce01b2709e619bc2bd\"},\"headline\":\"Nigeria:appello Malala su ragazze rapite\",\"datePublished\":\"2014-07-16T08:16:30+00:00\",\"mainEntityOfPage\":{\"@id\":\"https:\\\/\\\/www.unitedworldproject.org\\\/it\\\/economia-e-lavoro\\\/nigeria-appello-malala-su-ragazze-rapite\\\/\"},\"wordCount\":12,\"inLanguage\":\"it-IT\"},{\"@type\":\"WebPage\",\"@id\":\"https:\\\/\\\/www.unitedworldproject.org\\\/it\\\/economia-e-lavoro\\\/nigeria-appello-malala-su-ragazze-rapite\\\/\",\"url\":\"https:\\\/\\\/www.unitedworldproject.org\\\/it\\\/economia-e-lavoro\\\/nigeria-appello-malala-su-ragazze-rapite\\\/\",\"name\":\"Nigeria:appello Malala su ragazze rapite - United World Project\",\"isPartOf\":{\"@id\":\"https:\\\/\\\/www.unitedworldproject.org\\\/it\\\/#website\"},\"datePublished\":\"2014-07-16T08:16:30+00:00\",\"author\":{\"@id\":\"https:\\\/\\\/www.unitedworldproject.org\\\/it\\\/#\\\/schema\\\/person\\\/eb42d6478d5877ce01b2709e619bc2bd\"},\"breadcrumb\":{\"@id\":\"https:\\\/\\\/www.unitedworldproject.org\\\/it\\\/economia-e-lavoro\\\/nigeria-appello-malala-su-ragazze-rapite\\\/#breadcrumb\"},\"inLanguage\":\"it-IT\",\"potentialAction\":[{\"@type\":\"ReadAction\",\"target\":[\"https:\\\/\\\/www.unitedworldproject.org\\\/it\\\/economia-e-lavoro\\\/nigeria-appello-malala-su-ragazze-rapite\\\/\"]}]},{\"@type\":\"BreadcrumbList\",\"@id\":\"https:\\\/\\\/www.unitedworldproject.org\\\/it\\\/economia-e-lavoro\\\/nigeria-appello-malala-su-ragazze-rapite\\\/#breadcrumb\",\"itemListElement\":[{\"@type\":\"ListItem\",\"position\":1,\"name\":\"Home\",\"item\":\"https:\\\/\\\/www.unitedworldproject.org\\\/it\\\/\"},{\"@type\":\"ListItem\",\"position\":2,\"name\":\"Nigeria:appello Malala su ragazze rapite\"}]},{\"@type\":\"WebSite\",\"@id\":\"https:\\\/\\\/www.unitedworldproject.org\\\/it\\\/#website\",\"url\":\"https:\\\/\\\/www.unitedworldproject.org\\\/it\\\/\",\"name\":\"United World Project\",\"description\":\"Championing fraternity and collaboration worldwide\",\"potentialAction\":[{\"@type\":\"SearchAction\",\"target\":{\"@type\":\"EntryPoint\",\"urlTemplate\":\"https:\\\/\\\/www.unitedworldproject.org\\\/it\\\/?s={search_term_string}\"},\"query-input\":{\"@type\":\"PropertyValueSpecification\",\"valueRequired\":true,\"valueName\":\"search_term_string\"}}],\"inLanguage\":\"it-IT\"},{\"@type\":\"Person\",\"@id\":\"https:\\\/\\\/www.unitedworldproject.org\\\/it\\\/#\\\/schema\\\/person\\\/eb42d6478d5877ce01b2709e619bc2bd\",\"name\":\"admin\",\"image\":{\"@type\":\"ImageObject\",\"inLanguage\":\"it-IT\",\"@id\":\"https:\\\/\\\/secure.gravatar.com\\\/avatar\\\/cf7f95f857c4a56753bee99a58a90ea6c495b7c5364cc812ff43a6d8f153f574?s=96&d=mm&r=g\",\"url\":\"https:\\\/\\\/secure.gravatar.com\\\/avatar\\\/cf7f95f857c4a56753bee99a58a90ea6c495b7c5364cc812ff43a6d8f153f574?s=96&d=mm&r=g\",\"contentUrl\":\"https:\\\/\\\/secure.gravatar.com\\\/avatar\\\/cf7f95f857c4a56753bee99a58a90ea6c495b7c5364cc812ff43a6d8f153f574?s=96&d=mm&r=g\",\"caption\":\"admin\"},\"sameAs\":[\"http:\\\/\\\/www.unitedworldproject.org\"],\"url\":\"https:\\\/\\\/www.unitedworldproject.org\\\/it\\\/author\\\/admin\\\/\"}]}<\/script>\n<!-- \/ Yoast SEO plugin. -->","yoast_head_json":{"title":"Nigeria:appello Malala su ragazze rapite - United World Project","robots":{"index":"index","follow":"follow","max-snippet":"max-snippet:-1","max-image-preview":"max-image-preview:large","max-video-preview":"max-video-preview:-1"},"canonical":"https:\/\/www.unitedworldproject.org\/it\/economia-e-lavoro\/nigeria-appello-malala-su-ragazze-rapite\/","og_locale":"it_IT","og_type":"article","og_title":"Nigeria:appello Malala su ragazze rapite - United World Project","og_description":"Giovane pachistana si \u00e8 recata nel Paese africano Ha sfidato i rischi alla sua sicurezza per essere in Nigeria. Malala Yousafzai \u00e8 arrivata ieri, giorno del suo 17esimo compleanno, nel Paese africano per incontrare autorit\u00e0, attivisti e le studentesse che sono riuscite a sfuggire ai Boko Haram che ad aprile hanno preso in ostaggio 200 ragazze. \"Voglio riportare l'attenzione su questo problema cos\u00ec i leader mondiali manterranno la loro parola e daranno il loro contributo per far tornare quelle ragazze a casa\", ha detto l'attivista pachistana.","og_url":"https:\/\/www.unitedworldproject.org\/it\/economia-e-lavoro\/nigeria-appello-malala-su-ragazze-rapite\/","og_site_name":"United World Project","article_published_time":"2014-07-16T08:16:30+00:00","author":"admin","twitter_card":"summary_large_image","twitter_misc":{"Scritto da":"admin"},"schema":{"@context":"https:\/\/schema.org","@graph":[{"@type":"Article","@id":"https:\/\/www.unitedworldproject.org\/it\/economia-e-lavoro\/nigeria-appello-malala-su-ragazze-rapite\/#article","isPartOf":{"@id":"https:\/\/www.unitedworldproject.org\/it\/economia-e-lavoro\/nigeria-appello-malala-su-ragazze-rapite\/"},"author":{"name":"admin","@id":"https:\/\/www.unitedworldproject.org\/it\/#\/schema\/person\/eb42d6478d5877ce01b2709e619bc2bd"},"headline":"Nigeria:appello Malala su ragazze rapite","datePublished":"2014-07-16T08:16:30+00:00","mainEntityOfPage":{"@id":"https:\/\/www.unitedworldproject.org\/it\/economia-e-lavoro\/nigeria-appello-malala-su-ragazze-rapite\/"},"wordCount":12,"inLanguage":"it-IT"},{"@type":"WebPage","@id":"https:\/\/www.unitedworldproject.org\/it\/economia-e-lavoro\/nigeria-appello-malala-su-ragazze-rapite\/","url":"https:\/\/www.unitedworldproject.org\/it\/economia-e-lavoro\/nigeria-appello-malala-su-ragazze-rapite\/","name":"Nigeria:appello Malala su ragazze rapite - United World Project","isPartOf":{"@id":"https:\/\/www.unitedworldproject.org\/it\/#website"},"datePublished":"2014-07-16T08:16:30+00:00","author":{"@id":"https:\/\/www.unitedworldproject.org\/it\/#\/schema\/person\/eb42d6478d5877ce01b2709e619bc2bd"},"breadcrumb":{"@id":"https:\/\/www.unitedworldproject.org\/it\/economia-e-lavoro\/nigeria-appello-malala-su-ragazze-rapite\/#breadcrumb"},"inLanguage":"it-IT","potentialAction":[{"@type":"ReadAction","target":["https:\/\/www.unitedworldproject.org\/it\/economia-e-lavoro\/nigeria-appello-malala-su-ragazze-rapite\/"]}]},{"@type":"BreadcrumbList","@id":"https:\/\/www.unitedworldproject.org\/it\/economia-e-lavoro\/nigeria-appello-malala-su-ragazze-rapite\/#breadcrumb","itemListElement":[{"@type":"ListItem","position":1,"name":"Home","item":"https:\/\/www.unitedworldproject.org\/it\/"},{"@type":"ListItem","position":2,"name":"Nigeria:appello Malala su ragazze rapite"}]},{"@type":"WebSite","@id":"https:\/\/www.unitedworldproject.org\/it\/#website","url":"https:\/\/www.unitedworldproject.org\/it\/","name":"United World Project","description":"Championing fraternity and collaboration worldwide","potentialAction":[{"@type":"SearchAction","target":{"@type":"EntryPoint","urlTemplate":"https:\/\/www.unitedworldproject.org\/it\/?s={search_term_string}"},"query-input":{"@type":"PropertyValueSpecification","valueRequired":true,"valueName":"search_term_string"}}],"inLanguage":"it-IT"},{"@type":"Person","@id":"https:\/\/www.unitedworldproject.org\/it\/#\/schema\/person\/eb42d6478d5877ce01b2709e619bc2bd","name":"admin","image":{"@type":"ImageObject","inLanguage":"it-IT","@id":"https:\/\/secure.gravatar.com\/avatar\/cf7f95f857c4a56753bee99a58a90ea6c495b7c5364cc812ff43a6d8f153f574?s=96&d=mm&r=g","url":"https:\/\/secure.gravatar.com\/avatar\/cf7f95f857c4a56753bee99a58a90ea6c495b7c5364cc812ff43a6d8f153f574?s=96&d=mm&r=g","contentUrl":"https:\/\/secure.gravatar.com\/avatar\/cf7f95f857c4a56753bee99a58a90ea6c495b7c5364cc812ff43a6d8f153f574?s=96&d=mm&r=g","caption":"admin"},"sameAs":["http:\/\/www.unitedworldproject.org"],"url":"https:\/\/www.unitedworldproject.org\/it\/author\/admin\/"}]}},"_links":{"self":[{"href":"https:\/\/www.unitedworldproject.org\/it\/wp-json\/wp\/v2\/posts\/69459","targetHints":{"allow":["GET"]}}],"collection":[{"href":"https:\/\/www.unitedworldproject.org\/it\/wp-json\/wp\/v2\/posts"}],"about":[{"href":"https:\/\/www.unitedworldproject.org\/it\/wp-json\/wp\/v2\/types\/post"}],"author":[{"embeddable":true,"href":"https:\/\/www.unitedworldproject.org\/it\/wp-json\/wp\/v2\/users\/1"}],"replies":[{"embeddable":true,"href":"https:\/\/www.unitedworldproject.org\/it\/wp-json\/wp\/v2\/comments?post=69459"}],"version-history":[{"count":0,"href":"https:\/\/www.unitedworldproject.org\/it\/wp-json\/wp\/v2\/posts\/69459\/revisions"}],"wp:attachment":[{"href":"https:\/\/www.unitedworldproject.org\/it\/wp-json\/wp\/v2\/media?parent=69459"}],"wp:term":[{"taxonomy":"category","embeddable":true,"href":"https:\/\/www.unitedworldproject.org\/it\/wp-json\/wp\/v2\/categories?post=69459"},{"taxonomy":"post_tag","embeddable":true,"href":"https:\/\/www.unitedworldproject.org\/it\/wp-json\/wp\/v2\/tags?post=69459"}],"curies":[{"name":"wp","href":"https:\/\/api.w.org\/{rel}","templated":true}]}}