{"id":69705,"date":"2015-11-05T07:05:31","date_gmt":"2015-11-05T06:05:31","guid":{"rendered":"https:\/\/www.unitedworldproject.org\/economy-work\/gerusalemme-israeliani-e-palestinesi-marciano-insieme-per-la-pace\/"},"modified":"2015-11-05T07:05:31","modified_gmt":"2015-11-05T06:05:31","slug":"gerusalemme-israeliani-e-palestinesi-marciano-insieme-per-la-pace","status":"publish","type":"post","link":"https:\/\/www.unitedworldproject.org\/it\/economia-e-lavoro\/gerusalemme-israeliani-e-palestinesi-marciano-insieme-per-la-pace\/","title":{"rendered":"Gerusalemme, israeliani e palestinesi marciano insieme per la pace"},"content":{"rendered":"<p style=\"text-align: justify;\">\u201cSiamo qui \u2013 dice Uri Weltmann, insegnante di Haifa -per dimostrare che ebrei e arabi, israeliani e palestinesi possono convivere e favorire una nuova politica, una politica di pace, d\u2019indipendenza per entrambi i nostri popoli, piuttosto che ampliare l\u2019occupazione, che \u00e8 ci\u00f2 che il governo Netanyahu sta cercando di fare espandendo le colonie.<br \/>La marcia ha provocato la protesta di qualche individuo che era contro la manifestazione di unit\u00e0, ma si \u00e8 svolta senza incidenti e in un clima pacifico che \u00e8 durato fino alla fine.<\/p>\n<p><strong>Fonte:<\/strong> <a href=\"http:\/\/www.mppu.org\/it\/\">MPPU.org<\/a><\/p>\n","protected":false},"excerpt":{"rendered":"<p style=\"text-align: justify;\"><em>Israeliani e palestinesi insieme, per strada, in nome della pace.<\/em><\/p>\n<p style=\"text-align: justify;\">In centinaia sono sfilati per le vie di Gerusalemme, sabato sera, sotto lo slogan comune \u201cEbrei e arabi si rifiutano di essere nemici\u201d. La manifestazione avviene nel momento di massima tensione a Gerusalemme e nei Territori col moltiplicarsi di attacchi palestinesi contro ebrei.<\/p>\n","protected":false},"author":16,"featured_media":0,"comment_status":"closed","ping_status":"open","sticky":false,"template":"","format":"standard","meta":{"_acf_changed":false,"footnotes":""},"categories":[],"tags":[],"class_list":["post-69705","post","type-post","status-publish","format-standard","hentry"],"acf":[],"yoast_head":"<!-- This site is optimized with the Yoast SEO plugin v27.4 - https:\/\/yoast.com\/product\/yoast-seo-wordpress\/ -->\n<title>Gerusalemme, israeliani e palestinesi marciano insieme per la pace - United World Project<\/title>\n<meta name=\"robots\" content=\"index, follow, max-snippet:-1, max-image-preview:large, max-video-preview:-1\" \/>\n<link rel=\"canonical\" href=\"https:\/\/www.unitedworldproject.org\/it\/economia-e-lavoro\/gerusalemme-israeliani-e-palestinesi-marciano-insieme-per-la-pace\/\" \/>\n<meta property=\"og:locale\" content=\"it_IT\" \/>\n<meta property=\"og:type\" content=\"article\" \/>\n<meta property=\"og:title\" content=\"Gerusalemme, israeliani e palestinesi marciano insieme per la pace - United World Project\" \/>\n<meta property=\"og:description\" content=\"Israeliani e palestinesi insieme, per strada, in nome della pace. In centinaia sono sfilati per le vie di Gerusalemme, sabato sera, sotto lo slogan comune \u201cEbrei e arabi si rifiutano di essere nemici\u201d. La manifestazione avviene nel momento di massima tensione a Gerusalemme e nei Territori col moltiplicarsi di attacchi palestinesi contro ebrei.\" \/>\n<meta property=\"og:url\" content=\"https:\/\/www.unitedworldproject.org\/it\/economia-e-lavoro\/gerusalemme-israeliani-e-palestinesi-marciano-insieme-per-la-pace\/\" \/>\n<meta property=\"og:site_name\" content=\"United World Project\" \/>\n<meta property=\"article:published_time\" content=\"2015-11-05T06:05:31+00:00\" \/>\n<meta name=\"author\" content=\"UWP\" \/>\n<meta name=\"twitter:card\" content=\"summary_large_image\" \/>\n<meta name=\"twitter:label1\" content=\"Scritto da\" \/>\n\t<meta name=\"twitter:data1\" content=\"UWP\" \/>\n<script type=\"application\/ld+json\" class=\"yoast-schema-graph\">{\"@context\":\"https:\\\/\\\/schema.org\",\"@graph\":[{\"@type\":\"Article\",\"@id\":\"https:\\\/\\\/www.unitedworldproject.org\\\/it\\\/economia-e-lavoro\\\/gerusalemme-israeliani-e-palestinesi-marciano-insieme-per-la-pace\\\/#article\",\"isPartOf\":{\"@id\":\"https:\\\/\\\/www.unitedworldproject.org\\\/it\\\/economia-e-lavoro\\\/gerusalemme-israeliani-e-palestinesi-marciano-insieme-per-la-pace\\\/\"},\"author\":{\"name\":\"UWP\",\"@id\":\"https:\\\/\\\/www.unitedworldproject.org\\\/it\\\/#\\\/schema\\\/person\\\/2c628d2909f3a9b4b12830b4057eaa1b\"},\"headline\":\"Gerusalemme, israeliani e palestinesi marciano insieme per la pace\",\"datePublished\":\"2015-11-05T06:05:31+00:00\",\"mainEntityOfPage\":{\"@id\":\"https:\\\/\\\/www.unitedworldproject.org\\\/it\\\/economia-e-lavoro\\\/gerusalemme-israeliani-e-palestinesi-marciano-insieme-per-la-pace\\\/\"},\"wordCount\":96,\"inLanguage\":\"it-IT\"},{\"@type\":\"WebPage\",\"@id\":\"https:\\\/\\\/www.unitedworldproject.org\\\/it\\\/economia-e-lavoro\\\/gerusalemme-israeliani-e-palestinesi-marciano-insieme-per-la-pace\\\/\",\"url\":\"https:\\\/\\\/www.unitedworldproject.org\\\/it\\\/economia-e-lavoro\\\/gerusalemme-israeliani-e-palestinesi-marciano-insieme-per-la-pace\\\/\",\"name\":\"Gerusalemme, israeliani e palestinesi marciano insieme per la pace - United World Project\",\"isPartOf\":{\"@id\":\"https:\\\/\\\/www.unitedworldproject.org\\\/it\\\/#website\"},\"datePublished\":\"2015-11-05T06:05:31+00:00\",\"author\":{\"@id\":\"https:\\\/\\\/www.unitedworldproject.org\\\/it\\\/#\\\/schema\\\/person\\\/2c628d2909f3a9b4b12830b4057eaa1b\"},\"breadcrumb\":{\"@id\":\"https:\\\/\\\/www.unitedworldproject.org\\\/it\\\/economia-e-lavoro\\\/gerusalemme-israeliani-e-palestinesi-marciano-insieme-per-la-pace\\\/#breadcrumb\"},\"inLanguage\":\"it-IT\",\"potentialAction\":[{\"@type\":\"ReadAction\",\"target\":[\"https:\\\/\\\/www.unitedworldproject.org\\\/it\\\/economia-e-lavoro\\\/gerusalemme-israeliani-e-palestinesi-marciano-insieme-per-la-pace\\\/\"]}]},{\"@type\":\"BreadcrumbList\",\"@id\":\"https:\\\/\\\/www.unitedworldproject.org\\\/it\\\/economia-e-lavoro\\\/gerusalemme-israeliani-e-palestinesi-marciano-insieme-per-la-pace\\\/#breadcrumb\",\"itemListElement\":[{\"@type\":\"ListItem\",\"position\":1,\"name\":\"Home\",\"item\":\"https:\\\/\\\/www.unitedworldproject.org\\\/it\\\/\"},{\"@type\":\"ListItem\",\"position\":2,\"name\":\"Gerusalemme, israeliani e palestinesi marciano insieme per la pace\"}]},{\"@type\":\"WebSite\",\"@id\":\"https:\\\/\\\/www.unitedworldproject.org\\\/it\\\/#website\",\"url\":\"https:\\\/\\\/www.unitedworldproject.org\\\/it\\\/\",\"name\":\"United World Project\",\"description\":\"Championing fraternity and collaboration worldwide\",\"potentialAction\":[{\"@type\":\"SearchAction\",\"target\":{\"@type\":\"EntryPoint\",\"urlTemplate\":\"https:\\\/\\\/www.unitedworldproject.org\\\/it\\\/?s={search_term_string}\"},\"query-input\":{\"@type\":\"PropertyValueSpecification\",\"valueRequired\":true,\"valueName\":\"search_term_string\"}}],\"inLanguage\":\"it-IT\"},{\"@type\":\"Person\",\"@id\":\"https:\\\/\\\/www.unitedworldproject.org\\\/it\\\/#\\\/schema\\\/person\\\/2c628d2909f3a9b4b12830b4057eaa1b\",\"name\":\"UWP\",\"image\":{\"@type\":\"ImageObject\",\"inLanguage\":\"it-IT\",\"@id\":\"https:\\\/\\\/secure.gravatar.com\\\/avatar\\\/5e9278249feb670fd9a0cce5ea80343c2441e211585f54659393669db4d48315?s=96&d=mm&r=g\",\"url\":\"https:\\\/\\\/secure.gravatar.com\\\/avatar\\\/5e9278249feb670fd9a0cce5ea80343c2441e211585f54659393669db4d48315?s=96&d=mm&r=g\",\"contentUrl\":\"https:\\\/\\\/secure.gravatar.com\\\/avatar\\\/5e9278249feb670fd9a0cce5ea80343c2441e211585f54659393669db4d48315?s=96&d=mm&r=g\",\"caption\":\"UWP\"},\"url\":\"https:\\\/\\\/www.unitedworldproject.org\\\/it\\\/author\\\/uwp\\\/\"}]}<\/script>\n<!-- \/ Yoast SEO plugin. -->","yoast_head_json":{"title":"Gerusalemme, israeliani e palestinesi marciano insieme per la pace - United World Project","robots":{"index":"index","follow":"follow","max-snippet":"max-snippet:-1","max-image-preview":"max-image-preview:large","max-video-preview":"max-video-preview:-1"},"canonical":"https:\/\/www.unitedworldproject.org\/it\/economia-e-lavoro\/gerusalemme-israeliani-e-palestinesi-marciano-insieme-per-la-pace\/","og_locale":"it_IT","og_type":"article","og_title":"Gerusalemme, israeliani e palestinesi marciano insieme per la pace - United World Project","og_description":"Israeliani e palestinesi insieme, per strada, in nome della pace. In centinaia sono sfilati per le vie di Gerusalemme, sabato sera, sotto lo slogan comune \u201cEbrei e arabi si rifiutano di essere nemici\u201d. La manifestazione avviene nel momento di massima tensione a Gerusalemme e nei Territori col moltiplicarsi di attacchi palestinesi contro ebrei.","og_url":"https:\/\/www.unitedworldproject.org\/it\/economia-e-lavoro\/gerusalemme-israeliani-e-palestinesi-marciano-insieme-per-la-pace\/","og_site_name":"United World Project","article_published_time":"2015-11-05T06:05:31+00:00","author":"UWP","twitter_card":"summary_large_image","twitter_misc":{"Scritto da":"UWP"},"schema":{"@context":"https:\/\/schema.org","@graph":[{"@type":"Article","@id":"https:\/\/www.unitedworldproject.org\/it\/economia-e-lavoro\/gerusalemme-israeliani-e-palestinesi-marciano-insieme-per-la-pace\/#article","isPartOf":{"@id":"https:\/\/www.unitedworldproject.org\/it\/economia-e-lavoro\/gerusalemme-israeliani-e-palestinesi-marciano-insieme-per-la-pace\/"},"author":{"name":"UWP","@id":"https:\/\/www.unitedworldproject.org\/it\/#\/schema\/person\/2c628d2909f3a9b4b12830b4057eaa1b"},"headline":"Gerusalemme, israeliani e palestinesi marciano insieme per la pace","datePublished":"2015-11-05T06:05:31+00:00","mainEntityOfPage":{"@id":"https:\/\/www.unitedworldproject.org\/it\/economia-e-lavoro\/gerusalemme-israeliani-e-palestinesi-marciano-insieme-per-la-pace\/"},"wordCount":96,"inLanguage":"it-IT"},{"@type":"WebPage","@id":"https:\/\/www.unitedworldproject.org\/it\/economia-e-lavoro\/gerusalemme-israeliani-e-palestinesi-marciano-insieme-per-la-pace\/","url":"https:\/\/www.unitedworldproject.org\/it\/economia-e-lavoro\/gerusalemme-israeliani-e-palestinesi-marciano-insieme-per-la-pace\/","name":"Gerusalemme, israeliani e palestinesi marciano insieme per la pace - United World Project","isPartOf":{"@id":"https:\/\/www.unitedworldproject.org\/it\/#website"},"datePublished":"2015-11-05T06:05:31+00:00","author":{"@id":"https:\/\/www.unitedworldproject.org\/it\/#\/schema\/person\/2c628d2909f3a9b4b12830b4057eaa1b"},"breadcrumb":{"@id":"https:\/\/www.unitedworldproject.org\/it\/economia-e-lavoro\/gerusalemme-israeliani-e-palestinesi-marciano-insieme-per-la-pace\/#breadcrumb"},"inLanguage":"it-IT","potentialAction":[{"@type":"ReadAction","target":["https:\/\/www.unitedworldproject.org\/it\/economia-e-lavoro\/gerusalemme-israeliani-e-palestinesi-marciano-insieme-per-la-pace\/"]}]},{"@type":"BreadcrumbList","@id":"https:\/\/www.unitedworldproject.org\/it\/economia-e-lavoro\/gerusalemme-israeliani-e-palestinesi-marciano-insieme-per-la-pace\/#breadcrumb","itemListElement":[{"@type":"ListItem","position":1,"name":"Home","item":"https:\/\/www.unitedworldproject.org\/it\/"},{"@type":"ListItem","position":2,"name":"Gerusalemme, israeliani e palestinesi marciano insieme per la pace"}]},{"@type":"WebSite","@id":"https:\/\/www.unitedworldproject.org\/it\/#website","url":"https:\/\/www.unitedworldproject.org\/it\/","name":"United World Project","description":"Championing fraternity and collaboration worldwide","potentialAction":[{"@type":"SearchAction","target":{"@type":"EntryPoint","urlTemplate":"https:\/\/www.unitedworldproject.org\/it\/?s={search_term_string}"},"query-input":{"@type":"PropertyValueSpecification","valueRequired":true,"valueName":"search_term_string"}}],"inLanguage":"it-IT"},{"@type":"Person","@id":"https:\/\/www.unitedworldproject.org\/it\/#\/schema\/person\/2c628d2909f3a9b4b12830b4057eaa1b","name":"UWP","image":{"@type":"ImageObject","inLanguage":"it-IT","@id":"https:\/\/secure.gravatar.com\/avatar\/5e9278249feb670fd9a0cce5ea80343c2441e211585f54659393669db4d48315?s=96&d=mm&r=g","url":"https:\/\/secure.gravatar.com\/avatar\/5e9278249feb670fd9a0cce5ea80343c2441e211585f54659393669db4d48315?s=96&d=mm&r=g","contentUrl":"https:\/\/secure.gravatar.com\/avatar\/5e9278249feb670fd9a0cce5ea80343c2441e211585f54659393669db4d48315?s=96&d=mm&r=g","caption":"UWP"},"url":"https:\/\/www.unitedworldproject.org\/it\/author\/uwp\/"}]}},"_links":{"self":[{"href":"https:\/\/www.unitedworldproject.org\/it\/wp-json\/wp\/v2\/posts\/69705","targetHints":{"allow":["GET"]}}],"collection":[{"href":"https:\/\/www.unitedworldproject.org\/it\/wp-json\/wp\/v2\/posts"}],"about":[{"href":"https:\/\/www.unitedworldproject.org\/it\/wp-json\/wp\/v2\/types\/post"}],"author":[{"embeddable":true,"href":"https:\/\/www.unitedworldproject.org\/it\/wp-json\/wp\/v2\/users\/16"}],"replies":[{"embeddable":true,"href":"https:\/\/www.unitedworldproject.org\/it\/wp-json\/wp\/v2\/comments?post=69705"}],"version-history":[{"count":0,"href":"https:\/\/www.unitedworldproject.org\/it\/wp-json\/wp\/v2\/posts\/69705\/revisions"}],"wp:attachment":[{"href":"https:\/\/www.unitedworldproject.org\/it\/wp-json\/wp\/v2\/media?parent=69705"}],"wp:term":[{"taxonomy":"category","embeddable":true,"href":"https:\/\/www.unitedworldproject.org\/it\/wp-json\/wp\/v2\/categories?post=69705"},{"taxonomy":"post_tag","embeddable":true,"href":"https:\/\/www.unitedworldproject.org\/it\/wp-json\/wp\/v2\/tags?post=69705"}],"curies":[{"name":"wp","href":"https:\/\/api.w.org\/{rel}","templated":true}]}}