{"id":70334,"date":"2019-08-26T15:26:46","date_gmt":"2019-08-26T13:26:46","guid":{"rendered":"https:\/\/www.unitedworldproject.org\/economy-work\/camas-molto-piu-di-una-biblioteca\/"},"modified":"2025-11-26T15:27:09","modified_gmt":"2025-11-26T14:27:09","slug":"camas-molto-piu-di-una-biblioteca","status":"publish","type":"post","link":"https:\/\/www.unitedworldproject.org\/it\/economia-e-lavoro\/camas-molto-piu-di-una-biblioteca\/","title":{"rendered":"Camas, molto pi\u00f9 di una biblioteca"},"content":{"rendered":"<h5>Di Cristobal Guerrero Guedel.<\/h5>\n<p><em>Arriva in redazione una lettera di Cristobal Guerrero, spagnolo, con la sua testimonianza di fraternit\u00e0 nella citt\u00e0.<\/em><\/p>\n<p><strong>Mi chiamo Cristobal, sono nato nel sud della Spagna<\/strong>, ad <a href=\"https:\/\/www.google.com\/maps\/place\/11630+Arcos+de+la+Frontera,+Cadice,+Spagna\/@36.7515356,-5.8255479,14z\/data=!3m1!4b1!4m5!3m4!1s0xd0da167a91a2c81:0xad51bc8bcddc8c1c!8m2!3d36.7560042!4d-5.8116522\">Arcos de la Frontera<\/a> (C\u00e1diz). Quando avevo 12 anni mi sono trasferito con la mia famiglia a Siviglia, e negli anni dell\u2019universit\u00e0, da alcuni compagni, ho conosciuto l\u2019ideale della fraternit\u00e0.<\/p>\n<p>Mi attraeva poter vivere il Vangelo concretamente, accorgermi che quelle parole erano piene di vita; un <a href=\"http:\/\/y4uw.org\/wp-content\/uploads\/2017\/04\/1-molte-vie_ita.pdf?x43506\">messaggio<\/a> di <a href=\"https:\/\/www.focolare.org\/chi-siamo\/#chiaralubich\">Chiara Lubich<\/a>, in particolare, rivolto a noi giovani di quel tempo, mi ha colpito profondamente: \u201cDare la vita per la propria gente\u201d, spenderla per chi vive accanto a noi.<\/p>\n<p>Era uno stile di vita che mi permette ancora oggi di essere ci\u00f2 che sono, cio\u00e8 libero, potendomi riconoscere negli altri e sentirmi riconosciuto come un fratello.<\/p>\n<p>Da allora, ovunque mi sia trovato, al lavoro, nella famiglia, nella parrocchia, nella citt\u00e0, ho sempre cercato, con tutti i limiti, di testimoniare l\u2019unit\u00e0 come realt\u00e0 vivibile e concreta.<\/p>\n<p>Stavo vivendo con queste parole nel cuore, quando ho cominciato a lavorare come responsabile della <a href=\"https:\/\/bibliotecadecamas.wordpress.com\/\">biblioteca comunale di Camas,<\/a> citt\u00e0 vicino Siviglia. Era il 1982, avevo 27 anni.<\/p>\n<p><strong>Ho iniziato a lavorare mettendomi in ascolto della comunit\u00e0 alla quale prestavo servizio<\/strong>, identificandomi il pi\u00f9 possibile con essa, pensando alla biblioteca come un luogo aperto a tutti, attraente e piena di vita.<\/p>\n<p>Una biblioteca infatti, luogo di cultura, acquista il suo senso pi\u00f9 pieno se \u00e8 aperta alla citt\u00e0 e al vissuto dei suoi abitanti. La cultura costruisce l\u2019identit\u00e0 di un popolo, contribuisce alla sua vita concreta.<\/p>\n<p><strong>Parlare della biblioteca di Camas, quindi, \u00e8 parlare soprattutto di persone,<\/strong> anche dei bambini che ne sono i protagonisti. Attraverso di loro, sono arrivati in biblioteca i genitori, ma anche i professori che facevano parte dei vari movimenti di rinnovamento pedagogico di allora.<\/p>\n<p>Col tempo si sono formalizzati rapporti con altre strutture comunitarie, con scuole, con professionisti della salute, parrocchie, confraternite, varie associazioni civili, e si \u00e8 generata una biblioteca che \u00e8 casa di tutti, che \u00e8 servizio per tutta la comunit\u00e0.<\/p>\n<p><strong>Ecco perch\u00e9 \u00e8 nato il progetto \u201cPassione per Camas\u201d,<\/strong> grazie a una richiesta della pi\u00f9 antica confraternita della citt\u00e0, la Confraternita Sacramentale, di elaborare un programma \u201cculturale\u201d in occasione di un particolare evento della citt\u00e0.<\/p>\n<p><strong>Abbiamo iniziato un cammino di analisi, per \u201cprendere le misure della citt\u00e0\u201d,<\/strong> andando a scoprire le criticit\u00e0, le difficolt\u00e0 dei quartieri, le situazioni di crisi, le sfide, le potenzialit\u00e0 di ogni luogo.<\/p>\n<p>Ci siamo accorti della necessit\u00e0 di dare speranza in tanti contesti dove c\u2019\u00e8 scoraggiamento, frattura sociale, mancanza di un progetto comune. La sfida \u00e8 stata quella di superare una struttura urbana di quartieri a s\u00e9 stanti, in cui ciascuno faceva vita propria.<\/p>\n<p><strong>Abbiamo tentato di invertire la rotta, intraprendendo percorsi di comunione e di mutuo accordo.<\/strong><\/p>\n<p><img loading=\"lazy\" decoding=\"async\" class=\"size-full wp-image-10964\" src=\"https:\/\/www.unitedworldproject.org\/wp-content\/uploads\/2025\/11\/11-Pasion-por-Camas.jpg\" alt=\"\" width=\"1200\" height=\"900\" \/><\/p>\n<p>Si \u00e8 creato un comitato d\u2019azione sociale per affrontare le situazioni di disagio, mancanza di lavoro, povert\u00e0. Sono stati coinvolti i rappresentanti delle tre Caritas parrocchiali, le \u201ccinque borse di carit\u00e0\u201d delle Confraternite, la Conferenza di San Vincenzo de\u2019 Paoli, associazioni, tre parroci, il sindaco e altri delegati cittadini.<\/p>\n<p>Gli incontri \u201cculturali\u201d ci hanno permesso di conoscere progetti per creare occupazione, elaborando una mappatura delle risorse comuni per un\u2019azione pi\u00f9 ordinata.<\/p>\n<p>La \u201cborsa della carit\u00e0\u201d di una confraternita, al conoscere i vari bisogni di una Caritas di un altro quartiere, ha deciso di collaborare mettendo a disposizione alimenti e altro materiale.<\/p>\n<p>Si \u00e8 anche organizzato un luogo di raccolta di cibo e vestiario comune a tutte le forze impegnate su questi fronti.<\/p>\n<p>Ho avuto il dono di conoscere di pi\u00f9 la mia citt\u00e0, di poterla \u201cleggere\u201d, ascoltare le sue voci e fabbisogni, e quindi sognarla secondo la fraternit\u00e0.<\/p>\n<p>Ogni piccola azione dalla biblioteca aiuta a dar vita ad una cultura nuova che trasforma la citt\u00e0, il quartiere, la strada dove abitiamo. \u00c8 necessario crederci.<\/p>\n","protected":false},"excerpt":{"rendered":"<p>Di Cristobal Guerrero Guedel. Arriva in redazione una lettera di Cristobal Guerrero, spagnolo, con la sua testimonianza di fraternit\u00e0 nella citt\u00e0. Mi chiamo Cristobal, sono nato nel sud della Spagna, ad Arcos de la Frontera (C\u00e1diz). Quando avevo 12 anni mi sono trasferito con la mia famiglia a Siviglia, e negli anni dell\u2019universit\u00e0, da alcuni [&hellip;]<\/p>\n","protected":false},"author":20,"featured_media":66238,"comment_status":"closed","ping_status":"open","sticky":false,"template":"","format":"standard","meta":{"_acf_changed":false,"footnotes":""},"categories":[],"tags":[],"class_list":["post-70334","post","type-post","status-publish","format-standard","has-post-thumbnail","hentry"],"acf":[],"yoast_head":"<!-- This site is optimized with the Yoast SEO plugin v27.4 - https:\/\/yoast.com\/product\/yoast-seo-wordpress\/ -->\n<title>Camas, molto pi\u00f9 di una biblioteca - United World Project<\/title>\n<meta name=\"robots\" content=\"index, follow, max-snippet:-1, max-image-preview:large, max-video-preview:-1\" \/>\n<link rel=\"canonical\" href=\"https:\/\/www.unitedworldproject.org\/it\/economia-e-lavoro\/camas-molto-piu-di-una-biblioteca\/\" \/>\n<meta property=\"og:locale\" content=\"it_IT\" \/>\n<meta property=\"og:type\" content=\"article\" \/>\n<meta property=\"og:title\" content=\"Camas, molto pi\u00f9 di una biblioteca - United World Project\" \/>\n<meta property=\"og:description\" content=\"Di Cristobal Guerrero Guedel. Arriva in redazione una lettera di Cristobal Guerrero, spagnolo, con la sua testimonianza di fraternit\u00e0 nella citt\u00e0. Mi chiamo Cristobal, sono nato nel sud della Spagna, ad Arcos de la Frontera (C\u00e1diz). Quando avevo 12 anni mi sono trasferito con la mia famiglia a Siviglia, e negli anni dell\u2019universit\u00e0, da alcuni [&hellip;]\" \/>\n<meta property=\"og:url\" content=\"https:\/\/www.unitedworldproject.org\/it\/economia-e-lavoro\/camas-molto-piu-di-una-biblioteca\/\" \/>\n<meta property=\"og:site_name\" content=\"United World Project\" \/>\n<meta property=\"article:published_time\" content=\"2019-08-26T13:26:46+00:00\" \/>\n<meta property=\"article:modified_time\" content=\"2025-11-26T14:27:09+00:00\" \/>\n<meta property=\"og:image\" content=\"https:\/\/www.unitedworldproject.org\/wp-content\/uploads\/2025\/11\/6-Grupo-adultos.jpg\" \/>\n\t<meta property=\"og:image:width\" content=\"1200\" \/>\n\t<meta property=\"og:image:height\" content=\"900\" \/>\n\t<meta property=\"og:image:type\" content=\"image\/jpeg\" \/>\n<meta name=\"author\" content=\"Paolo Balduzzi\" \/>\n<meta name=\"twitter:card\" content=\"summary_large_image\" \/>\n<meta name=\"twitter:label1\" content=\"Scritto da\" \/>\n\t<meta name=\"twitter:data1\" content=\"Paolo Balduzzi\" \/>\n\t<meta name=\"twitter:label2\" content=\"Tempo di lettura stimato\" \/>\n\t<meta name=\"twitter:data2\" content=\"3 minuti\" \/>\n<script type=\"application\/ld+json\" class=\"yoast-schema-graph\">{\"@context\":\"https:\\\/\\\/schema.org\",\"@graph\":[{\"@type\":\"Article\",\"@id\":\"https:\\\/\\\/www.unitedworldproject.org\\\/it\\\/economia-e-lavoro\\\/camas-molto-piu-di-una-biblioteca\\\/#article\",\"isPartOf\":{\"@id\":\"https:\\\/\\\/www.unitedworldproject.org\\\/it\\\/economia-e-lavoro\\\/camas-molto-piu-di-una-biblioteca\\\/\"},\"author\":{\"name\":\"Paolo Balduzzi\",\"@id\":\"https:\\\/\\\/www.unitedworldproject.org\\\/it\\\/#\\\/schema\\\/person\\\/a6bf1e1831b6a56eca493d32791ba04d\"},\"headline\":\"Camas, molto pi\u00f9 di una biblioteca\",\"datePublished\":\"2019-08-26T13:26:46+00:00\",\"dateModified\":\"2025-11-26T14:27:09+00:00\",\"mainEntityOfPage\":{\"@id\":\"https:\\\/\\\/www.unitedworldproject.org\\\/it\\\/economia-e-lavoro\\\/camas-molto-piu-di-una-biblioteca\\\/\"},\"wordCount\":639,\"image\":{\"@id\":\"https:\\\/\\\/www.unitedworldproject.org\\\/it\\\/economia-e-lavoro\\\/camas-molto-piu-di-una-biblioteca\\\/#primaryimage\"},\"thumbnailUrl\":\"https:\\\/\\\/www.unitedworldproject.org\\\/wp-content\\\/uploads\\\/2025\\\/11\\\/6-Grupo-adultos.jpg\",\"inLanguage\":\"it-IT\"},{\"@type\":\"WebPage\",\"@id\":\"https:\\\/\\\/www.unitedworldproject.org\\\/it\\\/economia-e-lavoro\\\/camas-molto-piu-di-una-biblioteca\\\/\",\"url\":\"https:\\\/\\\/www.unitedworldproject.org\\\/it\\\/economia-e-lavoro\\\/camas-molto-piu-di-una-biblioteca\\\/\",\"name\":\"Camas, molto pi\u00f9 di una biblioteca - United World Project\",\"isPartOf\":{\"@id\":\"https:\\\/\\\/www.unitedworldproject.org\\\/it\\\/#website\"},\"primaryImageOfPage\":{\"@id\":\"https:\\\/\\\/www.unitedworldproject.org\\\/it\\\/economia-e-lavoro\\\/camas-molto-piu-di-una-biblioteca\\\/#primaryimage\"},\"image\":{\"@id\":\"https:\\\/\\\/www.unitedworldproject.org\\\/it\\\/economia-e-lavoro\\\/camas-molto-piu-di-una-biblioteca\\\/#primaryimage\"},\"thumbnailUrl\":\"https:\\\/\\\/www.unitedworldproject.org\\\/wp-content\\\/uploads\\\/2025\\\/11\\\/6-Grupo-adultos.jpg\",\"datePublished\":\"2019-08-26T13:26:46+00:00\",\"dateModified\":\"2025-11-26T14:27:09+00:00\",\"author\":{\"@id\":\"https:\\\/\\\/www.unitedworldproject.org\\\/it\\\/#\\\/schema\\\/person\\\/a6bf1e1831b6a56eca493d32791ba04d\"},\"breadcrumb\":{\"@id\":\"https:\\\/\\\/www.unitedworldproject.org\\\/it\\\/economia-e-lavoro\\\/camas-molto-piu-di-una-biblioteca\\\/#breadcrumb\"},\"inLanguage\":\"it-IT\",\"potentialAction\":[{\"@type\":\"ReadAction\",\"target\":[\"https:\\\/\\\/www.unitedworldproject.org\\\/it\\\/economia-e-lavoro\\\/camas-molto-piu-di-una-biblioteca\\\/\"]}]},{\"@type\":\"ImageObject\",\"inLanguage\":\"it-IT\",\"@id\":\"https:\\\/\\\/www.unitedworldproject.org\\\/it\\\/economia-e-lavoro\\\/camas-molto-piu-di-una-biblioteca\\\/#primaryimage\",\"url\":\"https:\\\/\\\/www.unitedworldproject.org\\\/wp-content\\\/uploads\\\/2025\\\/11\\\/6-Grupo-adultos.jpg\",\"contentUrl\":\"https:\\\/\\\/www.unitedworldproject.org\\\/wp-content\\\/uploads\\\/2025\\\/11\\\/6-Grupo-adultos.jpg\",\"width\":1200,\"height\":900},{\"@type\":\"BreadcrumbList\",\"@id\":\"https:\\\/\\\/www.unitedworldproject.org\\\/it\\\/economia-e-lavoro\\\/camas-molto-piu-di-una-biblioteca\\\/#breadcrumb\",\"itemListElement\":[{\"@type\":\"ListItem\",\"position\":1,\"name\":\"Home\",\"item\":\"https:\\\/\\\/www.unitedworldproject.org\\\/it\\\/\"},{\"@type\":\"ListItem\",\"position\":2,\"name\":\"Camas, molto pi\u00f9 di una biblioteca\"}]},{\"@type\":\"WebSite\",\"@id\":\"https:\\\/\\\/www.unitedworldproject.org\\\/it\\\/#website\",\"url\":\"https:\\\/\\\/www.unitedworldproject.org\\\/it\\\/\",\"name\":\"United World Project\",\"description\":\"Championing fraternity and collaboration worldwide\",\"potentialAction\":[{\"@type\":\"SearchAction\",\"target\":{\"@type\":\"EntryPoint\",\"urlTemplate\":\"https:\\\/\\\/www.unitedworldproject.org\\\/it\\\/?s={search_term_string}\"},\"query-input\":{\"@type\":\"PropertyValueSpecification\",\"valueRequired\":true,\"valueName\":\"search_term_string\"}}],\"inLanguage\":\"it-IT\"},{\"@type\":\"Person\",\"@id\":\"https:\\\/\\\/www.unitedworldproject.org\\\/it\\\/#\\\/schema\\\/person\\\/a6bf1e1831b6a56eca493d32791ba04d\",\"name\":\"Paolo Balduzzi\",\"image\":{\"@type\":\"ImageObject\",\"inLanguage\":\"it-IT\",\"@id\":\"https:\\\/\\\/secure.gravatar.com\\\/avatar\\\/1df4edd6bb766669f884cc643e950ce6de002a26e3d8064b5562d9b27acf25b5?s=96&d=mm&r=g\",\"url\":\"https:\\\/\\\/secure.gravatar.com\\\/avatar\\\/1df4edd6bb766669f884cc643e950ce6de002a26e3d8064b5562d9b27acf25b5?s=96&d=mm&r=g\",\"contentUrl\":\"https:\\\/\\\/secure.gravatar.com\\\/avatar\\\/1df4edd6bb766669f884cc643e950ce6de002a26e3d8064b5562d9b27acf25b5?s=96&d=mm&r=g\",\"caption\":\"Paolo Balduzzi\"},\"url\":\"https:\\\/\\\/www.unitedworldproject.org\\\/it\\\/author\\\/paolo\\\/\"}]}<\/script>\n<!-- \/ Yoast SEO plugin. -->","yoast_head_json":{"title":"Camas, molto pi\u00f9 di una biblioteca - United World Project","robots":{"index":"index","follow":"follow","max-snippet":"max-snippet:-1","max-image-preview":"max-image-preview:large","max-video-preview":"max-video-preview:-1"},"canonical":"https:\/\/www.unitedworldproject.org\/it\/economia-e-lavoro\/camas-molto-piu-di-una-biblioteca\/","og_locale":"it_IT","og_type":"article","og_title":"Camas, molto pi\u00f9 di una biblioteca - United World Project","og_description":"Di Cristobal Guerrero Guedel. Arriva in redazione una lettera di Cristobal Guerrero, spagnolo, con la sua testimonianza di fraternit\u00e0 nella citt\u00e0. Mi chiamo Cristobal, sono nato nel sud della Spagna, ad Arcos de la Frontera (C\u00e1diz). Quando avevo 12 anni mi sono trasferito con la mia famiglia a Siviglia, e negli anni dell\u2019universit\u00e0, da alcuni [&hellip;]","og_url":"https:\/\/www.unitedworldproject.org\/it\/economia-e-lavoro\/camas-molto-piu-di-una-biblioteca\/","og_site_name":"United World Project","article_published_time":"2019-08-26T13:26:46+00:00","article_modified_time":"2025-11-26T14:27:09+00:00","og_image":[{"width":1200,"height":900,"url":"https:\/\/www.unitedworldproject.org\/wp-content\/uploads\/2025\/11\/6-Grupo-adultos.jpg","type":"image\/jpeg"}],"author":"Paolo Balduzzi","twitter_card":"summary_large_image","twitter_misc":{"Scritto da":"Paolo Balduzzi","Tempo di lettura stimato":"3 minuti"},"schema":{"@context":"https:\/\/schema.org","@graph":[{"@type":"Article","@id":"https:\/\/www.unitedworldproject.org\/it\/economia-e-lavoro\/camas-molto-piu-di-una-biblioteca\/#article","isPartOf":{"@id":"https:\/\/www.unitedworldproject.org\/it\/economia-e-lavoro\/camas-molto-piu-di-una-biblioteca\/"},"author":{"name":"Paolo Balduzzi","@id":"https:\/\/www.unitedworldproject.org\/it\/#\/schema\/person\/a6bf1e1831b6a56eca493d32791ba04d"},"headline":"Camas, molto pi\u00f9 di una biblioteca","datePublished":"2019-08-26T13:26:46+00:00","dateModified":"2025-11-26T14:27:09+00:00","mainEntityOfPage":{"@id":"https:\/\/www.unitedworldproject.org\/it\/economia-e-lavoro\/camas-molto-piu-di-una-biblioteca\/"},"wordCount":639,"image":{"@id":"https:\/\/www.unitedworldproject.org\/it\/economia-e-lavoro\/camas-molto-piu-di-una-biblioteca\/#primaryimage"},"thumbnailUrl":"https:\/\/www.unitedworldproject.org\/wp-content\/uploads\/2025\/11\/6-Grupo-adultos.jpg","inLanguage":"it-IT"},{"@type":"WebPage","@id":"https:\/\/www.unitedworldproject.org\/it\/economia-e-lavoro\/camas-molto-piu-di-una-biblioteca\/","url":"https:\/\/www.unitedworldproject.org\/it\/economia-e-lavoro\/camas-molto-piu-di-una-biblioteca\/","name":"Camas, molto pi\u00f9 di una biblioteca - United World Project","isPartOf":{"@id":"https:\/\/www.unitedworldproject.org\/it\/#website"},"primaryImageOfPage":{"@id":"https:\/\/www.unitedworldproject.org\/it\/economia-e-lavoro\/camas-molto-piu-di-una-biblioteca\/#primaryimage"},"image":{"@id":"https:\/\/www.unitedworldproject.org\/it\/economia-e-lavoro\/camas-molto-piu-di-una-biblioteca\/#primaryimage"},"thumbnailUrl":"https:\/\/www.unitedworldproject.org\/wp-content\/uploads\/2025\/11\/6-Grupo-adultos.jpg","datePublished":"2019-08-26T13:26:46+00:00","dateModified":"2025-11-26T14:27:09+00:00","author":{"@id":"https:\/\/www.unitedworldproject.org\/it\/#\/schema\/person\/a6bf1e1831b6a56eca493d32791ba04d"},"breadcrumb":{"@id":"https:\/\/www.unitedworldproject.org\/it\/economia-e-lavoro\/camas-molto-piu-di-una-biblioteca\/#breadcrumb"},"inLanguage":"it-IT","potentialAction":[{"@type":"ReadAction","target":["https:\/\/www.unitedworldproject.org\/it\/economia-e-lavoro\/camas-molto-piu-di-una-biblioteca\/"]}]},{"@type":"ImageObject","inLanguage":"it-IT","@id":"https:\/\/www.unitedworldproject.org\/it\/economia-e-lavoro\/camas-molto-piu-di-una-biblioteca\/#primaryimage","url":"https:\/\/www.unitedworldproject.org\/wp-content\/uploads\/2025\/11\/6-Grupo-adultos.jpg","contentUrl":"https:\/\/www.unitedworldproject.org\/wp-content\/uploads\/2025\/11\/6-Grupo-adultos.jpg","width":1200,"height":900},{"@type":"BreadcrumbList","@id":"https:\/\/www.unitedworldproject.org\/it\/economia-e-lavoro\/camas-molto-piu-di-una-biblioteca\/#breadcrumb","itemListElement":[{"@type":"ListItem","position":1,"name":"Home","item":"https:\/\/www.unitedworldproject.org\/it\/"},{"@type":"ListItem","position":2,"name":"Camas, molto pi\u00f9 di una biblioteca"}]},{"@type":"WebSite","@id":"https:\/\/www.unitedworldproject.org\/it\/#website","url":"https:\/\/www.unitedworldproject.org\/it\/","name":"United World Project","description":"Championing fraternity and collaboration worldwide","potentialAction":[{"@type":"SearchAction","target":{"@type":"EntryPoint","urlTemplate":"https:\/\/www.unitedworldproject.org\/it\/?s={search_term_string}"},"query-input":{"@type":"PropertyValueSpecification","valueRequired":true,"valueName":"search_term_string"}}],"inLanguage":"it-IT"},{"@type":"Person","@id":"https:\/\/www.unitedworldproject.org\/it\/#\/schema\/person\/a6bf1e1831b6a56eca493d32791ba04d","name":"Paolo Balduzzi","image":{"@type":"ImageObject","inLanguage":"it-IT","@id":"https:\/\/secure.gravatar.com\/avatar\/1df4edd6bb766669f884cc643e950ce6de002a26e3d8064b5562d9b27acf25b5?s=96&d=mm&r=g","url":"https:\/\/secure.gravatar.com\/avatar\/1df4edd6bb766669f884cc643e950ce6de002a26e3d8064b5562d9b27acf25b5?s=96&d=mm&r=g","contentUrl":"https:\/\/secure.gravatar.com\/avatar\/1df4edd6bb766669f884cc643e950ce6de002a26e3d8064b5562d9b27acf25b5?s=96&d=mm&r=g","caption":"Paolo Balduzzi"},"url":"https:\/\/www.unitedworldproject.org\/it\/author\/paolo\/"}]}},"_links":{"self":[{"href":"https:\/\/www.unitedworldproject.org\/it\/wp-json\/wp\/v2\/posts\/70334","targetHints":{"allow":["GET"]}}],"collection":[{"href":"https:\/\/www.unitedworldproject.org\/it\/wp-json\/wp\/v2\/posts"}],"about":[{"href":"https:\/\/www.unitedworldproject.org\/it\/wp-json\/wp\/v2\/types\/post"}],"author":[{"embeddable":true,"href":"https:\/\/www.unitedworldproject.org\/it\/wp-json\/wp\/v2\/users\/20"}],"replies":[{"embeddable":true,"href":"https:\/\/www.unitedworldproject.org\/it\/wp-json\/wp\/v2\/comments?post=70334"}],"version-history":[{"count":1,"href":"https:\/\/www.unitedworldproject.org\/it\/wp-json\/wp\/v2\/posts\/70334\/revisions"}],"predecessor-version":[{"id":70335,"href":"https:\/\/www.unitedworldproject.org\/it\/wp-json\/wp\/v2\/posts\/70334\/revisions\/70335"}],"wp:featuredmedia":[{"embeddable":true,"href":"https:\/\/www.unitedworldproject.org\/it\/wp-json\/wp\/v2\/media\/66238"}],"wp:attachment":[{"href":"https:\/\/www.unitedworldproject.org\/it\/wp-json\/wp\/v2\/media?parent=70334"}],"wp:term":[{"taxonomy":"category","embeddable":true,"href":"https:\/\/www.unitedworldproject.org\/it\/wp-json\/wp\/v2\/categories?post=70334"},{"taxonomy":"post_tag","embeddable":true,"href":"https:\/\/www.unitedworldproject.org\/it\/wp-json\/wp\/v2\/tags?post=70334"}],"curies":[{"name":"wp","href":"https:\/\/api.w.org\/{rel}","templated":true}]}}