{"id":73754,"date":"2024-01-26T09:54:58","date_gmt":"2024-01-26T08:54:58","guid":{"rendered":"https:\/\/www.unitedworldproject.org\/economy-work\/in-siria-tira-di-destro-per-la-pace\/"},"modified":"2025-11-26T16:19:36","modified_gmt":"2025-11-26T15:19:36","slug":"in-siria-tira-di-destro-per-la-pace","status":"publish","type":"post","link":"https:\/\/www.unitedworldproject.org\/it\/economia-e-lavoro\/in-siria-tira-di-destro-per-la-pace\/","title":{"rendered":"In Siria, tira di destro per la pace"},"content":{"rendered":"<h5><em>A cura della redazione\u00a0<\/em><a href=\"https:\/\/www.amu-it.eu\/\"><em>Azione per un Mondo Unito (AMU)<\/em><\/a><\/h5>\n<p><em>Ancora una storia di solidariet\u00e0 dalla Siria, dove la guerra continua, a volte a bassa intensit\u00e0, ma continua nel silenzio generale di tutti. Gli anni di sofferenza non si dimenticano, ma grazie alla solidariet\u00e0 si pu\u00f2 vedere un po\u2019 di luce. <\/em><\/p>\n<p><em>Grazie ad <\/em><a href=\"https:\/\/www.amu-it.eu\"><em>AMU<\/em><\/a> <em>e al programma <\/em><a href=\"https:\/\/www.amu-it.eu\/campagne\/emergenza-terremoto-medio-oriente\/?utm_source=amu+news&amp;utm_medium=la+partita+della+gioia&amp;utm_campaign=RISE+-+Siria\"><strong><em>RISE \u2013 Response in Syria Emergency<\/em><\/strong><\/a><em>, ad esempio, un torneo di calcio \u00e8 diventato il \u201c torneo della gioia\u201d.<\/em><\/p>\n<p>I ragazzi hanno i volti sorridenti, sono felici. Un po\u2019 stanchi, forse, ma che importanza ha la stanchezza quando \u00e8 dovuta al gioco, allo stare insieme, all\u2019aver trascorso una giornata di gioia a correre dietro al pallone in un campo di calcio di Aleppo?<\/p>\n<p><img decoding=\"async\" src=\"https:\/\/www.unitedworldproject.org\/wp-content\/uploads\/2025\/11\/RISE-torneo-calcio-Aleppo-3-sito.png\" \/><\/p>\n<p>I bambini e gli adolescenti di questa martoriata citt\u00e0 siriana si sono presi una piccola rivincita su tutti quei momenti di paura vissuti durante il terremoto del 6 febbraio scorso. E lo hanno fatto con tutta la spensieratezza che \u2013 data la loro et\u00e0 \u2013 hanno il diritto di vivere.<\/p>\n<p><div class=\"cookieconsent-optout-marketing\">\n                        <a href=\"javascript:Cookiebot.renew()\" style=\"background: url(https:\/\/www.unitedworldproject.org\/wp-content\/plugins\/yt-placeholder-cookiebot\/assets\/placeholder.jpg) no-repeat center center \/ cover; aspect-ratio: 1 \/ 0.48; width: 100%; display: block; margin: 20px 0; position: relative; background-size: cover; background-position: center;\">\n                            <span style=\"position: absolute; bottom: 20px; width: 100%; padding: 0 5%; text-align: center; box-sizing: border-box;\">Per visualizzare questo video \u00e8 necessario abilitare tutti i Cookie<\/span>\n                        <\/a>\n                   <\/div><iframe loading=\"lazy\" title=\"Il torneo della gioia\" src=\"https:\/\/www.youtube.com\/embed\/If_8tJ0nrs8\" width=\"1280\" height=\"720\" frameborder=\"0\" allowfullscreen=\"allowfullscreen\"><\/iframe><\/p>\n","protected":false},"excerpt":{"rendered":"<p>A cura della redazione\u00a0Azione per un Mondo Unito (AMU) Ancora una storia di solidariet\u00e0 dalla Siria, dove la guerra continua, a volte a bassa intensit\u00e0, ma continua nel silenzio generale di tutti. Gli anni di sofferenza non si dimenticano, ma grazie alla solidariet\u00e0 si pu\u00f2 vedere un po\u2019 di luce. Grazie ad AMU e al [&hellip;]<\/p>\n","protected":false},"author":2,"featured_media":68593,"comment_status":"closed","ping_status":"open","sticky":false,"template":"","format":"standard","meta":{"_acf_changed":false,"footnotes":""},"categories":[],"tags":[],"class_list":["post-73754","post","type-post","status-publish","format-standard","has-post-thumbnail","hentry"],"acf":[],"yoast_head":"<!-- This site is optimized with the Yoast SEO plugin v27.4 - https:\/\/yoast.com\/product\/yoast-seo-wordpress\/ -->\n<title>In Siria, tira di destro per la pace - United World Project<\/title>\n<meta name=\"robots\" content=\"index, follow, max-snippet:-1, max-image-preview:large, max-video-preview:-1\" \/>\n<link rel=\"canonical\" href=\"https:\/\/www.unitedworldproject.org\/it\/economia-e-lavoro\/in-siria-tira-di-destro-per-la-pace\/\" \/>\n<meta property=\"og:locale\" content=\"it_IT\" \/>\n<meta property=\"og:type\" content=\"article\" \/>\n<meta property=\"og:title\" content=\"In Siria, tira di destro per la pace - United World Project\" \/>\n<meta property=\"og:description\" content=\"A cura della redazione\u00a0Azione per un Mondo Unito (AMU) Ancora una storia di solidariet\u00e0 dalla Siria, dove la guerra continua, a volte a bassa intensit\u00e0, ma continua nel silenzio generale di tutti. Gli anni di sofferenza non si dimenticano, ma grazie alla solidariet\u00e0 si pu\u00f2 vedere un po\u2019 di luce. Grazie ad AMU e al [&hellip;]\" \/>\n<meta property=\"og:url\" content=\"https:\/\/www.unitedworldproject.org\/it\/economia-e-lavoro\/in-siria-tira-di-destro-per-la-pace\/\" \/>\n<meta property=\"og:site_name\" content=\"United World Project\" \/>\n<meta property=\"article:published_time\" content=\"2024-01-26T08:54:58+00:00\" \/>\n<meta property=\"article:modified_time\" content=\"2025-11-26T15:19:36+00:00\" \/>\n<meta property=\"og:image\" content=\"https:\/\/www.unitedworldproject.org\/wp-content\/uploads\/2025\/11\/Foto-di-Kerem-Taser-da-Pixabay.jpg\" \/>\n\t<meta property=\"og:image:width\" content=\"1280\" \/>\n\t<meta property=\"og:image:height\" content=\"853\" \/>\n\t<meta property=\"og:image:type\" content=\"image\/jpeg\" \/>\n<meta name=\"author\" content=\"anita\" \/>\n<meta name=\"twitter:card\" content=\"summary_large_image\" \/>\n<meta name=\"twitter:label1\" content=\"Scritto da\" \/>\n\t<meta name=\"twitter:data1\" content=\"anita\" \/>\n\t<meta name=\"twitter:label2\" content=\"Tempo di lettura stimato\" \/>\n\t<meta name=\"twitter:data2\" content=\"1 minuto\" \/>\n<script type=\"application\/ld+json\" class=\"yoast-schema-graph\">{\"@context\":\"https:\\\/\\\/schema.org\",\"@graph\":[{\"@type\":\"Article\",\"@id\":\"https:\\\/\\\/www.unitedworldproject.org\\\/it\\\/economia-e-lavoro\\\/in-siria-tira-di-destro-per-la-pace\\\/#article\",\"isPartOf\":{\"@id\":\"https:\\\/\\\/www.unitedworldproject.org\\\/it\\\/economia-e-lavoro\\\/in-siria-tira-di-destro-per-la-pace\\\/\"},\"author\":{\"name\":\"anita\",\"@id\":\"https:\\\/\\\/www.unitedworldproject.org\\\/it\\\/#\\\/schema\\\/person\\\/5e422fc57d77d69e6b4e36ac59a53201\"},\"headline\":\"In Siria, tira di destro per la pace\",\"datePublished\":\"2024-01-26T08:54:58+00:00\",\"dateModified\":\"2025-11-26T15:19:36+00:00\",\"mainEntityOfPage\":{\"@id\":\"https:\\\/\\\/www.unitedworldproject.org\\\/it\\\/economia-e-lavoro\\\/in-siria-tira-di-destro-per-la-pace\\\/\"},\"wordCount\":172,\"image\":{\"@id\":\"https:\\\/\\\/www.unitedworldproject.org\\\/it\\\/economia-e-lavoro\\\/in-siria-tira-di-destro-per-la-pace\\\/#primaryimage\"},\"thumbnailUrl\":\"https:\\\/\\\/www.unitedworldproject.org\\\/wp-content\\\/uploads\\\/2025\\\/11\\\/Foto-di-Kerem-Taser-da-Pixabay.jpg\",\"inLanguage\":\"it-IT\"},{\"@type\":\"WebPage\",\"@id\":\"https:\\\/\\\/www.unitedworldproject.org\\\/it\\\/economia-e-lavoro\\\/in-siria-tira-di-destro-per-la-pace\\\/\",\"url\":\"https:\\\/\\\/www.unitedworldproject.org\\\/it\\\/economia-e-lavoro\\\/in-siria-tira-di-destro-per-la-pace\\\/\",\"name\":\"In Siria, tira di destro per la pace - United World Project\",\"isPartOf\":{\"@id\":\"https:\\\/\\\/www.unitedworldproject.org\\\/it\\\/#website\"},\"primaryImageOfPage\":{\"@id\":\"https:\\\/\\\/www.unitedworldproject.org\\\/it\\\/economia-e-lavoro\\\/in-siria-tira-di-destro-per-la-pace\\\/#primaryimage\"},\"image\":{\"@id\":\"https:\\\/\\\/www.unitedworldproject.org\\\/it\\\/economia-e-lavoro\\\/in-siria-tira-di-destro-per-la-pace\\\/#primaryimage\"},\"thumbnailUrl\":\"https:\\\/\\\/www.unitedworldproject.org\\\/wp-content\\\/uploads\\\/2025\\\/11\\\/Foto-di-Kerem-Taser-da-Pixabay.jpg\",\"datePublished\":\"2024-01-26T08:54:58+00:00\",\"dateModified\":\"2025-11-26T15:19:36+00:00\",\"author\":{\"@id\":\"https:\\\/\\\/www.unitedworldproject.org\\\/it\\\/#\\\/schema\\\/person\\\/5e422fc57d77d69e6b4e36ac59a53201\"},\"breadcrumb\":{\"@id\":\"https:\\\/\\\/www.unitedworldproject.org\\\/it\\\/economia-e-lavoro\\\/in-siria-tira-di-destro-per-la-pace\\\/#breadcrumb\"},\"inLanguage\":\"it-IT\",\"potentialAction\":[{\"@type\":\"ReadAction\",\"target\":[\"https:\\\/\\\/www.unitedworldproject.org\\\/it\\\/economia-e-lavoro\\\/in-siria-tira-di-destro-per-la-pace\\\/\"]}]},{\"@type\":\"ImageObject\",\"inLanguage\":\"it-IT\",\"@id\":\"https:\\\/\\\/www.unitedworldproject.org\\\/it\\\/economia-e-lavoro\\\/in-siria-tira-di-destro-per-la-pace\\\/#primaryimage\",\"url\":\"https:\\\/\\\/www.unitedworldproject.org\\\/wp-content\\\/uploads\\\/2025\\\/11\\\/Foto-di-Kerem-Taser-da-Pixabay.jpg\",\"contentUrl\":\"https:\\\/\\\/www.unitedworldproject.org\\\/wp-content\\\/uploads\\\/2025\\\/11\\\/Foto-di-Kerem-Taser-da-Pixabay.jpg\",\"width\":1280,\"height\":853,\"caption\":\"Foto di Kerem Taser da Pixabay\"},{\"@type\":\"BreadcrumbList\",\"@id\":\"https:\\\/\\\/www.unitedworldproject.org\\\/it\\\/economia-e-lavoro\\\/in-siria-tira-di-destro-per-la-pace\\\/#breadcrumb\",\"itemListElement\":[{\"@type\":\"ListItem\",\"position\":1,\"name\":\"Home\",\"item\":\"https:\\\/\\\/www.unitedworldproject.org\\\/it\\\/\"},{\"@type\":\"ListItem\",\"position\":2,\"name\":\"In Siria, tira di destro per la pace\"}]},{\"@type\":\"WebSite\",\"@id\":\"https:\\\/\\\/www.unitedworldproject.org\\\/it\\\/#website\",\"url\":\"https:\\\/\\\/www.unitedworldproject.org\\\/it\\\/\",\"name\":\"United World Project\",\"description\":\"Championing fraternity and collaboration worldwide\",\"potentialAction\":[{\"@type\":\"SearchAction\",\"target\":{\"@type\":\"EntryPoint\",\"urlTemplate\":\"https:\\\/\\\/www.unitedworldproject.org\\\/it\\\/?s={search_term_string}\"},\"query-input\":{\"@type\":\"PropertyValueSpecification\",\"valueRequired\":true,\"valueName\":\"search_term_string\"}}],\"inLanguage\":\"it-IT\"},{\"@type\":\"Person\",\"@id\":\"https:\\\/\\\/www.unitedworldproject.org\\\/it\\\/#\\\/schema\\\/person\\\/5e422fc57d77d69e6b4e36ac59a53201\",\"name\":\"anita\",\"image\":{\"@type\":\"ImageObject\",\"inLanguage\":\"it-IT\",\"@id\":\"https:\\\/\\\/secure.gravatar.com\\\/avatar\\\/6949a15dd913b50588eec00981bd52d8c6ac8351a258558d372496c670e4ff2c?s=96&d=mm&r=g\",\"url\":\"https:\\\/\\\/secure.gravatar.com\\\/avatar\\\/6949a15dd913b50588eec00981bd52d8c6ac8351a258558d372496c670e4ff2c?s=96&d=mm&r=g\",\"contentUrl\":\"https:\\\/\\\/secure.gravatar.com\\\/avatar\\\/6949a15dd913b50588eec00981bd52d8c6ac8351a258558d372496c670e4ff2c?s=96&d=mm&r=g\",\"caption\":\"anita\"},\"url\":\"https:\\\/\\\/www.unitedworldproject.org\\\/it\\\/author\\\/anita\\\/\"}]}<\/script>\n<!-- \/ Yoast SEO plugin. -->","yoast_head_json":{"title":"In Siria, tira di destro per la pace - United World Project","robots":{"index":"index","follow":"follow","max-snippet":"max-snippet:-1","max-image-preview":"max-image-preview:large","max-video-preview":"max-video-preview:-1"},"canonical":"https:\/\/www.unitedworldproject.org\/it\/economia-e-lavoro\/in-siria-tira-di-destro-per-la-pace\/","og_locale":"it_IT","og_type":"article","og_title":"In Siria, tira di destro per la pace - United World Project","og_description":"A cura della redazione\u00a0Azione per un Mondo Unito (AMU) Ancora una storia di solidariet\u00e0 dalla Siria, dove la guerra continua, a volte a bassa intensit\u00e0, ma continua nel silenzio generale di tutti. Gli anni di sofferenza non si dimenticano, ma grazie alla solidariet\u00e0 si pu\u00f2 vedere un po\u2019 di luce. Grazie ad AMU e al [&hellip;]","og_url":"https:\/\/www.unitedworldproject.org\/it\/economia-e-lavoro\/in-siria-tira-di-destro-per-la-pace\/","og_site_name":"United World Project","article_published_time":"2024-01-26T08:54:58+00:00","article_modified_time":"2025-11-26T15:19:36+00:00","og_image":[{"width":1280,"height":853,"url":"https:\/\/www.unitedworldproject.org\/wp-content\/uploads\/2025\/11\/Foto-di-Kerem-Taser-da-Pixabay.jpg","type":"image\/jpeg"}],"author":"anita","twitter_card":"summary_large_image","twitter_misc":{"Scritto da":"anita","Tempo di lettura stimato":"1 minuto"},"schema":{"@context":"https:\/\/schema.org","@graph":[{"@type":"Article","@id":"https:\/\/www.unitedworldproject.org\/it\/economia-e-lavoro\/in-siria-tira-di-destro-per-la-pace\/#article","isPartOf":{"@id":"https:\/\/www.unitedworldproject.org\/it\/economia-e-lavoro\/in-siria-tira-di-destro-per-la-pace\/"},"author":{"name":"anita","@id":"https:\/\/www.unitedworldproject.org\/it\/#\/schema\/person\/5e422fc57d77d69e6b4e36ac59a53201"},"headline":"In Siria, tira di destro per la pace","datePublished":"2024-01-26T08:54:58+00:00","dateModified":"2025-11-26T15:19:36+00:00","mainEntityOfPage":{"@id":"https:\/\/www.unitedworldproject.org\/it\/economia-e-lavoro\/in-siria-tira-di-destro-per-la-pace\/"},"wordCount":172,"image":{"@id":"https:\/\/www.unitedworldproject.org\/it\/economia-e-lavoro\/in-siria-tira-di-destro-per-la-pace\/#primaryimage"},"thumbnailUrl":"https:\/\/www.unitedworldproject.org\/wp-content\/uploads\/2025\/11\/Foto-di-Kerem-Taser-da-Pixabay.jpg","inLanguage":"it-IT"},{"@type":"WebPage","@id":"https:\/\/www.unitedworldproject.org\/it\/economia-e-lavoro\/in-siria-tira-di-destro-per-la-pace\/","url":"https:\/\/www.unitedworldproject.org\/it\/economia-e-lavoro\/in-siria-tira-di-destro-per-la-pace\/","name":"In Siria, tira di destro per la pace - United World Project","isPartOf":{"@id":"https:\/\/www.unitedworldproject.org\/it\/#website"},"primaryImageOfPage":{"@id":"https:\/\/www.unitedworldproject.org\/it\/economia-e-lavoro\/in-siria-tira-di-destro-per-la-pace\/#primaryimage"},"image":{"@id":"https:\/\/www.unitedworldproject.org\/it\/economia-e-lavoro\/in-siria-tira-di-destro-per-la-pace\/#primaryimage"},"thumbnailUrl":"https:\/\/www.unitedworldproject.org\/wp-content\/uploads\/2025\/11\/Foto-di-Kerem-Taser-da-Pixabay.jpg","datePublished":"2024-01-26T08:54:58+00:00","dateModified":"2025-11-26T15:19:36+00:00","author":{"@id":"https:\/\/www.unitedworldproject.org\/it\/#\/schema\/person\/5e422fc57d77d69e6b4e36ac59a53201"},"breadcrumb":{"@id":"https:\/\/www.unitedworldproject.org\/it\/economia-e-lavoro\/in-siria-tira-di-destro-per-la-pace\/#breadcrumb"},"inLanguage":"it-IT","potentialAction":[{"@type":"ReadAction","target":["https:\/\/www.unitedworldproject.org\/it\/economia-e-lavoro\/in-siria-tira-di-destro-per-la-pace\/"]}]},{"@type":"ImageObject","inLanguage":"it-IT","@id":"https:\/\/www.unitedworldproject.org\/it\/economia-e-lavoro\/in-siria-tira-di-destro-per-la-pace\/#primaryimage","url":"https:\/\/www.unitedworldproject.org\/wp-content\/uploads\/2025\/11\/Foto-di-Kerem-Taser-da-Pixabay.jpg","contentUrl":"https:\/\/www.unitedworldproject.org\/wp-content\/uploads\/2025\/11\/Foto-di-Kerem-Taser-da-Pixabay.jpg","width":1280,"height":853,"caption":"Foto di Kerem Taser da Pixabay"},{"@type":"BreadcrumbList","@id":"https:\/\/www.unitedworldproject.org\/it\/economia-e-lavoro\/in-siria-tira-di-destro-per-la-pace\/#breadcrumb","itemListElement":[{"@type":"ListItem","position":1,"name":"Home","item":"https:\/\/www.unitedworldproject.org\/it\/"},{"@type":"ListItem","position":2,"name":"In Siria, tira di destro per la pace"}]},{"@type":"WebSite","@id":"https:\/\/www.unitedworldproject.org\/it\/#website","url":"https:\/\/www.unitedworldproject.org\/it\/","name":"United World Project","description":"Championing fraternity and collaboration worldwide","potentialAction":[{"@type":"SearchAction","target":{"@type":"EntryPoint","urlTemplate":"https:\/\/www.unitedworldproject.org\/it\/?s={search_term_string}"},"query-input":{"@type":"PropertyValueSpecification","valueRequired":true,"valueName":"search_term_string"}}],"inLanguage":"it-IT"},{"@type":"Person","@id":"https:\/\/www.unitedworldproject.org\/it\/#\/schema\/person\/5e422fc57d77d69e6b4e36ac59a53201","name":"anita","image":{"@type":"ImageObject","inLanguage":"it-IT","@id":"https:\/\/secure.gravatar.com\/avatar\/6949a15dd913b50588eec00981bd52d8c6ac8351a258558d372496c670e4ff2c?s=96&d=mm&r=g","url":"https:\/\/secure.gravatar.com\/avatar\/6949a15dd913b50588eec00981bd52d8c6ac8351a258558d372496c670e4ff2c?s=96&d=mm&r=g","contentUrl":"https:\/\/secure.gravatar.com\/avatar\/6949a15dd913b50588eec00981bd52d8c6ac8351a258558d372496c670e4ff2c?s=96&d=mm&r=g","caption":"anita"},"url":"https:\/\/www.unitedworldproject.org\/it\/author\/anita\/"}]}},"_links":{"self":[{"href":"https:\/\/www.unitedworldproject.org\/it\/wp-json\/wp\/v2\/posts\/73754","targetHints":{"allow":["GET"]}}],"collection":[{"href":"https:\/\/www.unitedworldproject.org\/it\/wp-json\/wp\/v2\/posts"}],"about":[{"href":"https:\/\/www.unitedworldproject.org\/it\/wp-json\/wp\/v2\/types\/post"}],"author":[{"embeddable":true,"href":"https:\/\/www.unitedworldproject.org\/it\/wp-json\/wp\/v2\/users\/2"}],"replies":[{"embeddable":true,"href":"https:\/\/www.unitedworldproject.org\/it\/wp-json\/wp\/v2\/comments?post=73754"}],"version-history":[{"count":1,"href":"https:\/\/www.unitedworldproject.org\/it\/wp-json\/wp\/v2\/posts\/73754\/revisions"}],"predecessor-version":[{"id":73755,"href":"https:\/\/www.unitedworldproject.org\/it\/wp-json\/wp\/v2\/posts\/73754\/revisions\/73755"}],"wp:featuredmedia":[{"embeddable":true,"href":"https:\/\/www.unitedworldproject.org\/it\/wp-json\/wp\/v2\/media\/68593"}],"wp:attachment":[{"href":"https:\/\/www.unitedworldproject.org\/it\/wp-json\/wp\/v2\/media?parent=73754"}],"wp:term":[{"taxonomy":"category","embeddable":true,"href":"https:\/\/www.unitedworldproject.org\/it\/wp-json\/wp\/v2\/categories?post=73754"},{"taxonomy":"post_tag","embeddable":true,"href":"https:\/\/www.unitedworldproject.org\/it\/wp-json\/wp\/v2\/tags?post=73754"}],"curies":[{"name":"wp","href":"https:\/\/api.w.org\/{rel}","templated":true}]}}