{"id":74620,"date":"2025-12-12T09:13:46","date_gmt":"2025-12-12T08:13:46","guid":{"rendered":"https:\/\/www.unitedworldproject.org\/?p=74620"},"modified":"2025-12-13T15:54:06","modified_gmt":"2025-12-13T14:54:06","slug":"giornalismo-di-pace-cose-perche-e-cruciale-in-guerra-e-come-ferma-lodio-informativo","status":"publish","type":"post","link":"https:\/\/www.unitedworldproject.org\/it\/comunicazione-e-media\/giornalismo-di-pace-cose-perche-e-cruciale-in-guerra-e-come-ferma-lodio-informativo\/","title":{"rendered":"Giornalismo di Pace: cos&#8217;\u00e8, perch\u00e9 \u00e8 cruciale in guerra e come ferma l&#8217;odio informativo"},"content":{"rendered":"<p><em>In un contesto dove i media possono trasformarsi in armi, il <strong>giornalismo di pace<\/strong>, basato sulle idee di Johan Galtung, \u00e8 una pratica necessaria. Non ignora il conflitto, ma ne analizza le cause profonde, valorizzando le risposte non violente per costruire una duratura &#8220;pace positiva&#8221;.\u00a0 <\/em><\/p>\n<p>Abbiamo sentito dire spesso che \u00abin guerra, la verit\u00e0 \u00e8 la prima vittima\u00bb e sappiamo bene quanto i media giochino un ruolo non trascurabile nei conflitti, fino a divenire armi, o munizioni, essi stessi. Esiste, per\u00f2, anche un\u2019idea dei media funzionale alla pace, una visione consapevole <strong>dell\u2019informazione come strumento del dialogo, dell\u2019armonia tra popoli e nazioni.<\/strong><\/p>\n<p>Esiste, per esempio<strong>, il giornalismo di pace<\/strong>; ma cos\u2019\u00e8 e perch\u00e9 \u00e8 cos\u00ec importante? A definirlo, \u00e8 stato il norvegese <strong>Johan <\/strong><strong>Galtung<\/strong>, nel 1960, spiegando che non passa per la semplificazione, ma per la ricerca di profondit\u00e0. <strong>Non prescinde dal racconto della guerra, ma la mette a fuoco con dovizia di particolari<\/strong>. L\u2019analizza con meticolosit\u00e0, si immerge nelle pieghe delle sue cause, ne restituisce il quadro con verticalit\u00e0 e completezza, con lo scopo di indagarne le possibili soluzioni.<\/p>\n<p>Johan Galtung ne parla anche in un\u2019intervista rilasciata nel 2018 al sito <a href=\"https:\/\/www.comunicazione.va\/en\/giornata-mondiale-comunicazioni-sociali\/gmcs-2018\/resources\/riflessioni\/intervista-al-prof-johan-galtung.html\">Vatican News<\/a>.<\/p>\n<h2>Cosa sono il trascendimento e la pace positiva?<\/h2>\n<p>Del resto, la pace \u00e8 stata sempre al centro del lavoro di Johan Galtung: nel 1959, fond\u00f2 l\u2019Istituto Internazionale di Ricerca per la Pace di Oslo; cinque anni dopo il <strong><em>Journal of Peace Research<\/em><\/strong> e alla vigilia del nuovo millennio, nel 1998, il <strong><em>Transcend<\/em><\/strong>: una rete mondiale per la pace, lo sviluppo e la formazione sul \u201ctrascendimento\u201d in relazione alla soluzione dei conflitti.<\/p>\n<p>Cos\u2019\u00e8 il trascendimento? Un percorso di cambiamento, di evoluzione, che procede per gradi e oltrepassa la mera risoluzione di un conflitto, per la ricerca di soluzioni pi\u00f9 ampie, profonde, sociali e umane, accolte favorevolmente da entrambe le parti perch\u00e9 a loro davvero funzionali. Anche se diverse dalle precedenti posizioni delle stesse parti.<\/p>\n<figure id=\"attachment_60434\" aria-describedby=\"caption-attachment-60434\" style=\"width: 1024px\" class=\"wp-caption alignnone\"><img loading=\"lazy\" decoding=\"async\" class=\"wp-image-60434 size-large\" src=\"https:\/\/www.framecollettivo.com\/unitedworldproject\/wp-content\/uploads\/2025\/11\/Valery-Tenevoy-Unsplash-1024x576.jpg\" alt=\"Photo by Valery Tenevoy - Unsplash\" width=\"1024\" height=\"576\" \/><figcaption id=\"caption-attachment-60434\" class=\"wp-caption-text\">Photo by Valery Tenevoy &#8211; Unsplash<\/figcaption><\/figure>\n<p>\u00c8 questa la \u201cpace positiva\u201d di cui parla Galtung, ovvero quella che, proprio attraverso il trascendimento, sviluppa una relazione autentica tra fronti avversi, la comprensione reciproca, l&#8217;empatia, la conoscenza, il rispetto<strong>. E qui gioca un ruolo fondamentale un giornalismo edificante, costruttivo che addirittura possa adoperare le tensioni come risorsa<\/strong>, plasmandole in sorgenti di sviluppo bilaterale, in sinergia reciproca, per rapporti pi\u00f9 saldi e capaci di respingere eventuali, nuove, tensioni.<\/p>\n<p>La semplificazione, dunque, non aiuta, non giova al giornalismo di pace e alla pace stessa. La sintesi superficiale nemmeno. Figuriamoci la propaganda o l\u2019asservimento del potere da parte dei comunicatori. Servono un\u2019informazione stratificata, dettagliata, coraggiosa, dispendiosa, ostinata, per condurre un conflitto da violento, armato e sanguinoso, a politico, diplomatico, gestito con il dialogo: strumento della pace.<\/p>\n<h2>Il giornalismo di pace oggi<\/h2>\n<p>Oggi il giornalismo di pace \u00e8 uno strumento di speranza, una direzione e una pratica possibile, doverosa. Il 6 novembre scorso, \u00e8 stato organizzato, a Roma, un convegno dal titolo <strong>\u201cGiornalismo di pace, raccontare la guerra, non alimentarla\u201d<\/strong>. Tante le riflessioni interessanti a partire da <a href=\"https:\/\/www.cittanuova.it\/giornalismo-di-guerra-e-giornalismo-di-pace\/\" target=\"_blank\" rel=\"noopener\">quella di il giornalista del quotidiano la Repubblica, Giampaolo Cadalanu<\/a>.<\/p>\n<p>Ne estraiamo qui alcuni passaggi: \u00abIn contesti di tensione, i mezzi di comunicazione \u2013 giornali, tv, radio, siti web, social network e tutto quello che la tecnologia digitale ci riserva \u2013 sono sicuramente in grado di fare del male<strong>. Possono aizzare l\u2019odio, favorire la disumanizzazione, persino diventare strumenti di genocidio. <\/strong>L\u2019esempio pi\u00f9 facile \u00e8 <em>Radio Milles Collines<\/em>, l\u2019emittente del Ruanda che si guadagn\u00f2 il soprannome di <em>Radio Odio <\/em>quando nel 1994 prese un ruolo attivo nel genocidio dei tutsi, con incitamenti al massacro di ferocia illimitata. Ma basta guardare alla storia, per capire: sui media il meccanismo che nutre il rancore e l\u2019avversione, approfondendo la lontananza fra gruppi di esseri umani, trova applicazione continua, spesso senza reale consapevolezza dei giornalisti\u00bb.<\/p>\n<p>\u00abL\u2019informazione per\u00f2 \u2013 prosegue Cadalanu &#8211; pu\u00f2 aiutare anche ad andare verso la pace: <strong>il \u201cbuon giornalismo\u201d \u00e8 gi\u00e0 da solo uno strumento di pacificazione<\/strong>. Fare informazione corretta, imparziale quanto ogni giornalista pu\u00f2 essere, ma allo stesso tempo trasparente, senza toni eccessivi o esasperati, permette di sfuggire ai meccanismi di paura, odio e demonizzazione su cui si basa chi vuole il conflitto\u00bb.<\/p>\n<figure id=\"attachment_60439\" aria-describedby=\"caption-attachment-60439\" style=\"width: 1024px\" class=\"wp-caption alignnone\"><img loading=\"lazy\" decoding=\"async\" class=\"wp-image-60439 size-large\" src=\"https:\/\/www.framecollettivo.com\/unitedworldproject\/wp-content\/uploads\/2025\/11\/Valery-Tenevoy_Unsplash-1024x576.jpg\" alt=\"Photo by Valery Tenevoy - Unsplash\" width=\"1024\" height=\"576\" \/><figcaption id=\"caption-attachment-60439\" class=\"wp-caption-text\">Photo by Valery Tenevoy &#8211; Unsplash<\/figcaption><\/figure>\n<h2>Riflessione sulla pace<\/h2>\n<p>Pi\u00f9 avanti, Giampaolo Cadalanu entra nel concetto di pace: \u00abPartiamo dalla coscienza che la pace non \u00e8 un fenomeno statico, cio\u00e8 una meta che rimane una volta raggiunta, ma \u00e8 invece un processo in continuo sviluppo, e quindi deve essere seguito e se possibile coltivato. Come primo possibile modello di lettura proviamo ad adottare una visione binaria: <a href=\"https:\/\/www.cittanuova.it\/giornalismo-di-guerra-e-giornalismo-di-pace\/\">giornalismo di guerra\/giornalismo di pace\u00bb.<\/a><\/p>\n<p>\u00abIl primo parte da una visione del conflitto come un gioco a somma zero, dove si vince o si perde, e il giornalismo serve solo a raccontare gli esiti della violenza. Il secondo ne favorisce l\u2019analisi, ne esamina le cause, presenta le possibili soluzioni non violente anche a costo di <strong>scostarsi dall\u2019idea tradizionale di giornalismo come testimonianza distaccata e obiettiva\u00bb.<\/strong><\/p>\n<p>\u00abIl giornalismo di guerra spesso fa una scelta di campo, e rischia di vedere \u201cgli altri\u201d solo come un problema, finendo per accettarne la disumanizzazione e contribuendo a costruire l\u2019antagonismo, magari esaminando solo i peccati della parte avversa. Cerca soluzioni solo sul campo di battaglia, andando a cercare il gesto iniziale dello scontro e non le sue radici storiche, e riferisce solo la visione delle \u00e9lite\u00bb.<\/p>\n<p><strong>Per il \u201cgiornalismo di pace\u201d, invece, il problema \u00e8 nella guerra, non negli \u201caltri\u201d. E dunque il resoconto della guerra non basta, perch\u00e9 il conflitto non \u00e8 necessariamente sinonimo di scontro violento<\/strong>, ma pu\u00f2 essere definito in senso ampio come \u201cuna relazione tra due o pi\u00f9 partiti che hanno \u2013 o pensano di avere \u2013 obiettivi incompatibili\u201d. Per questo devono essere considerate e valorizzate le possibili risposte nonviolente al conflitto, anche se questo comporta un supplemento di impegno e l\u2019abbandono di un approccio fintamente \u201cfreddo\u201d ed equidistante alle ragioni dei contendenti.<\/p>\n<figure id=\"attachment_60429\" aria-describedby=\"caption-attachment-60429\" style=\"width: 1024px\" class=\"wp-caption alignnone\"><img loading=\"lazy\" decoding=\"async\" class=\"wp-image-60429 size-large\" src=\"https:\/\/www.framecollettivo.com\/unitedworldproject\/wp-content\/uploads\/2025\/11\/Stijn-Swinnen-Unsplash-1024x683.jpg\" alt=\"Photo by Stijn Swinnen - Unsplash\" width=\"1024\" height=\"683\" \/><figcaption id=\"caption-attachment-60429\" class=\"wp-caption-text\">Photo by Stijn Swinnen &#8211; Unsplash<\/figcaption><\/figure>\n<h2>L\u2019importanza di un giornalismo di pace<\/h2>\n<p>L\u2019intervento di Giampaolo Cadalanu offre altri spunti interessanti, ma gi\u00e0 da questi passaggi viene evidenziata la possibilit\u00e0 di un giornalismo di pace e la sua utilit\u00e0 per una pace profonda, autentica, duratura. Quella pace di cui parla Papa Francesco, quando dice: \u00ab<em>La pace non \u00e8 soltanto assenza di guerra, ma una condizione generale nella quale la persona umana \u00e8 in armonia con s\u00e9 stessa, in armonia con la natura e in armonia con gli altri\u00bb.<\/em><\/p>\n<p><em>Anche scrivere, dunque, <a href=\"https:\/\/www.unitedworldproject.org\/watch\/guerra-e-morte-natura-e-vita-la-fotografia-del-grande-sebastiao-salgado\/\">costruire un racconto per immagini<\/a>, incontrare qualcuno per un\u2019intervista, insomma, ogni atto della comunicazione, deve tenere conto del bene comune, del bene di ogni essere umano, che coincide sempre con la pace. <strong>Condizione necessaria per ogni forma di sviluppo: umano e non solo.<\/strong><\/em><\/p>\n<figure id=\"attachment_60419\" aria-describedby=\"caption-attachment-60419\" style=\"width: 1024px\" class=\"wp-caption alignnone\"><img loading=\"lazy\" decoding=\"async\" class=\"wp-image-60419 size-large\" src=\"https:\/\/www.framecollettivo.com\/unitedworldproject\/wp-content\/uploads\/2025\/11\/Kenny-Eliason-Unsplash-1024x683.jpg\" alt=\"Photo by Kenny Eliason - Unsplash\" width=\"1024\" height=\"683\" \/><figcaption id=\"caption-attachment-60419\" class=\"wp-caption-text\">Photo by Kenny Eliason &#8211; Unsplash<\/figcaption><\/figure>\n","protected":false},"excerpt":{"rendered":"<p>In un contesto dove i media possono trasformarsi in armi, il giornalismo di pace, basato sulle idee di Johan Galtung, \u00e8 una pratica necessaria. Non ignora il conflitto, ma ne analizza le cause profonde, valorizzando le risposte non violente per costruire una duratura &#8220;pace positiva&#8221;.\u00a0<\/p>\n","protected":false},"author":2,"featured_media":74784,"comment_status":"closed","ping_status":"open","sticky":false,"template":"","format":"standard","meta":{"_acf_changed":false,"footnotes":""},"categories":[41],"tags":[],"class_list":["post-74620","post","type-post","status-publish","format-standard","has-post-thumbnail","hentry","category-comunicazione-e-media"],"acf":[],"yoast_head":"<!-- This site is optimized with the Yoast SEO plugin v27.4 - https:\/\/yoast.com\/product\/yoast-seo-wordpress\/ -->\n<title>Giornalismo di Pace: cos&#039;\u00e8, perch\u00e9 \u00e8 cruciale in guerra e come ferma l&#039;odio informativo - United World Project<\/title>\n<meta name=\"description\" content=\"In un contesto dove i media possono trasformarsi in armi, il giornalismo di pace, basato sulle idee di Johan Galtung, \u00e8 una pratica necessaria. Non ignora il conflitto, ma ne analizza le cause profonde, valorizzando le risposte non violente per costruire una duratura &quot;pace positiva&quot;.\u00a0\" \/>\n<meta name=\"robots\" content=\"index, follow, max-snippet:-1, max-image-preview:large, max-video-preview:-1\" \/>\n<link rel=\"canonical\" href=\"https:\/\/www.unitedworldproject.org\/it\/comunicazione-e-media\/giornalismo-di-pace-cose-perche-e-cruciale-in-guerra-e-come-ferma-lodio-informativo\/\" \/>\n<meta property=\"og:locale\" content=\"it_IT\" \/>\n<meta property=\"og:type\" content=\"article\" \/>\n<meta property=\"og:title\" content=\"Giornalismo di Pace: cos&#039;\u00e8, perch\u00e9 \u00e8 cruciale in guerra e come ferma l&#039;odio informativo - United World Project\" \/>\n<meta property=\"og:description\" content=\"In un contesto dove i media possono trasformarsi in armi, il giornalismo di pace, basato sulle idee di Johan Galtung, \u00e8 una pratica necessaria. Non ignora il conflitto, ma ne analizza le cause profonde, valorizzando le risposte non violente per costruire una duratura &quot;pace positiva&quot;.\u00a0\" \/>\n<meta property=\"og:url\" content=\"https:\/\/www.unitedworldproject.org\/it\/comunicazione-e-media\/giornalismo-di-pace-cose-perche-e-cruciale-in-guerra-e-come-ferma-lodio-informativo\/\" \/>\n<meta property=\"og:site_name\" content=\"United World Project\" \/>\n<meta property=\"article:published_time\" content=\"2025-12-12T08:13:46+00:00\" \/>\n<meta property=\"article:modified_time\" content=\"2025-12-13T14:54:06+00:00\" \/>\n<meta property=\"og:image\" content=\"https:\/\/www.unitedworldproject.org\/wp-content\/uploads\/2025\/11\/Unsplash.jpg\" \/>\n\t<meta property=\"og:image:width\" content=\"1812\" \/>\n\t<meta property=\"og:image:height\" content=\"1200\" \/>\n\t<meta property=\"og:image:type\" content=\"image\/jpeg\" \/>\n<meta name=\"author\" content=\"anita\" \/>\n<meta name=\"twitter:card\" content=\"summary_large_image\" \/>\n<meta name=\"twitter:label1\" content=\"Scritto da\" \/>\n\t<meta name=\"twitter:data1\" content=\"anita\" \/>\n\t<meta name=\"twitter:label2\" content=\"Tempo di lettura stimato\" \/>\n\t<meta name=\"twitter:data2\" content=\"6 minuti\" \/>\n<script type=\"application\/ld+json\" class=\"yoast-schema-graph\">{\"@context\":\"https:\\\/\\\/schema.org\",\"@graph\":[{\"@type\":\"Article\",\"@id\":\"https:\\\/\\\/www.unitedworldproject.org\\\/it\\\/comunicazione-e-media\\\/giornalismo-di-pace-cose-perche-e-cruciale-in-guerra-e-come-ferma-lodio-informativo\\\/#article\",\"isPartOf\":{\"@id\":\"https:\\\/\\\/www.unitedworldproject.org\\\/it\\\/comunicazione-e-media\\\/giornalismo-di-pace-cose-perche-e-cruciale-in-guerra-e-come-ferma-lodio-informativo\\\/\"},\"author\":{\"name\":\"anita\",\"@id\":\"https:\\\/\\\/www.unitedworldproject.org\\\/it\\\/#\\\/schema\\\/person\\\/5e422fc57d77d69e6b4e36ac59a53201\"},\"headline\":\"Giornalismo di Pace: cos&#8217;\u00e8, perch\u00e9 \u00e8 cruciale in guerra e come ferma l&#8217;odio informativo\",\"datePublished\":\"2025-12-12T08:13:46+00:00\",\"dateModified\":\"2025-12-13T14:54:06+00:00\",\"mainEntityOfPage\":{\"@id\":\"https:\\\/\\\/www.unitedworldproject.org\\\/it\\\/comunicazione-e-media\\\/giornalismo-di-pace-cose-perche-e-cruciale-in-guerra-e-come-ferma-lodio-informativo\\\/\"},\"wordCount\":1153,\"image\":{\"@id\":\"https:\\\/\\\/www.unitedworldproject.org\\\/it\\\/comunicazione-e-media\\\/giornalismo-di-pace-cose-perche-e-cruciale-in-guerra-e-come-ferma-lodio-informativo\\\/#primaryimage\"},\"thumbnailUrl\":\"https:\\\/\\\/www.unitedworldproject.org\\\/wp-content\\\/uploads\\\/2025\\\/11\\\/Unsplash.jpg\",\"articleSection\":[\"Comunicazione e media\"],\"inLanguage\":\"it-IT\"},{\"@type\":\"WebPage\",\"@id\":\"https:\\\/\\\/www.unitedworldproject.org\\\/it\\\/comunicazione-e-media\\\/giornalismo-di-pace-cose-perche-e-cruciale-in-guerra-e-come-ferma-lodio-informativo\\\/\",\"url\":\"https:\\\/\\\/www.unitedworldproject.org\\\/it\\\/comunicazione-e-media\\\/giornalismo-di-pace-cose-perche-e-cruciale-in-guerra-e-come-ferma-lodio-informativo\\\/\",\"name\":\"Giornalismo di Pace: cos'\u00e8, perch\u00e9 \u00e8 cruciale in guerra e come ferma l'odio informativo - United World Project\",\"isPartOf\":{\"@id\":\"https:\\\/\\\/www.unitedworldproject.org\\\/it\\\/#website\"},\"primaryImageOfPage\":{\"@id\":\"https:\\\/\\\/www.unitedworldproject.org\\\/it\\\/comunicazione-e-media\\\/giornalismo-di-pace-cose-perche-e-cruciale-in-guerra-e-come-ferma-lodio-informativo\\\/#primaryimage\"},\"image\":{\"@id\":\"https:\\\/\\\/www.unitedworldproject.org\\\/it\\\/comunicazione-e-media\\\/giornalismo-di-pace-cose-perche-e-cruciale-in-guerra-e-come-ferma-lodio-informativo\\\/#primaryimage\"},\"thumbnailUrl\":\"https:\\\/\\\/www.unitedworldproject.org\\\/wp-content\\\/uploads\\\/2025\\\/11\\\/Unsplash.jpg\",\"datePublished\":\"2025-12-12T08:13:46+00:00\",\"dateModified\":\"2025-12-13T14:54:06+00:00\",\"author\":{\"@id\":\"https:\\\/\\\/www.unitedworldproject.org\\\/it\\\/#\\\/schema\\\/person\\\/5e422fc57d77d69e6b4e36ac59a53201\"},\"description\":\"In un contesto dove i media possono trasformarsi in armi, il giornalismo di pace, basato sulle idee di Johan Galtung, \u00e8 una pratica necessaria. Non ignora il conflitto, ma ne analizza le cause profonde, valorizzando le risposte non violente per costruire una duratura \\\"pace positiva\\\".\u00a0\",\"breadcrumb\":{\"@id\":\"https:\\\/\\\/www.unitedworldproject.org\\\/it\\\/comunicazione-e-media\\\/giornalismo-di-pace-cose-perche-e-cruciale-in-guerra-e-come-ferma-lodio-informativo\\\/#breadcrumb\"},\"inLanguage\":\"it-IT\",\"potentialAction\":[{\"@type\":\"ReadAction\",\"target\":[\"https:\\\/\\\/www.unitedworldproject.org\\\/it\\\/comunicazione-e-media\\\/giornalismo-di-pace-cose-perche-e-cruciale-in-guerra-e-come-ferma-lodio-informativo\\\/\"]}]},{\"@type\":\"ImageObject\",\"inLanguage\":\"it-IT\",\"@id\":\"https:\\\/\\\/www.unitedworldproject.org\\\/it\\\/comunicazione-e-media\\\/giornalismo-di-pace-cose-perche-e-cruciale-in-guerra-e-come-ferma-lodio-informativo\\\/#primaryimage\",\"url\":\"https:\\\/\\\/www.unitedworldproject.org\\\/wp-content\\\/uploads\\\/2025\\\/11\\\/Unsplash.jpg\",\"contentUrl\":\"https:\\\/\\\/www.unitedworldproject.org\\\/wp-content\\\/uploads\\\/2025\\\/11\\\/Unsplash.jpg\",\"width\":1812,\"height\":1200},{\"@type\":\"BreadcrumbList\",\"@id\":\"https:\\\/\\\/www.unitedworldproject.org\\\/it\\\/comunicazione-e-media\\\/giornalismo-di-pace-cose-perche-e-cruciale-in-guerra-e-come-ferma-lodio-informativo\\\/#breadcrumb\",\"itemListElement\":[{\"@type\":\"ListItem\",\"position\":1,\"name\":\"Home\",\"item\":\"https:\\\/\\\/www.unitedworldproject.org\\\/it\\\/\"},{\"@type\":\"ListItem\",\"position\":2,\"name\":\"Giornalismo di Pace: cos&#8217;\u00e8, perch\u00e9 \u00e8 cruciale in guerra e come ferma l&#8217;odio informativo\"}]},{\"@type\":\"WebSite\",\"@id\":\"https:\\\/\\\/www.unitedworldproject.org\\\/it\\\/#website\",\"url\":\"https:\\\/\\\/www.unitedworldproject.org\\\/it\\\/\",\"name\":\"United World Project\",\"description\":\"Championing fraternity and collaboration worldwide\",\"potentialAction\":[{\"@type\":\"SearchAction\",\"target\":{\"@type\":\"EntryPoint\",\"urlTemplate\":\"https:\\\/\\\/www.unitedworldproject.org\\\/it\\\/?s={search_term_string}\"},\"query-input\":{\"@type\":\"PropertyValueSpecification\",\"valueRequired\":true,\"valueName\":\"search_term_string\"}}],\"inLanguage\":\"it-IT\"},{\"@type\":\"Person\",\"@id\":\"https:\\\/\\\/www.unitedworldproject.org\\\/it\\\/#\\\/schema\\\/person\\\/5e422fc57d77d69e6b4e36ac59a53201\",\"name\":\"anita\",\"image\":{\"@type\":\"ImageObject\",\"inLanguage\":\"it-IT\",\"@id\":\"https:\\\/\\\/secure.gravatar.com\\\/avatar\\\/6949a15dd913b50588eec00981bd52d8c6ac8351a258558d372496c670e4ff2c?s=96&d=mm&r=g\",\"url\":\"https:\\\/\\\/secure.gravatar.com\\\/avatar\\\/6949a15dd913b50588eec00981bd52d8c6ac8351a258558d372496c670e4ff2c?s=96&d=mm&r=g\",\"contentUrl\":\"https:\\\/\\\/secure.gravatar.com\\\/avatar\\\/6949a15dd913b50588eec00981bd52d8c6ac8351a258558d372496c670e4ff2c?s=96&d=mm&r=g\",\"caption\":\"anita\"},\"url\":\"https:\\\/\\\/www.unitedworldproject.org\\\/it\\\/author\\\/anita\\\/\"}]}<\/script>\n<!-- \/ Yoast SEO plugin. -->","yoast_head_json":{"title":"Giornalismo di Pace: cos'\u00e8, perch\u00e9 \u00e8 cruciale in guerra e come ferma l'odio informativo - United World Project","description":"In un contesto dove i media possono trasformarsi in armi, il giornalismo di pace, basato sulle idee di Johan Galtung, \u00e8 una pratica necessaria. Non ignora il conflitto, ma ne analizza le cause profonde, valorizzando le risposte non violente per costruire una duratura \"pace positiva\".\u00a0","robots":{"index":"index","follow":"follow","max-snippet":"max-snippet:-1","max-image-preview":"max-image-preview:large","max-video-preview":"max-video-preview:-1"},"canonical":"https:\/\/www.unitedworldproject.org\/it\/comunicazione-e-media\/giornalismo-di-pace-cose-perche-e-cruciale-in-guerra-e-come-ferma-lodio-informativo\/","og_locale":"it_IT","og_type":"article","og_title":"Giornalismo di Pace: cos'\u00e8, perch\u00e9 \u00e8 cruciale in guerra e come ferma l'odio informativo - United World Project","og_description":"In un contesto dove i media possono trasformarsi in armi, il giornalismo di pace, basato sulle idee di Johan Galtung, \u00e8 una pratica necessaria. Non ignora il conflitto, ma ne analizza le cause profonde, valorizzando le risposte non violente per costruire una duratura \"pace positiva\".\u00a0","og_url":"https:\/\/www.unitedworldproject.org\/it\/comunicazione-e-media\/giornalismo-di-pace-cose-perche-e-cruciale-in-guerra-e-come-ferma-lodio-informativo\/","og_site_name":"United World Project","article_published_time":"2025-12-12T08:13:46+00:00","article_modified_time":"2025-12-13T14:54:06+00:00","og_image":[{"width":1812,"height":1200,"url":"https:\/\/www.unitedworldproject.org\/wp-content\/uploads\/2025\/11\/Unsplash.jpg","type":"image\/jpeg"}],"author":"anita","twitter_card":"summary_large_image","twitter_misc":{"Scritto da":"anita","Tempo di lettura stimato":"6 minuti"},"schema":{"@context":"https:\/\/schema.org","@graph":[{"@type":"Article","@id":"https:\/\/www.unitedworldproject.org\/it\/comunicazione-e-media\/giornalismo-di-pace-cose-perche-e-cruciale-in-guerra-e-come-ferma-lodio-informativo\/#article","isPartOf":{"@id":"https:\/\/www.unitedworldproject.org\/it\/comunicazione-e-media\/giornalismo-di-pace-cose-perche-e-cruciale-in-guerra-e-come-ferma-lodio-informativo\/"},"author":{"name":"anita","@id":"https:\/\/www.unitedworldproject.org\/it\/#\/schema\/person\/5e422fc57d77d69e6b4e36ac59a53201"},"headline":"Giornalismo di Pace: cos&#8217;\u00e8, perch\u00e9 \u00e8 cruciale in guerra e come ferma l&#8217;odio informativo","datePublished":"2025-12-12T08:13:46+00:00","dateModified":"2025-12-13T14:54:06+00:00","mainEntityOfPage":{"@id":"https:\/\/www.unitedworldproject.org\/it\/comunicazione-e-media\/giornalismo-di-pace-cose-perche-e-cruciale-in-guerra-e-come-ferma-lodio-informativo\/"},"wordCount":1153,"image":{"@id":"https:\/\/www.unitedworldproject.org\/it\/comunicazione-e-media\/giornalismo-di-pace-cose-perche-e-cruciale-in-guerra-e-come-ferma-lodio-informativo\/#primaryimage"},"thumbnailUrl":"https:\/\/www.unitedworldproject.org\/wp-content\/uploads\/2025\/11\/Unsplash.jpg","articleSection":["Comunicazione e media"],"inLanguage":"it-IT"},{"@type":"WebPage","@id":"https:\/\/www.unitedworldproject.org\/it\/comunicazione-e-media\/giornalismo-di-pace-cose-perche-e-cruciale-in-guerra-e-come-ferma-lodio-informativo\/","url":"https:\/\/www.unitedworldproject.org\/it\/comunicazione-e-media\/giornalismo-di-pace-cose-perche-e-cruciale-in-guerra-e-come-ferma-lodio-informativo\/","name":"Giornalismo di Pace: cos'\u00e8, perch\u00e9 \u00e8 cruciale in guerra e come ferma l'odio informativo - United World Project","isPartOf":{"@id":"https:\/\/www.unitedworldproject.org\/it\/#website"},"primaryImageOfPage":{"@id":"https:\/\/www.unitedworldproject.org\/it\/comunicazione-e-media\/giornalismo-di-pace-cose-perche-e-cruciale-in-guerra-e-come-ferma-lodio-informativo\/#primaryimage"},"image":{"@id":"https:\/\/www.unitedworldproject.org\/it\/comunicazione-e-media\/giornalismo-di-pace-cose-perche-e-cruciale-in-guerra-e-come-ferma-lodio-informativo\/#primaryimage"},"thumbnailUrl":"https:\/\/www.unitedworldproject.org\/wp-content\/uploads\/2025\/11\/Unsplash.jpg","datePublished":"2025-12-12T08:13:46+00:00","dateModified":"2025-12-13T14:54:06+00:00","author":{"@id":"https:\/\/www.unitedworldproject.org\/it\/#\/schema\/person\/5e422fc57d77d69e6b4e36ac59a53201"},"description":"In un contesto dove i media possono trasformarsi in armi, il giornalismo di pace, basato sulle idee di Johan Galtung, \u00e8 una pratica necessaria. Non ignora il conflitto, ma ne analizza le cause profonde, valorizzando le risposte non violente per costruire una duratura \"pace positiva\".\u00a0","breadcrumb":{"@id":"https:\/\/www.unitedworldproject.org\/it\/comunicazione-e-media\/giornalismo-di-pace-cose-perche-e-cruciale-in-guerra-e-come-ferma-lodio-informativo\/#breadcrumb"},"inLanguage":"it-IT","potentialAction":[{"@type":"ReadAction","target":["https:\/\/www.unitedworldproject.org\/it\/comunicazione-e-media\/giornalismo-di-pace-cose-perche-e-cruciale-in-guerra-e-come-ferma-lodio-informativo\/"]}]},{"@type":"ImageObject","inLanguage":"it-IT","@id":"https:\/\/www.unitedworldproject.org\/it\/comunicazione-e-media\/giornalismo-di-pace-cose-perche-e-cruciale-in-guerra-e-come-ferma-lodio-informativo\/#primaryimage","url":"https:\/\/www.unitedworldproject.org\/wp-content\/uploads\/2025\/11\/Unsplash.jpg","contentUrl":"https:\/\/www.unitedworldproject.org\/wp-content\/uploads\/2025\/11\/Unsplash.jpg","width":1812,"height":1200},{"@type":"BreadcrumbList","@id":"https:\/\/www.unitedworldproject.org\/it\/comunicazione-e-media\/giornalismo-di-pace-cose-perche-e-cruciale-in-guerra-e-come-ferma-lodio-informativo\/#breadcrumb","itemListElement":[{"@type":"ListItem","position":1,"name":"Home","item":"https:\/\/www.unitedworldproject.org\/it\/"},{"@type":"ListItem","position":2,"name":"Giornalismo di Pace: cos&#8217;\u00e8, perch\u00e9 \u00e8 cruciale in guerra e come ferma l&#8217;odio informativo"}]},{"@type":"WebSite","@id":"https:\/\/www.unitedworldproject.org\/it\/#website","url":"https:\/\/www.unitedworldproject.org\/it\/","name":"United World Project","description":"Championing fraternity and collaboration worldwide","potentialAction":[{"@type":"SearchAction","target":{"@type":"EntryPoint","urlTemplate":"https:\/\/www.unitedworldproject.org\/it\/?s={search_term_string}"},"query-input":{"@type":"PropertyValueSpecification","valueRequired":true,"valueName":"search_term_string"}}],"inLanguage":"it-IT"},{"@type":"Person","@id":"https:\/\/www.unitedworldproject.org\/it\/#\/schema\/person\/5e422fc57d77d69e6b4e36ac59a53201","name":"anita","image":{"@type":"ImageObject","inLanguage":"it-IT","@id":"https:\/\/secure.gravatar.com\/avatar\/6949a15dd913b50588eec00981bd52d8c6ac8351a258558d372496c670e4ff2c?s=96&d=mm&r=g","url":"https:\/\/secure.gravatar.com\/avatar\/6949a15dd913b50588eec00981bd52d8c6ac8351a258558d372496c670e4ff2c?s=96&d=mm&r=g","contentUrl":"https:\/\/secure.gravatar.com\/avatar\/6949a15dd913b50588eec00981bd52d8c6ac8351a258558d372496c670e4ff2c?s=96&d=mm&r=g","caption":"anita"},"url":"https:\/\/www.unitedworldproject.org\/it\/author\/anita\/"}]}},"_links":{"self":[{"href":"https:\/\/www.unitedworldproject.org\/it\/wp-json\/wp\/v2\/posts\/74620","targetHints":{"allow":["GET"]}}],"collection":[{"href":"https:\/\/www.unitedworldproject.org\/it\/wp-json\/wp\/v2\/posts"}],"about":[{"href":"https:\/\/www.unitedworldproject.org\/it\/wp-json\/wp\/v2\/types\/post"}],"author":[{"embeddable":true,"href":"https:\/\/www.unitedworldproject.org\/it\/wp-json\/wp\/v2\/users\/2"}],"replies":[{"embeddable":true,"href":"https:\/\/www.unitedworldproject.org\/it\/wp-json\/wp\/v2\/comments?post=74620"}],"version-history":[{"count":3,"href":"https:\/\/www.unitedworldproject.org\/it\/wp-json\/wp\/v2\/posts\/74620\/revisions"}],"predecessor-version":[{"id":75453,"href":"https:\/\/www.unitedworldproject.org\/it\/wp-json\/wp\/v2\/posts\/74620\/revisions\/75453"}],"wp:featuredmedia":[{"embeddable":true,"href":"https:\/\/www.unitedworldproject.org\/it\/wp-json\/wp\/v2\/media\/74784"}],"wp:attachment":[{"href":"https:\/\/www.unitedworldproject.org\/it\/wp-json\/wp\/v2\/media?parent=74620"}],"wp:term":[{"taxonomy":"category","embeddable":true,"href":"https:\/\/www.unitedworldproject.org\/it\/wp-json\/wp\/v2\/categories?post=74620"},{"taxonomy":"post_tag","embeddable":true,"href":"https:\/\/www.unitedworldproject.org\/it\/wp-json\/wp\/v2\/tags?post=74620"}],"curies":[{"name":"wp","href":"https:\/\/api.w.org\/{rel}","templated":true}]}}