{"id":79160,"date":"2026-09-03T23:36:06","date_gmt":"2026-09-03T21:36:06","guid":{"rendered":"https:\/\/www.unitedworldproject.org\/?p=79160"},"modified":"2026-09-04T00:03:40","modified_gmt":"2026-09-03T22:03:40","slug":"together-to-care-una-roadmap-per-costruire-un-futuro-piu-giusto-e-sostenibile","status":"publish","type":"post","link":"https:\/\/www.unitedworldproject.org\/it\/pace-e-diritti-umani\/together-to-care-una-roadmap-per-costruire-un-futuro-piu-giusto-e-sostenibile\/","title":{"rendered":"Together to Care: una roadmap per costruire un futuro pi\u00f9 giusto e sostenibile"},"content":{"rendered":"<p>Together to Care<em> \u00e8 un documento che racconta esperienze, progetti e buone pratiche di tutto il mondo che testimoniano l\u2019impegno dei giovani per la cura delle persone, del pianeta e del bene comune.<\/em><\/p>\n<p>C\u2019\u00e8 una bellezza che d\u00e0 forza e speranza, nella pubblicazione del documento <strong><em>Together to Care: for our human family and our common home<\/em><\/strong>. \u00c8 stato prodotto dai <strong>Giovani per un mondo Unito del movimento dei Focolari <\/strong><strong>(Y4UW, <\/strong><strong>uno dei promotori dell&#8217;United World Project<\/strong><strong>)<\/strong>, ed \u00e8 un report sul lavoro di questi giovani insieme a <strong>New Humanity ONG<\/strong> e allo stesso <strong>Movimento dei Focolari<\/strong>, a un anno circa dal <strong>Genfest<\/strong> che nel 2024 ha riunito, in Brasile, oltre 6.000 Giovani per un Mondo Unito. Da quest\u2019evento sono nate molte delle iniziative raccontate nel documento <strong><em>Together to Care<\/em><\/strong>.<\/p>\n<p>Con <strong><em>Together to Care<\/em><\/strong>, <strong>i<\/strong><strong> giovani per un mondo unito riaffermano l\u2019impegno per la pace, la <\/strong><strong>fraternit\u00e0 universale, la dignit\u00e0 umana e la cura della natura. <\/strong>Iniziano ringraziando, come gi\u00e0 espresso mediante una lettera dell\u2019ottobre 2024, il segretario Generale delle Nazioni Unite: Ant\u00f3nio Guterres, per il suo impegno a favore dei giovani e per la sua leadership nell\u2019affrontare le sfide globali.<\/p>\n<p>Alle Nazioni Unite, da cui i Y4UW si sentono sostenuti, questi giovani ribadiscono di voler offrire un contributo. Al loro fianco si schierano per costruire un mondo pi\u00f9 sostenibile, equo e pacifico, in conformit\u00e0 con le visioni espresse nel Patto per il Futuro (Risoluzione A\/RES\/79\/1) e nella Dichiarazione sulle Generazioni Future.<\/p>\n<p><strong><em>Together to Care<\/em><\/strong> ci parla anche delle comunit\u00e0 locali sparse nel mondo e della rete globale e intergenerazionale di persone legate al Movimento dei Focolari. In diversi ambiti, queste comunit\u00e0 vivono e operano per il bene comune <strong>ispirandosi alla Regola d\u2019oro: \u201cFai agli altri ci\u00f2 che vorresti fosse fatto a te\u201d.<\/strong><\/p>\n<h2>Le tre sezioni di Together to Care e le parole di Chiara Lubich<\/h2>\n<p>Il documento <strong><em>Together to Care<\/em><\/strong> \u00e8 diviso in tre sezioni: <strong>Work Together, Build Together, Dream Together<\/strong>. Cos\u00ec composto, mostra <strong>come, in tutto il mondo, molte persone siano gi\u00e0 impegnate per costruire un mondo unito, in modi diversi.<\/strong> Ogni comunit\u00e0, ci viene spiegato, affronta bisogni concreti, valorizzando talenti e capacit\u00e0, nella convinzione che l\u2019amore fraterno sia la risposta alle sfide del mondo di oggi.<\/p>\n<figure id=\"attachment_79149\" aria-describedby=\"caption-attachment-79149\" style=\"width: 1024px\" class=\"wp-caption alignnone\"><img loading=\"lazy\" decoding=\"async\" class=\"size-large wp-image-79149\" src=\"https:\/\/www.unitedworldproject.org\/wp-content\/uploads\/2026\/09\/Together-to-Care-1024x576.png\" alt=\"Together to Care\" width=\"1024\" height=\"576\" srcset=\"https:\/\/www.unitedworldproject.org\/wp-content\/uploads\/2026\/09\/Together-to-Care-1024x576.png 1024w, https:\/\/www.unitedworldproject.org\/wp-content\/uploads\/2026\/09\/Together-to-Care-300x169.png 300w, https:\/\/www.unitedworldproject.org\/wp-content\/uploads\/2026\/09\/Together-to-Care-768x432.png 768w, https:\/\/www.unitedworldproject.org\/wp-content\/uploads\/2026\/09\/Together-to-Care.png 1200w\" sizes=\"auto, (max-width: 1024px) 100vw, 1024px\" \/><figcaption id=\"caption-attachment-79149\" class=\"wp-caption-text\">Together to Care<\/figcaption><\/figure>\n<p>Chiara Lubich, fondatrice del Movimento dei Focolari, ha detto queste parole: \u00ab\u00e8 partendo dai piccoli problemi locali che si forma una coscienza morale capace di affrontare problemi globali\u201d.<\/p>\n<h2>Il lavoro delle communities<\/h2>\n<p>Nella sezione \u201cWork Togehter to care\u201d del documento, vengono illustrate <a href=\"https:\/\/www.unitedworldproject.org\/it\/community\/\">le iniziative delle United World Communities, uno dei pilastri dello United World Project<\/a>. Lanciate durante il Genfest del 2024, queste riuniscono i membri dei Y4UW e di New Humanity in una rete globale in tutti e cinque i continenti: una rete attiva in otto ambiti essenziali della vita umana:<\/p>\n<ul>\n<li>Economia e lavoro<\/li>\n<li>Interculturalit\u00e0 e dialogo<\/li>\n<li>Pace e diritti umani<\/li>\n<li>Salute, sport ed ecologia<\/li>\n<li>Arte e impegno sociale<\/li>\n<li>Educazione e ricerca<\/li>\n<li>Comunicazione e media<\/li>\n<li>Cittadinanza attiva e politica<\/li>\n<\/ul>\n<p>Le communities offrono la possibilit\u00e0 di contribuire a un mondo unito pi\u00f9 unito, pi\u00f9 fraterno e sostenibile mettendo in gioco le proprie passioni, talenti e inclinazioni personali. Il lavoro delle communities unisce culture, credenze e generazioni diverse, promuovendo un cambiamento reale a partire dalle realt\u00e0 locali.<\/p>\n<h3>Identit\u00e0 e obiettivi delle otto communities<\/h3>\n<p>La Comunit\u00e0 <strong>Economia e Lavoro<\/strong> promuove <strong>un\u2019economia giusta e sostenibile<\/strong> che valorizzi le persone e il pianeta con iniziative sul lavoro dignitoso e l\u2019inclusione sociale. Nel documento si parla di Liber\u00f9 dae sa Gherra: un\u2019associazione che in Sardegna (Italia) promuove l\u2019economia rifiutando di produrre armi.<\/p>\n<p>La Comunit\u00e0 di <strong>Interculturalit\u00e0 e Dialogo<\/strong> promuove l\u2019incontro tra persone di culture, religioni e tradizioni diverse, favorendo la <strong>comprensione reciproca, la cooperazione e la costruzione di societ\u00e0 inclusive<\/strong>.<\/p>\n<p>La Comunit\u00e0 <strong>Pace e Diritti Umani <\/strong>opera per la promozione della <strong>giustizia, della riconciliazione e del rispetto della dignit\u00e0 di ogni persona. <\/strong><\/p>\n<p>La <strong>Comunit\u00e0 Salute, Sport ed Ecologia<\/strong> promuove uno stile di vita sano e sostenibile, riconoscendo il <strong>legame profondo tra benessere personale, relazioni sociali e tutela dell\u2019ambiente<\/strong>. Attraverso attivit\u00e0 sportive, programmi di prevenzione sanitaria e progetti ecologici, incoraggia comportamenti responsabili verso s\u00e9 stessi, gli altri e il pianeta.<\/p>\n<p>La <strong>Comunit\u00e0 Arte e Impegno Sociale<\/strong> valorizza il potere espressivo delle <strong>arti come strumento di trasformazione personale e collettiva.<\/strong> Musica, teatro, arti visive e altre forme creative vengono utilizzate per sensibilizzare sui temi sociali, favorire l\u2019inclusione e dare voce alle esperienze delle comunit\u00e0.<\/p>\n<p>La <strong>Comunit\u00e0 Educazione e Ricerca<\/strong> promuove percorsi formativi e progetti di studio <strong>orientati allo sviluppo integrale della persona<\/strong>.<\/p>\n<p>La <strong>Comunit\u00e0 Comunicazione e Media <\/strong>lavora per diffondere una <strong>cultura dell\u2019informazione etica, responsabile e partecipativa. <\/strong>Attraverso laboratori di giornalismo, piattaforme digitali e progetti editoriali, i giovani sono formati a utilizzare i media come strumenti di dialogo, verit\u00e0 e costruzione della pace.<\/p>\n<p>La <strong>Comunit\u00e0 Cittadinanza Attiva e Politica<\/strong>, infine, incoraggia <strong>l\u2019impegno responsabile nella vita pubblica e nei processi decisionali.<\/strong> Promuove la partecipazione dei giovani alle istituzioni locali e nazionali, il dialogo con i decisori politici e la formazione di una leadership orientata al servizio. L\u2019azione politica \u00e8 intesa come espressione di corresponsabilit\u00e0 verso il bene comune.<\/p>\n<h2>\u201cBuild Together to care\u201d<\/h2>\n<p>Il documento <strong><em>Toghether to Care<\/em><\/strong> parla anche della sezione \u201cBuild\u201d che presenta le principali iniziative internazionali promosse per rafforzare il dialogo, la cooperazione e la formazione di reti globali impegnate nella costruzione di un mondo pi\u00f9 giusto e sostenibile.<\/p>\n<p>Tra questi, il <strong>\u201cCongresso Internazionale sulla Sostenibilit\u00e0 Relazionale\u201d<\/strong>, svoltosi simultaneamente a Roma, in Italia, e a Cordoba, in Argentina, nell\u2019ottobre 2024, che ha coinvolto studiosi, operatori sociali e giovani provenienti da diversi contesti culturali.<\/p>\n<p>C\u2019\u00e8 stato anche il <strong>\u201cCities, Communities, Care. Youth in Action for Sustaining Peace\u201d<\/strong>, presso Nairobi, in Kenya, pensato come contributo significativo all\u201980\u00b0 anniversario delle Nazioni Unite. L\u2019evento internazionale, svoltosi dal 10 al 12 novembre 2025, ha riunito 200 giovani agenti di cambiamento provenienti dall\u2019Africa e da altri continenti.<\/p>\n<p>Un altro evento importante \u00e8 stato il <strong>\u201cRaising Hope: Shared Hope for Climate Justice\u201d<\/strong>, tenutosi presso Castel Gandolfo, in Italia. L\u2019incontro, dedicato al tema della giustizia climatica, si \u00e8 inserito nel contesto delle celebrazioni per il decimo anniversario dell\u2019enciclica Laudato Si\u2019, come spazio di riflessione, dialogo e impegno comune per la tutela del creato.<\/p>\n<p>Altro momento prezioso, <strong>\u201cAmazonia Viva Project: A Journey Toward COP30\u201d<\/strong>, a Bel\u00e9m, in Brasile. Questo progetto rappresenta un percorso di accompagnamento verso la Conferenza delle Parti COP30 e si articola in tre principali assi di intervento: promuovere la leadership comunitaria, promuovere l\u2019imprenditoria comunitaria, e amplificare le voci amazzoniche attraverso forum e reti.<\/p>\n<p>Un\u2019altra iniziativa da segnalare \u00e8 stata l\u2019incontro <strong>\u201cBanzeiro nella Maloca Ecumenica: Buon Vivere Amazzonico\u201d<\/strong>, realizzata con vari partner e ispirata alla Laudato Si\u2019 con lo scopo di promuovere il dialogo interreligioso, lo scambio culturale e la riflessione sulla resilienza economica e sulla giustizia climatica.<\/p>\n<p>Infine, si legge <strong>\u201cOne Humanity, One Planet: Synodal Leadership\u201d<\/strong>, programma internazionale concepito come laboratorio globale di formazione politica e sociale.<\/p>\n<h2>\u201cDream Together to care\u201d<\/h2>\n<p>La terza sezione del documento Together to care, \u00e8 \u201cDream\u201d, ovvero, \u201cGuardando al futuro: verso la sostenibilit\u00e0 relazionale\u201d. Questa sezione ribadisce l\u2019impegno per il riconoscimento della sostenibilit\u00e0 relazionale come principio centrale del bene comune e per l\u2019istituzione di un Forum ONU di alto livello dedicato ai giovani.<\/p>\n<p>Il documento riconosce le difficolt\u00e0 dell\u2019attuale ordine istituzionale internazionale, segnato da guerre, carestie, cambiamenti climatici e violazioni sistematiche dei diritti umani. Di fronte a queste sfide, viene riaffermata l\u2019importanza del dialogo, della responsabilit\u00e0 e dell\u2019impegno personale e professionale di ciascuno. Il documento <strong>esprime la volont\u00e0 di contribuire a un multilateralismo \u201cdal basso\u201d, fondato sull\u2019azione della societ\u00e0 civile, dei movimenti e delle ONG.<\/strong><\/p>\n<h2>Le conclusioni di Together to care<\/h2>\n<p>Il documento ribadisce l\u2019impegno dei Giovani per un Mondo Unito con il supporto di New Humanity e del Movimento Politico per l\u2019Unit\u00e0, attraverso lo United World Project, in un contesto segnato da sfide complesse.<\/p>\n<p><strong><em>Together to Care<\/em><\/strong> sottolinea che la teoria non \u00e8 sufficiente: il cambiamento reale nasce dall\u2019azione congiunta di persone, comunit\u00e0 e istituzioni.<\/p>\n<p><strong>Le esperienze intergenerazionali, i progetti e le partnership presentati dimostrano che un mondo unito non \u00e8 solo possibile, ma \u00e8 gi\u00e0 in costruzione. <\/strong>Ogni iniziativa delle United World Communities contribuisce alla creazione di societ\u00e0 resilienti, inclusive e vitali.<\/p>\n<h3><a href=\"https:\/\/www.unitedworldproject.org\/wp-content\/uploads\/2026\/09\/Together-to-care-report-2025-Digital.pdf\" target=\"_blank\" rel=\"noopener\">Leggi il documento completo qui<\/a><\/h3>\n","protected":false},"excerpt":{"rendered":"<p>Together to Care \u00e8 un documento che racconta esperienze, progetti e buone pratiche di tutto il mondo che testimoniano l\u2019impegno dei giovani per la cura delle persone, del pianeta e del bene comune.<\/p>\n","protected":false},"author":2,"featured_media":79157,"comment_status":"closed","ping_status":"open","sticky":false,"template":"","format":"standard","meta":{"_acf_changed":false,"footnotes":""},"categories":[45],"tags":[],"class_list":["post-79160","post","type-post","status-publish","format-standard","has-post-thumbnail","hentry","category-pace-e-diritti-umani"],"acf":[],"yoast_head":"<!-- This site is optimized with the Yoast SEO plugin v28.4 - https:\/\/yoast.com\/product\/yoast-seo-wordpress\/ -->\n<title>Together to Care: una roadmap per costruire un futuro pi\u00f9 giusto e sostenibile - United World Project<\/title>\n<meta name=\"description\" content=\"Together to Care \u00e8 un documento che racconta esperienze, progetti e buone pratiche di tutto il mondo che testimoniano l\u2019impegno dei giovani per la cura delle persone, del pianeta e del bene comune.\" \/>\n<meta name=\"robots\" content=\"index, follow, max-snippet:-1, max-image-preview:large, max-video-preview:-1\" \/>\n<link rel=\"canonical\" href=\"https:\/\/www.unitedworldproject.org\/it\/pace-e-diritti-umani\/together-to-care-una-roadmap-per-costruire-un-futuro-piu-giusto-e-sostenibile\/\" \/>\n<meta property=\"og:locale\" content=\"it_IT\" \/>\n<meta property=\"og:type\" content=\"article\" \/>\n<meta property=\"og:title\" content=\"Together to Care: una roadmap per costruire un futuro pi\u00f9 giusto e sostenibile - United World Project\" \/>\n<meta property=\"og:description\" content=\"Together to Care \u00e8 un documento che racconta esperienze, progetti e buone pratiche di tutto il mondo che testimoniano l\u2019impegno dei giovani per la cura delle persone, del pianeta e del bene comune.\" \/>\n<meta property=\"og:url\" content=\"https:\/\/www.unitedworldproject.org\/it\/pace-e-diritti-umani\/together-to-care-una-roadmap-per-costruire-un-futuro-piu-giusto-e-sostenibile\/\" \/>\n<meta property=\"og:site_name\" content=\"United World Project\" \/>\n<meta property=\"article:published_time\" content=\"2026-09-03T21:36:06+00:00\" \/>\n<meta property=\"article:modified_time\" content=\"2026-09-03T22:03:40+00:00\" \/>\n<meta property=\"og:image\" content=\"https:\/\/www.unitedworldproject.org\/wp-content\/uploads\/2026\/09\/Alexander-Grey-Together-to-Care.png\" \/>\n\t<meta property=\"og:image:width\" content=\"1200\" \/>\n\t<meta property=\"og:image:height\" content=\"675\" \/>\n\t<meta property=\"og:image:type\" content=\"image\/png\" \/>\n<meta name=\"author\" content=\"anita\" \/>\n<meta name=\"twitter:card\" content=\"summary_large_image\" \/>\n<meta name=\"twitter:label1\" content=\"Scritto da\" \/>\n\t<meta name=\"twitter:data1\" content=\"anita\" \/>\n\t<meta name=\"twitter:label2\" content=\"Tempo di lettura stimato\" \/>\n\t<meta name=\"twitter:data2\" content=\"7 minuti\" \/>\n<script type=\"application\/ld+json\" class=\"yoast-schema-graph\">{\"@context\":\"https:\\\/\\\/schema.org\",\"@graph\":[{\"@type\":\"Article\",\"@id\":\"https:\\\/\\\/www.unitedworldproject.org\\\/it\\\/pace-e-diritti-umani\\\/together-to-care-una-roadmap-per-costruire-un-futuro-piu-giusto-e-sostenibile\\\/#article\",\"isPartOf\":{\"@id\":\"https:\\\/\\\/www.unitedworldproject.org\\\/it\\\/pace-e-diritti-umani\\\/together-to-care-una-roadmap-per-costruire-un-futuro-piu-giusto-e-sostenibile\\\/\"},\"author\":{\"name\":\"anita\",\"@id\":\"https:\\\/\\\/www.unitedworldproject.org\\\/it\\\/#\\\/schema\\\/person\\\/5e422fc57d77d69e6b4e36ac59a53201\"},\"headline\":\"Together to Care: una roadmap per costruire un futuro pi\u00f9 giusto e sostenibile\",\"datePublished\":\"2026-09-03T21:36:06+00:00\",\"dateModified\":\"2026-09-03T22:03:40+00:00\",\"mainEntityOfPage\":{\"@id\":\"https:\\\/\\\/www.unitedworldproject.org\\\/it\\\/pace-e-diritti-umani\\\/together-to-care-una-roadmap-per-costruire-un-futuro-piu-giusto-e-sostenibile\\\/\"},\"wordCount\":1391,\"image\":{\"@id\":\"https:\\\/\\\/www.unitedworldproject.org\\\/it\\\/pace-e-diritti-umani\\\/together-to-care-una-roadmap-per-costruire-un-futuro-piu-giusto-e-sostenibile\\\/#primaryimage\"},\"thumbnailUrl\":\"https:\\\/\\\/www.unitedworldproject.org\\\/wp-content\\\/uploads\\\/2026\\\/09\\\/Alexander-Grey-Together-to-Care.png\",\"articleSection\":[\"Pace e diritti umani\"],\"inLanguage\":\"it-IT\"},{\"@type\":\"WebPage\",\"@id\":\"https:\\\/\\\/www.unitedworldproject.org\\\/it\\\/pace-e-diritti-umani\\\/together-to-care-una-roadmap-per-costruire-un-futuro-piu-giusto-e-sostenibile\\\/\",\"url\":\"https:\\\/\\\/www.unitedworldproject.org\\\/it\\\/pace-e-diritti-umani\\\/together-to-care-una-roadmap-per-costruire-un-futuro-piu-giusto-e-sostenibile\\\/\",\"name\":\"Together to Care: una roadmap per costruire un futuro pi\u00f9 giusto e sostenibile - United World Project\",\"isPartOf\":{\"@id\":\"https:\\\/\\\/www.unitedworldproject.org\\\/it\\\/#website\"},\"primaryImageOfPage\":{\"@id\":\"https:\\\/\\\/www.unitedworldproject.org\\\/it\\\/pace-e-diritti-umani\\\/together-to-care-una-roadmap-per-costruire-un-futuro-piu-giusto-e-sostenibile\\\/#primaryimage\"},\"image\":{\"@id\":\"https:\\\/\\\/www.unitedworldproject.org\\\/it\\\/pace-e-diritti-umani\\\/together-to-care-una-roadmap-per-costruire-un-futuro-piu-giusto-e-sostenibile\\\/#primaryimage\"},\"thumbnailUrl\":\"https:\\\/\\\/www.unitedworldproject.org\\\/wp-content\\\/uploads\\\/2026\\\/09\\\/Alexander-Grey-Together-to-Care.png\",\"datePublished\":\"2026-09-03T21:36:06+00:00\",\"dateModified\":\"2026-09-03T22:03:40+00:00\",\"author\":{\"@id\":\"https:\\\/\\\/www.unitedworldproject.org\\\/it\\\/#\\\/schema\\\/person\\\/5e422fc57d77d69e6b4e36ac59a53201\"},\"description\":\"Together to Care \u00e8 un documento che racconta esperienze, progetti e buone pratiche di tutto il mondo che testimoniano l\u2019impegno dei giovani per la cura delle persone, del pianeta e del bene comune.\",\"breadcrumb\":{\"@id\":\"https:\\\/\\\/www.unitedworldproject.org\\\/it\\\/pace-e-diritti-umani\\\/together-to-care-una-roadmap-per-costruire-un-futuro-piu-giusto-e-sostenibile\\\/#breadcrumb\"},\"inLanguage\":\"it-IT\",\"potentialAction\":[{\"@type\":\"ReadAction\",\"target\":[\"https:\\\/\\\/www.unitedworldproject.org\\\/it\\\/pace-e-diritti-umani\\\/together-to-care-una-roadmap-per-costruire-un-futuro-piu-giusto-e-sostenibile\\\/\"]}]},{\"@type\":\"ImageObject\",\"inLanguage\":\"it-IT\",\"@id\":\"https:\\\/\\\/www.unitedworldproject.org\\\/it\\\/pace-e-diritti-umani\\\/together-to-care-una-roadmap-per-costruire-un-futuro-piu-giusto-e-sostenibile\\\/#primaryimage\",\"url\":\"https:\\\/\\\/www.unitedworldproject.org\\\/wp-content\\\/uploads\\\/2026\\\/09\\\/Alexander-Grey-Together-to-Care.png\",\"contentUrl\":\"https:\\\/\\\/www.unitedworldproject.org\\\/wp-content\\\/uploads\\\/2026\\\/09\\\/Alexander-Grey-Together-to-Care.png\",\"width\":1200,\"height\":675,\"caption\":\"Alexander Grey - Together to Care\"},{\"@type\":\"BreadcrumbList\",\"@id\":\"https:\\\/\\\/www.unitedworldproject.org\\\/it\\\/pace-e-diritti-umani\\\/together-to-care-una-roadmap-per-costruire-un-futuro-piu-giusto-e-sostenibile\\\/#breadcrumb\",\"itemListElement\":[{\"@type\":\"ListItem\",\"position\":1,\"name\":\"Home\",\"item\":\"https:\\\/\\\/www.unitedworldproject.org\\\/it\\\/\"},{\"@type\":\"ListItem\",\"position\":2,\"name\":\"Together to Care: una roadmap per costruire un futuro pi\u00f9 giusto e sostenibile\"}]},{\"@type\":\"WebSite\",\"@id\":\"https:\\\/\\\/www.unitedworldproject.org\\\/it\\\/#website\",\"url\":\"https:\\\/\\\/www.unitedworldproject.org\\\/it\\\/\",\"name\":\"United World Project\",\"description\":\"Championing fraternity and collaboration worldwide\",\"potentialAction\":[{\"@type\":\"SearchAction\",\"target\":{\"@type\":\"EntryPoint\",\"urlTemplate\":\"https:\\\/\\\/www.unitedworldproject.org\\\/it\\\/?s={search_term_string}\"},\"query-input\":{\"@type\":\"PropertyValueSpecification\",\"valueRequired\":true,\"valueName\":\"search_term_string\"}}],\"inLanguage\":\"it-IT\"},{\"@type\":\"Person\",\"@id\":\"https:\\\/\\\/www.unitedworldproject.org\\\/it\\\/#\\\/schema\\\/person\\\/5e422fc57d77d69e6b4e36ac59a53201\",\"name\":\"anita\",\"image\":{\"@type\":\"ImageObject\",\"inLanguage\":\"it-IT\",\"@id\":\"https:\\\/\\\/secure.gravatar.com\\\/avatar\\\/6949a15dd913b50588eec00981bd52d8c6ac8351a258558d372496c670e4ff2c?s=96&d=mm&r=g\",\"url\":\"https:\\\/\\\/secure.gravatar.com\\\/avatar\\\/6949a15dd913b50588eec00981bd52d8c6ac8351a258558d372496c670e4ff2c?s=96&d=mm&r=g\",\"contentUrl\":\"https:\\\/\\\/secure.gravatar.com\\\/avatar\\\/6949a15dd913b50588eec00981bd52d8c6ac8351a258558d372496c670e4ff2c?s=96&d=mm&r=g\",\"caption\":\"anita\"},\"url\":\"https:\\\/\\\/www.unitedworldproject.org\\\/it\\\/author\\\/anita\\\/\"}]}<\/script>\n<!-- \/ Yoast SEO plugin. -->","yoast_head_json":{"title":"Together to Care: una roadmap per costruire un futuro pi\u00f9 giusto e sostenibile - United World Project","description":"Together to Care \u00e8 un documento che racconta esperienze, progetti e buone pratiche di tutto il mondo che testimoniano l\u2019impegno dei giovani per la cura delle persone, del pianeta e del bene comune.","robots":{"index":"index","follow":"follow","max-snippet":"max-snippet:-1","max-image-preview":"max-image-preview:large","max-video-preview":"max-video-preview:-1"},"canonical":"https:\/\/www.unitedworldproject.org\/it\/pace-e-diritti-umani\/together-to-care-una-roadmap-per-costruire-un-futuro-piu-giusto-e-sostenibile\/","og_locale":"it_IT","og_type":"article","og_title":"Together to Care: una roadmap per costruire un futuro pi\u00f9 giusto e sostenibile - United World Project","og_description":"Together to Care \u00e8 un documento che racconta esperienze, progetti e buone pratiche di tutto il mondo che testimoniano l\u2019impegno dei giovani per la cura delle persone, del pianeta e del bene comune.","og_url":"https:\/\/www.unitedworldproject.org\/it\/pace-e-diritti-umani\/together-to-care-una-roadmap-per-costruire-un-futuro-piu-giusto-e-sostenibile\/","og_site_name":"United World Project","article_published_time":"2026-09-03T21:36:06+00:00","article_modified_time":"2026-09-03T22:03:40+00:00","og_image":[{"width":1200,"height":675,"url":"https:\/\/www.unitedworldproject.org\/wp-content\/uploads\/2026\/09\/Alexander-Grey-Together-to-Care.png","type":"image\/png"}],"author":"anita","twitter_card":"summary_large_image","twitter_misc":{"Scritto da":"anita","Tempo di lettura stimato":"7 minuti"},"schema":{"@context":"https:\/\/schema.org","@graph":[{"@type":"Article","@id":"https:\/\/www.unitedworldproject.org\/it\/pace-e-diritti-umani\/together-to-care-una-roadmap-per-costruire-un-futuro-piu-giusto-e-sostenibile\/#article","isPartOf":{"@id":"https:\/\/www.unitedworldproject.org\/it\/pace-e-diritti-umani\/together-to-care-una-roadmap-per-costruire-un-futuro-piu-giusto-e-sostenibile\/"},"author":{"name":"anita","@id":"https:\/\/www.unitedworldproject.org\/it\/#\/schema\/person\/5e422fc57d77d69e6b4e36ac59a53201"},"headline":"Together to Care: una roadmap per costruire un futuro pi\u00f9 giusto e sostenibile","datePublished":"2026-09-03T21:36:06+00:00","dateModified":"2026-09-03T22:03:40+00:00","mainEntityOfPage":{"@id":"https:\/\/www.unitedworldproject.org\/it\/pace-e-diritti-umani\/together-to-care-una-roadmap-per-costruire-un-futuro-piu-giusto-e-sostenibile\/"},"wordCount":1391,"image":{"@id":"https:\/\/www.unitedworldproject.org\/it\/pace-e-diritti-umani\/together-to-care-una-roadmap-per-costruire-un-futuro-piu-giusto-e-sostenibile\/#primaryimage"},"thumbnailUrl":"https:\/\/www.unitedworldproject.org\/wp-content\/uploads\/2026\/09\/Alexander-Grey-Together-to-Care.png","articleSection":["Pace e diritti umani"],"inLanguage":"it-IT"},{"@type":"WebPage","@id":"https:\/\/www.unitedworldproject.org\/it\/pace-e-diritti-umani\/together-to-care-una-roadmap-per-costruire-un-futuro-piu-giusto-e-sostenibile\/","url":"https:\/\/www.unitedworldproject.org\/it\/pace-e-diritti-umani\/together-to-care-una-roadmap-per-costruire-un-futuro-piu-giusto-e-sostenibile\/","name":"Together to Care: una roadmap per costruire un futuro pi\u00f9 giusto e sostenibile - United World Project","isPartOf":{"@id":"https:\/\/www.unitedworldproject.org\/it\/#website"},"primaryImageOfPage":{"@id":"https:\/\/www.unitedworldproject.org\/it\/pace-e-diritti-umani\/together-to-care-una-roadmap-per-costruire-un-futuro-piu-giusto-e-sostenibile\/#primaryimage"},"image":{"@id":"https:\/\/www.unitedworldproject.org\/it\/pace-e-diritti-umani\/together-to-care-una-roadmap-per-costruire-un-futuro-piu-giusto-e-sostenibile\/#primaryimage"},"thumbnailUrl":"https:\/\/www.unitedworldproject.org\/wp-content\/uploads\/2026\/09\/Alexander-Grey-Together-to-Care.png","datePublished":"2026-09-03T21:36:06+00:00","dateModified":"2026-09-03T22:03:40+00:00","author":{"@id":"https:\/\/www.unitedworldproject.org\/it\/#\/schema\/person\/5e422fc57d77d69e6b4e36ac59a53201"},"description":"Together to Care \u00e8 un documento che racconta esperienze, progetti e buone pratiche di tutto il mondo che testimoniano l\u2019impegno dei giovani per la cura delle persone, del pianeta e del bene comune.","breadcrumb":{"@id":"https:\/\/www.unitedworldproject.org\/it\/pace-e-diritti-umani\/together-to-care-una-roadmap-per-costruire-un-futuro-piu-giusto-e-sostenibile\/#breadcrumb"},"inLanguage":"it-IT","potentialAction":[{"@type":"ReadAction","target":["https:\/\/www.unitedworldproject.org\/it\/pace-e-diritti-umani\/together-to-care-una-roadmap-per-costruire-un-futuro-piu-giusto-e-sostenibile\/"]}]},{"@type":"ImageObject","inLanguage":"it-IT","@id":"https:\/\/www.unitedworldproject.org\/it\/pace-e-diritti-umani\/together-to-care-una-roadmap-per-costruire-un-futuro-piu-giusto-e-sostenibile\/#primaryimage","url":"https:\/\/www.unitedworldproject.org\/wp-content\/uploads\/2026\/09\/Alexander-Grey-Together-to-Care.png","contentUrl":"https:\/\/www.unitedworldproject.org\/wp-content\/uploads\/2026\/09\/Alexander-Grey-Together-to-Care.png","width":1200,"height":675,"caption":"Alexander Grey - Together to Care"},{"@type":"BreadcrumbList","@id":"https:\/\/www.unitedworldproject.org\/it\/pace-e-diritti-umani\/together-to-care-una-roadmap-per-costruire-un-futuro-piu-giusto-e-sostenibile\/#breadcrumb","itemListElement":[{"@type":"ListItem","position":1,"name":"Home","item":"https:\/\/www.unitedworldproject.org\/it\/"},{"@type":"ListItem","position":2,"name":"Together to Care: una roadmap per costruire un futuro pi\u00f9 giusto e sostenibile"}]},{"@type":"WebSite","@id":"https:\/\/www.unitedworldproject.org\/it\/#website","url":"https:\/\/www.unitedworldproject.org\/it\/","name":"United World Project","description":"Championing fraternity and collaboration worldwide","potentialAction":[{"@type":"SearchAction","target":{"@type":"EntryPoint","urlTemplate":"https:\/\/www.unitedworldproject.org\/it\/?s={search_term_string}"},"query-input":{"@type":"PropertyValueSpecification","valueRequired":true,"valueName":"search_term_string"}}],"inLanguage":"it-IT"},{"@type":"Person","@id":"https:\/\/www.unitedworldproject.org\/it\/#\/schema\/person\/5e422fc57d77d69e6b4e36ac59a53201","name":"anita","image":{"@type":"ImageObject","inLanguage":"it-IT","@id":"https:\/\/secure.gravatar.com\/avatar\/6949a15dd913b50588eec00981bd52d8c6ac8351a258558d372496c670e4ff2c?s=96&d=mm&r=g","url":"https:\/\/secure.gravatar.com\/avatar\/6949a15dd913b50588eec00981bd52d8c6ac8351a258558d372496c670e4ff2c?s=96&d=mm&r=g","contentUrl":"https:\/\/secure.gravatar.com\/avatar\/6949a15dd913b50588eec00981bd52d8c6ac8351a258558d372496c670e4ff2c?s=96&d=mm&r=g","caption":"anita"},"url":"https:\/\/www.unitedworldproject.org\/it\/author\/anita\/"}]}},"_links":{"self":[{"href":"https:\/\/www.unitedworldproject.org\/it\/wp-json\/wp\/v2\/posts\/79160","targetHints":{"allow":["GET"]}}],"collection":[{"href":"https:\/\/www.unitedworldproject.org\/it\/wp-json\/wp\/v2\/posts"}],"about":[{"href":"https:\/\/www.unitedworldproject.org\/it\/wp-json\/wp\/v2\/types\/post"}],"author":[{"embeddable":true,"href":"https:\/\/www.unitedworldproject.org\/it\/wp-json\/wp\/v2\/users\/2"}],"replies":[{"embeddable":true,"href":"https:\/\/www.unitedworldproject.org\/it\/wp-json\/wp\/v2\/comments?post=79160"}],"version-history":[{"count":2,"href":"https:\/\/www.unitedworldproject.org\/it\/wp-json\/wp\/v2\/posts\/79160\/revisions"}],"predecessor-version":[{"id":79169,"href":"https:\/\/www.unitedworldproject.org\/it\/wp-json\/wp\/v2\/posts\/79160\/revisions\/79169"}],"wp:featuredmedia":[{"embeddable":true,"href":"https:\/\/www.unitedworldproject.org\/it\/wp-json\/wp\/v2\/media\/79157"}],"wp:attachment":[{"href":"https:\/\/www.unitedworldproject.org\/it\/wp-json\/wp\/v2\/media?parent=79160"}],"wp:term":[{"taxonomy":"category","embeddable":true,"href":"https:\/\/www.unitedworldproject.org\/it\/wp-json\/wp\/v2\/categories?post=79160"},{"taxonomy":"post_tag","embeddable":true,"href":"https:\/\/www.unitedworldproject.org\/it\/wp-json\/wp\/v2\/tags?post=79160"}],"curies":[{"name":"wp","href":"https:\/\/api.w.org\/{rel}","templated":true}]}}