{"id":76621,"date":"2026-03-13T14:14:36","date_gmt":"2026-03-13T13:14:36","guid":{"rendered":"https:\/\/www.unitedworldproject.org\/?p=76621"},"modified":"2026-03-13T14:24:36","modified_gmt":"2026-03-13T13:24:36","slug":"gabriele-dellotto-o-verdadeiro-super-heroi-e-aquele-que-consegue-vivenciar-o-extraordinario-no-trivial","status":"publish","type":"post","link":"https:\/\/www.unitedworldproject.org\/pt-br\/arte-compromisso-social\/gabriele-dellotto-o-verdadeiro-super-heroi-e-aquele-que-consegue-vivenciar-o-extraordinario-no-trivial\/","title":{"rendered":"Gabriele Dell\u2019Otto: \u201cO verdadeiro super-her\u00f3i \u00e9 aquele que consegue vivenciar o extraordin\u00e1rio no trivial\u201d"},"content":{"rendered":"<p><em>O c\u00e9lebre artista da Marvel e da DC, Gabriele Dell\u2019Otto, convida-nos a refletir sobre o papel dos super-her\u00f3is como construtores de paz. \u00c9 um di\u00e1logo profundo sobre responsabilidade, cidadania e o desafio de vivenciar o extraordin\u00e1rio no trivial.<\/em><\/p>\n<p>As m\u00e3os de Gabriele Dell\u2019Otto pintam imagens extraordin\u00e1rias h\u00e1 anos, com gestos r\u00e1pidos, seguros, cir\u00fargicos. <strong>Gabriele Dell\u2019Otto \u00e9 desenhista, ilustrador e especialista em arte de super-her\u00f3is<\/strong>. Ele \u00e9 um profissional completo, capaz de construir desenhos excepcionais, inclusive para uma obra liter\u00e1ria sobre a Divina Com\u00e9dia, que foi escrita por Franco Nembrini e publicada pela editora italiana Mondadori.<\/p>\n<p>Gabriele <strong>Dell\u2019Otto trabalha (tamb\u00e9m) para a Marvel e para a DC, <\/strong>por isso \u00e9 especialista em super-her\u00f3is. No m\u00eas em que <strong>United World Project<\/strong> se dedica ao tema da arte e do compromisso social, pedimos a ele que nos falasse sobre a <strong>rela\u00e7\u00e3o entre os super-her\u00f3is e a paz<\/strong>. E, de forma mais geral, sobre os valores que eles transmitem no contexto complexo em que vivemos hoje. Gabriele nos recebeu em seu est\u00fadio, em Roma e compartilhou generosamente sua paix\u00e3o e expertise no assunto. Ele fez isso na v\u00e9spera de um evento importante, do qual \u00e9 o protagonista.<\/p>\n<h2>Gabriele, do que se trata?<\/h2>\n<p>De uma exposi\u00e7\u00e3o de obras realizadas por mim \u2013 sessenta, para ser exato \u2013 sobre super-her\u00f3is. Acontecer\u00e1 em Miami, nos Estados Unidos, na sede do Instituto Cultural Italiano. Esse espa\u00e7o j\u00e1 sediou v\u00e1rios eventos relacionados a marcos de excel\u00eancia do nosso pa\u00eds. O t\u00edtulo da exposi\u00e7\u00e3o, que durar\u00e1 at\u00e9 o final de abril, \u00e9 \u201cUma vis\u00e3o italiana dos mitos americanos\u201d. Est\u00e1 ligada \u00e0s hist\u00f3rias em quadrinhos e ao cinema, com obras in\u00e9ditas. \u00c9 uma retrospectiva na qual resumo meu amadurecimento art\u00edstico e humano: o crescimento com que interpretei o tema dos super-her\u00f3is e os valores que eles mencionam.<\/p>\n<h2>Ent\u00e3o, eu lhe pergunto: como os super-her\u00f3is expressaram os valores da paz ao longo do tempo?<\/h2>\n<p>Creio que um momento importante foi o 11 de setembro: uma esp\u00e9cie de chamado \u00e0 responsabilidade para quem trabalha com a m\u00eddia das hist\u00f3rias em quadrinhos. Se \u00e9 verdade que nunca faltou o desejo de criar esperan\u00e7a com os super-her\u00f3is, <strong>ali<\/strong> <strong>aconteceu \u2013 especialmente por parte da Marvel \u2013 um salto na qualidade. <\/strong><\/p>\n<figure id=\"attachment_76613\" aria-describedby=\"caption-attachment-76613\" style=\"width: 689px\" class=\"wp-caption alignnone\"><img loading=\"lazy\" decoding=\"async\" class=\"wp-image-76613 size-large\" src=\"https:\/\/www.unitedworldproject.org\/wp-content\/uploads\/2026\/03\/Gabrielle-DellOtto-3-689x1024.jpg\" alt=\"[\u00a9 Gabrielle Dell'Otto]. All rights reserved.\" width=\"689\" height=\"1024\" srcset=\"https:\/\/www.unitedworldproject.org\/wp-content\/uploads\/2026\/03\/Gabrielle-DellOtto-3-689x1024.jpg 689w, https:\/\/www.unitedworldproject.org\/wp-content\/uploads\/2026\/03\/Gabrielle-DellOtto-3-202x300.jpg 202w, https:\/\/www.unitedworldproject.org\/wp-content\/uploads\/2026\/03\/Gabrielle-DellOtto-3-768x1142.jpg 768w, https:\/\/www.unitedworldproject.org\/wp-content\/uploads\/2026\/03\/Gabrielle-DellOtto-3-1033x1536.jpg 1033w, https:\/\/www.unitedworldproject.org\/wp-content\/uploads\/2026\/03\/Gabrielle-DellOtto-3-1377x2048.jpg 1377w, https:\/\/www.unitedworldproject.org\/wp-content\/uploads\/2026\/03\/Gabrielle-DellOtto-3-scaled.jpg 1722w\" sizes=\"auto, (max-width: 689px) 100vw, 689px\" \/><figcaption id=\"caption-attachment-76613\" class=\"wp-caption-text\">[\u00a9 Gabrielle Dell&#8217;Otto]. All rights reserved.<\/figcaption><\/figure>\n<h2>Como?<\/h2>\n<p>A Marvel trabalha muito com o conceito de continuidade: acompanha as not\u00edcias, o que acontece no mundo real e relata isso em suas hist\u00f3rias. Imediatamente ap\u00f3s a chacina das Torres G\u00eameas, falou sobre essa trag\u00e9dia&#8230;.<\/p>\n<h2>Em dezembro de 2001, com a imagem do Homem-Aranha no local do desastre, at\u00f4nito diante de tanta destrui\u00e7\u00e3o?<\/h2>\n<p>Pode parecer surreal, e na \u00e9poca me pareceu excessivo, uma escolha delicada e arriscada. Com o tempo, por\u00e9m, isso se mostrou correto: pela capacidade de incidir na consci\u00eancia dos leitores. \u00c9 uma opera\u00e7\u00e3o radical, que faz parte do conceito dos super-her\u00f3is, que est\u00e3o sempre trabalhando pela paz. Alguns deles, \u00e9 verdade, buscam a paz mediante batalhas, com a luta f\u00edsica.<\/p>\n<h2>Afinal, como bons super-her\u00f3is&#8230;<\/h2>\n<p>Eles t\u00eam a for\u00e7a e as ferramentas para se engajarem nisso, de uma forma espetacular. H\u00e1 alguns deles, no entanto, os que foram criados para estarem particularmente pr\u00f3ximos do povo, que possuem caracter\u00edsticas particulares. S\u00e3o as exce\u00e7\u00f5es.<\/p>\n<h2>Por exemplo?<\/h2>\n<p><strong>O Homem-Aranha. Um verdadeiro \u00edcone do bem<\/strong>. Um roteirista brincou, certa vez, olhando algumas das minhas ilustra\u00e7\u00f5es: \u201cUm dia eu gostaria de escrever a hist\u00f3ria de um Homem-Aranha que perde o controle, que comete erros, que pratica o mal\u201d. Logo depois, ele acrescentou: \u201cNunca v\u00e3o nos obrigar a fazer isso. O Homem-Aranha \u00e9 intoc\u00e1vel\u201d.<\/p>\n<h2>Em que sentido?<\/h2>\n<p>Ele tem uma estrutura muito definida: no come\u00e7o \u00e9 um garoto do ensino m\u00e9dio, estudioso e muito apegado \u00e0 fam\u00edlia. Ele tem um enorme senso de responsabilidade devido ao trauma pela morte do tio. A partir dessa experi\u00eancia, amadurece nele a consci\u00eancia de que o bem n\u00e3o pode ser obtido passando pelo mal. O Homem-Aranha tem uma atitude voltada para a alegria, a paz, para a vida. Como em <em>Um novo dia<\/em>, por exemplo&#8230;<\/p>\n<h2>Onde acontece o qu\u00ea?<\/h2>\n<p>Mefisto (o diabo) aparece e, para induzir Peter a fazer o que lhe interessa, promete que, se obedec\u00ea-lo, sua tia se salvar\u00e1. O pre\u00e7o a pagar, no entanto, ser\u00e1 a remo\u00e7\u00e3o das mem\u00f3rias do casamento de Peter com Mary Jane. Peter \u2013 tamb\u00e9m porque o diabo nunca conta toda a verdade \u2013 aceita, dando um exemplo de como a vida humana \u00e9 importante para o Homem-Aranha.<\/p>\n<h2>Existem exemplos semelhantes al\u00e9m da Marvel?<\/h2>\n<p>Bem, h\u00e1 o <strong>Superman da DC Comics: encarna\u00e7\u00e3o de um semideus alien\u00edgena que se importa com a humanidade.<\/strong> Ele tamb\u00e9m aspira \u00e0 paz sem cometer viol\u00eancia, e sua miss\u00e3o come\u00e7a com uma hist\u00f3ria semelhante \u00e0 de Peter Park, de Homem-Aranha: Superman n\u00e3o consegue salvar seu pai adotivo, Jonathan Kent, de um ataque card\u00edaco. Isso alimenta seu desejo de se colocar a servi\u00e7o da humanidade e, ao mesmo tempo, d\u00e1 a ele a humildade de n\u00e3o se sentir onipotente apesar dos superpoderes extraordin\u00e1rios.<\/p>\n<h2>Ambos se importam com a fam\u00edlia.<\/h2>\n<p>Ambos <strong>come\u00e7am pelo \u201cpequeno\u201d da fam\u00edlia para expandir ao mundo inteiro a rela\u00e7\u00e3o entre os superpoderes e os valores em que acreditam<\/strong>.<\/p>\n<h2>Podemos dizer que os super-her\u00f3is ajudam na gest\u00e3o dos conflitos? Penso no Homem de Ferro e no Capit\u00e3o Am\u00e9rica.<\/h2>\n<p>Eles buscam a paz em dois lados opostos. Um de forma autorreferencial e o outro, idealizada. Por essa raz\u00e3o,<strong> eles representam modelos dif\u00edceis de aplicar, e h\u00e1 o risco de uma filantropia relativa<\/strong>. Em Guerra Civil, um dos melhores exemplos de filmes de super-her\u00f3is, eles t\u00eam pontos de vista diferentes e posi\u00e7\u00f5es certas e erradas ao mesmo tempo.<\/p>\n<figure id=\"attachment_76611\" aria-describedby=\"caption-attachment-76611\" style=\"width: 1024px\" class=\"wp-caption alignnone\"><img loading=\"lazy\" decoding=\"async\" class=\"size-large wp-image-76611\" src=\"https:\/\/www.unitedworldproject.org\/wp-content\/uploads\/2026\/03\/Gabrielle-DellOtto-Foto-di-Edoardo-Zaccagnini-1024x460.jpg\" alt=\"Gabrielle Dell'Otto - Foto di Edoardo Zaccagnini\" width=\"1024\" height=\"460\" srcset=\"https:\/\/www.unitedworldproject.org\/wp-content\/uploads\/2026\/03\/Gabrielle-DellOtto-Foto-di-Edoardo-Zaccagnini-1024x460.jpg 1024w, https:\/\/www.unitedworldproject.org\/wp-content\/uploads\/2026\/03\/Gabrielle-DellOtto-Foto-di-Edoardo-Zaccagnini-300x135.jpg 300w, https:\/\/www.unitedworldproject.org\/wp-content\/uploads\/2026\/03\/Gabrielle-DellOtto-Foto-di-Edoardo-Zaccagnini-768x345.jpg 768w, https:\/\/www.unitedworldproject.org\/wp-content\/uploads\/2026\/03\/Gabrielle-DellOtto-Foto-di-Edoardo-Zaccagnini-1536x691.jpg 1536w, https:\/\/www.unitedworldproject.org\/wp-content\/uploads\/2026\/03\/Gabrielle-DellOtto-Foto-di-Edoardo-Zaccagnini-2048x921.jpg 2048w\" sizes=\"auto, (max-width: 1024px) 100vw, 1024px\" \/><figcaption id=\"caption-attachment-76611\" class=\"wp-caption-text\">Gabrielle Dell&#8217;Otto &#8211; Foto di Edoardo Zaccagnini<\/figcaption><\/figure>\n<h2>Aqui entramos na complexidade moral dos super-her\u00f3is, com vis\u00f5es parcialmente v\u00e1lidas.<\/h2>\n<p>Com o meu trabalho sobre Dante (Alighieri, poeta e escritor italiano, autor da Divina Com\u00e9dia), entendi uma coisa&#8230;<\/p>\n<h2>Diga&#8230;<\/h2>\n<p>A diferen\u00e7a fundamental entre os super-her\u00f3is e Dante, com sua jornada de purifica\u00e7\u00e3o, \u00e9 que os primeiros, <strong>embora salvando muitas vidas, frequentemente retornam para casa com o arrependimento de n\u00e3o terem salvado mais.<\/strong> Isso quando eles n\u00e3o falham completamente. Eles representam o que acontece com cada um de n\u00f3s, com nossos humores e fracassos, mesmo quando estamos armados de boas inten\u00e7\u00f5es.<\/p>\n<h2>Dante, por outro lado?<\/h2>\n<p><strong>Ele entende que n\u00e3o pode fazer nada al\u00e9m de confiar em quem est\u00e1 acima dele.<\/strong> A diferen\u00e7a entre o Poeta e os super-her\u00f3is, portanto, \u00e9 que Dante entende que, <strong>sozinho, n\u00e3o pode salvar nem a si mesmo.<\/strong><\/p>\n<h2>\u00c9 uma vis\u00e3o que traz Deus de volta ao centro&#8230;<\/h2>\n<p>Os super-her\u00f3is, que nos contam muito sobre a nossa sociedade, n\u00e3o alcan\u00e7am a harmonia plena, enquanto Dante, quando chega \u00e0 presen\u00e7a de Deus, entende que, em sua jornada, tudo fez sentido, deu frutos. \u201cTudo [&#8230;] est\u00e1 desencadernado\u201d<a href=\"#_ftn1\" name=\"_ftnref1\">[1]<\/a>, ele diz. \u00c9 algo que perdemos, e me ocorre que o super-her\u00f3i tamb\u00e9m pode ser interpretado como uma necessidade de divino por parte dos seres humanos<strong>. O verdadeiro super-her\u00f3i \u00e9 aquele que consegue vivenciar o extraordin\u00e1rio no trivial.<\/strong> Ele tamb\u00e9m precisa encontrar paz, antes de tudo dentro de si. Muitos super-her\u00f3is ficam frustrados porque n\u00e3o a alcan\u00e7am. Quando voc\u00ea se depara com algo intranspon\u00edvel \u2013 e isso acontece com todos \u2013, percebe que o seu superpoder n\u00e3o \u00e9 suficiente. Penso naqueles que t\u00eam muito dinheiro, ou uma carreira extraordin\u00e1ria, ou muito poder. Santo Agostinho nos ensina isso h\u00e1 muito tempo: \u201cEis que habitavas dentro de mim, e eu te procurava fora\u201d.<\/p>\n<h2>Buscando sempre fora, corremos o risco de encontrar apenas \u00eddolos&#8230;.<\/h2>\n<p><strong>Isso acontece tamb\u00e9m com super-her\u00f3is. Devemos compreender as mensagens que eles transmitem, mas n\u00e3o os assumir como \u00eddolos absolutos. Temos que saber ler as hist\u00f3rias em quadrinhos (e os filmes que derivam deles) at\u00e9 mesmo nas entrelinhas.<\/strong> Recordo o filme <em>Logan<\/em>, de James Mangold, muito bem constru\u00eddo, focado na busca da figura paterna, dentro de um contexto que lembra que a nossa sociedade desconstruiu essa figura, a ponto de n\u00e3o reconhecer mais seu valor intr\u00ednseco para o crescimento dos mais jovens. \u00c9 um filme de super-her\u00f3is, que nos leva a refletir sobre o quanto as responsabilidades d\u00e3o frutos na vida daqueles que est\u00e3o ao nosso lado.<\/p>\n<h2>Existem obras e obras, ent\u00e3o?<\/h2>\n<p>Claro. O pr\u00f3prio tema da paz, se for abordado mostrando que, para alcan\u00e7\u00e1-la, muitas pessoas s\u00e3o mortas, est\u00e1 sendo transmitido da maneira correta? Sempre deve ser lembrado que, se queremos buscar o bem supremo, n\u00e3o podemos aceitar o mal. Tolkien nos ensina isso com <em>O Senhor dos An\u00e9is<\/em>, mas hoje mensagens desse tipo s\u00e3o pouco transmitidas. Somos chamados a um discernimento dif\u00edcil. <strong>Os super-her\u00f3is podem ser um bom ve\u00edculo, mas depende de quem escreve sobre eles.<\/strong><\/p>\n<h2>Caso contr\u00e1rio, pode-se ter o efeito oposto&#8230;<\/h2>\n<p>O super-her\u00f3i tamb\u00e9m pode ser perigoso em uma idade de crescimento, em que a pessoa ainda n\u00e3o desenvolveu o pensamento cr\u00edtico. As imagens \u2013 uma ferramenta muito poderosa, nas hist\u00f3rias em quadrinhos ou nos filmes \u2013 podem levar a pensar que \u00e9 bom aquilo que n\u00e3o \u00e9 bom.<\/p>\n<h2>\u00c9 importante entender as entrelinhas?<\/h2>\n<p>Com certeza. O mais importante n\u00e3o s\u00e3o as explica\u00e7\u00f5es, mas as mensagens subjacentes. Por exemplo, a s\u00e9rie <em>The Boys<\/em> deve ser vista com cautela: \u00e9 uma abordagem interessante da sociedade, mas ali, al\u00e9m da viol\u00eancia bastante expl\u00edcita, h\u00e1 o risco de transmitir a mensagem que o bem e o mal inevitavelmente acabam por se assemelhar e se misturar.<\/p>\n<h2>Na sua opini\u00e3o, as grandes editoras de super-her\u00f3is est\u00e3o surfando na onda atual?<\/h2>\n<p>Acredito que a busca pelo bem existe nas grandes editoras, mas com as inevit\u00e1veis limita\u00e7\u00f5es inerentes \u00e0 ind\u00fastria. As vendas desempenham um papel importante, e \u00e9 evidente que a Marvel, a DC e outras editoras est\u00e3o atentas ao que se vende. Al\u00e9m disso, hoje, existem restri\u00e7\u00f5es narrativas a serem respeitadas, e a presen\u00e7a de temas inevit\u00e1veis traz o risco de uma padroniza\u00e7\u00e3o. Enquanto outros temas, at\u00e9 importantes, que talvez transmitam verdades, s\u00e3o considerados escandalosos. Paradoxalmente! E isso nos leva a questionar o conceito de inclus\u00e3o.<\/p>\n<p><a href=\"#_ftnref1\" name=\"_ftn1\">[1]<\/a> ALIGHIERI, Dante. Canto XXXIII \u2013 Para\u00edso \u2013 Divina Com\u00e9dia: \u201c<em>Na sua profundidade vi que se re\u00fane,\/ atado com amor em um volume,\/ tudo o que no universo est\u00e1 desencadernado<\/em>\u201d.<\/p>\n<figure id=\"attachment_76612\" aria-describedby=\"caption-attachment-76612\" style=\"width: 1024px\" class=\"wp-caption alignnone\"><img loading=\"lazy\" decoding=\"async\" class=\"wp-image-76612 size-large\" style=\"font-size: 16px;\" src=\"https:\/\/www.unitedworldproject.org\/wp-content\/uploads\/2026\/03\/Gabrielle-DellOtto-1-1024x1024.jpg\" alt=\"[\u00a9 Gabrielle Dell'Otto]. All rights reserved.\" width=\"1024\" height=\"1024\" srcset=\"https:\/\/www.unitedworldproject.org\/wp-content\/uploads\/2026\/03\/Gabrielle-DellOtto-1-1024x1024.jpg 1024w, https:\/\/www.unitedworldproject.org\/wp-content\/uploads\/2026\/03\/Gabrielle-DellOtto-1-300x300.jpg 300w, https:\/\/www.unitedworldproject.org\/wp-content\/uploads\/2026\/03\/Gabrielle-DellOtto-1-150x150.jpg 150w, https:\/\/www.unitedworldproject.org\/wp-content\/uploads\/2026\/03\/Gabrielle-DellOtto-1-768x768.jpg 768w, https:\/\/www.unitedworldproject.org\/wp-content\/uploads\/2026\/03\/Gabrielle-DellOtto-1-1536x1536.jpg 1536w, https:\/\/www.unitedworldproject.org\/wp-content\/uploads\/2026\/03\/Gabrielle-DellOtto-1-2048x2048.jpg 2048w\" sizes=\"auto, (max-width: 1024px) 100vw, 1024px\" \/><figcaption id=\"caption-attachment-76612\" class=\"wp-caption-text\">[\u00a9 Gabrielle Dell&#8217;Otto]. All rights reserved.<\/figcaption><\/figure>\n<h3>Parece que os super-her\u00f3is s\u00e3o materiais a serem manejados com cuidado, com aspectos controversos e nuances que podem esconder armadilhas. Talvez, uma frase sobre a melhor forma de transmitir o tema do super-her\u00f3i continue sendo a do Homem-Aranha: \u201cA cada poder corresponde uma grande responsabilidade\u201d. Seu valor educativo \u00e9 indiscut\u00edvel, voc\u00ea concorda?<\/h3>\n<p>Sim, claro. E vamos voltar ao Super-Homem: a acep\u00e7\u00e3o mais pura do super-her\u00f3i, sem lados sombrios. Em geral, acredito que <strong>os super-her\u00f3is conseguem transmitir mensagens e valores que educam para a paz, e t\u00eam o potencial, com sua energia e o imagin\u00e1rio que criam, de acompanhar crian\u00e7as e jovens. Conhe\u00e7o diretamente hist\u00f3rias de pessoas que encontraram nos super-her\u00f3is est\u00edmulos e ferramentas para lidar com momentos muito delicados. Al\u00e9m disso, h\u00e1 algo que os super-her\u00f3is nos ensinam: a lutar contra a pr\u00f3pria hipocrisia. <\/strong><\/p>\n<h2>\u00datil!<\/h2>\n<p>At\u00e9 mesmo super-her\u00f3is, no entanto, atuam em uma sociedade complicada, que mistifica e est\u00e1 polarizada. Ego\u00edsta e carente de ideais coletivos compartilhados. Uma sociedade onde a paz para alguns \u00e9 guerra para outros, e a verdade \u00e9 facilmente obscurecida e n\u00e3o suficientemente defendida. Como a honestidade. Seria maravilhoso voltarmos a abra\u00e7ar, em breve, ideais que trazem unidade e <a href=\"https:\/\/www.unitedworldproject.org\/pt-br\/arte-compromisso-social\/da-plur1bus-a-this-is-us-series-de-tv-para-falar-sobre-nos\/\">aquelas verdades que beneficiam o ser humano<\/a>. Essa \u00e9 uma quest\u00e3o urgente, que precisa ser abordada em conjunto, sem hipocrisia.<\/p>\n<h2>Faltam hist\u00f3rias nessa dire\u00e7\u00e3o?<\/h2>\n<p>Na verdade, isso \u00e9 falado em \u201cVingadores: Ultimato\u201d, quando <strong>o Homem de Ferro se torna um super-her\u00f3i, profundamente, ao morrer. <\/strong>O sacrif\u00edcio direto produz sua identidade plena, e n\u00e3o \u00e9 por acaso que naquele momento ele diz: \u201cEu sou o Homem de Ferro\u201d. <strong>\u00c9 a conquista \u2013 ao deixar o ego de lado, ao renunciar a todos os interesses pessoais \u2013 da plena identidade de um super-her\u00f3i: eu sou assim porque salvo os outros sacrificando-me, saindo de mim mesmo.<\/strong> Ele sabe que est\u00e1 morrendo e estala os dedos. Para todos n\u00f3s, a busca pela paz, metaforicamente, significa morrer a n\u00f3s mesmos.<\/p>\n<p>&nbsp;<\/p>\n<p><em>[\u00a9 Gabrielle Dell&#8217;Otto]. All rights reserved.<\/em><\/p>\n","protected":false},"excerpt":{"rendered":"<p>O c\u00e9lebre artista da Marvel e da DC, Gabriele Dell\u2019Otto, convida-nos a refletir sobre o papel dos super-her\u00f3is como construtores de paz. \u00c9 um di\u00e1logo profundo sobre responsabilidade, cidadania e o desafio de vivenciar o extraordin\u00e1rio no trivial.<\/p>\n","protected":false},"author":2,"featured_media":76618,"comment_status":"closed","ping_status":"open","sticky":false,"template":"","format":"standard","meta":{"_acf_changed":false,"footnotes":""},"categories":[119],"tags":[],"class_list":["post-76621","post","type-post","status-publish","format-standard","has-post-thumbnail","hentry","category-arte-compromisso-social"],"acf":[],"yoast_head":"<!-- This site is optimized with the Yoast SEO plugin v27.4 - https:\/\/yoast.com\/product\/yoast-seo-wordpress\/ -->\n<title>Gabriele Dell\u2019Otto: \u201cO verdadeiro super-her\u00f3i \u00e9 aquele que consegue vivenciar o extraordin\u00e1rio no trivial\u201d - United World Project<\/title>\n<meta name=\"description\" content=\"O c\u00e9lebre artista da Marvel e da DC, Gabriele Dell\u2019Otto, convida-nos a refletir sobre o papel dos super-her\u00f3is como construtores de paz. \u00c9 um di\u00e1logo profundo sobre responsabilidade, cidadania e o desafio de vivenciar o extraordin\u00e1rio no trivial.\" \/>\n<meta name=\"robots\" content=\"index, follow, max-snippet:-1, max-image-preview:large, max-video-preview:-1\" \/>\n<link rel=\"canonical\" href=\"https:\/\/www.unitedworldproject.org\/pt-br\/arte-compromisso-social\/gabriele-dellotto-o-verdadeiro-super-heroi-e-aquele-que-consegue-vivenciar-o-extraordinario-no-trivial\/\" \/>\n<meta property=\"og:locale\" content=\"pt_BR\" \/>\n<meta property=\"og:type\" content=\"article\" \/>\n<meta property=\"og:title\" content=\"Gabriele Dell\u2019Otto: \u201cO verdadeiro super-her\u00f3i \u00e9 aquele que consegue vivenciar o extraordin\u00e1rio no trivial\u201d - United World Project\" \/>\n<meta property=\"og:description\" content=\"O c\u00e9lebre artista da Marvel e da DC, Gabriele Dell\u2019Otto, convida-nos a refletir sobre o papel dos super-her\u00f3is como construtores de paz. \u00c9 um di\u00e1logo profundo sobre responsabilidade, cidadania e o desafio de vivenciar o extraordin\u00e1rio no trivial.\" \/>\n<meta property=\"og:url\" content=\"https:\/\/www.unitedworldproject.org\/pt-br\/arte-compromisso-social\/gabriele-dellotto-o-verdadeiro-super-heroi-e-aquele-que-consegue-vivenciar-o-extraordinario-no-trivial\/\" \/>\n<meta property=\"og:site_name\" content=\"United World Project\" \/>\n<meta property=\"article:published_time\" content=\"2026-03-13T13:14:36+00:00\" \/>\n<meta property=\"article:modified_time\" content=\"2026-03-13T13:24:36+00:00\" \/>\n<meta property=\"og:image\" content=\"https:\/\/www.unitedworldproject.org\/wp-content\/uploads\/2026\/03\/Gabrielle-DellOtto-.jpg\" \/>\n\t<meta property=\"og:image:width\" content=\"1920\" \/>\n\t<meta property=\"og:image:height\" content=\"1080\" \/>\n\t<meta property=\"og:image:type\" content=\"image\/jpeg\" \/>\n<meta name=\"author\" content=\"anita\" \/>\n<meta name=\"twitter:card\" content=\"summary_large_image\" \/>\n<meta name=\"twitter:label1\" content=\"Escrito por\" \/>\n\t<meta name=\"twitter:data1\" content=\"anita\" \/>\n\t<meta name=\"twitter:label2\" content=\"Est. tempo de leitura\" \/>\n\t<meta name=\"twitter:data2\" content=\"10 minutos\" \/>\n<script type=\"application\/ld+json\" class=\"yoast-schema-graph\">{\"@context\":\"https:\\\/\\\/schema.org\",\"@graph\":[{\"@type\":\"Article\",\"@id\":\"https:\\\/\\\/www.unitedworldproject.org\\\/pt-br\\\/arte-compromisso-social\\\/gabriele-dellotto-o-verdadeiro-super-heroi-e-aquele-que-consegue-vivenciar-o-extraordinario-no-trivial\\\/#article\",\"isPartOf\":{\"@id\":\"https:\\\/\\\/www.unitedworldproject.org\\\/pt-br\\\/arte-compromisso-social\\\/gabriele-dellotto-o-verdadeiro-super-heroi-e-aquele-que-consegue-vivenciar-o-extraordinario-no-trivial\\\/\"},\"author\":{\"name\":\"anita\",\"@id\":\"https:\\\/\\\/www.unitedworldproject.org\\\/pt-br\\\/#\\\/schema\\\/person\\\/5e422fc57d77d69e6b4e36ac59a53201\"},\"headline\":\"Gabriele Dell\u2019Otto: \u201cO verdadeiro super-her\u00f3i \u00e9 aquele que consegue vivenciar o extraordin\u00e1rio no trivial\u201d\",\"datePublished\":\"2026-03-13T13:14:36+00:00\",\"dateModified\":\"2026-03-13T13:24:36+00:00\",\"mainEntityOfPage\":{\"@id\":\"https:\\\/\\\/www.unitedworldproject.org\\\/pt-br\\\/arte-compromisso-social\\\/gabriele-dellotto-o-verdadeiro-super-heroi-e-aquele-que-consegue-vivenciar-o-extraordinario-no-trivial\\\/\"},\"wordCount\":2193,\"image\":{\"@id\":\"https:\\\/\\\/www.unitedworldproject.org\\\/pt-br\\\/arte-compromisso-social\\\/gabriele-dellotto-o-verdadeiro-super-heroi-e-aquele-que-consegue-vivenciar-o-extraordinario-no-trivial\\\/#primaryimage\"},\"thumbnailUrl\":\"https:\\\/\\\/www.unitedworldproject.org\\\/wp-content\\\/uploads\\\/2026\\\/03\\\/Gabrielle-DellOtto-.jpg\",\"articleSection\":[\"Arte e Compromisso Social\"],\"inLanguage\":\"pt-BR\"},{\"@type\":\"WebPage\",\"@id\":\"https:\\\/\\\/www.unitedworldproject.org\\\/pt-br\\\/arte-compromisso-social\\\/gabriele-dellotto-o-verdadeiro-super-heroi-e-aquele-que-consegue-vivenciar-o-extraordinario-no-trivial\\\/\",\"url\":\"https:\\\/\\\/www.unitedworldproject.org\\\/pt-br\\\/arte-compromisso-social\\\/gabriele-dellotto-o-verdadeiro-super-heroi-e-aquele-que-consegue-vivenciar-o-extraordinario-no-trivial\\\/\",\"name\":\"Gabriele Dell\u2019Otto: \u201cO verdadeiro super-her\u00f3i \u00e9 aquele que consegue vivenciar o extraordin\u00e1rio no trivial\u201d - United World Project\",\"isPartOf\":{\"@id\":\"https:\\\/\\\/www.unitedworldproject.org\\\/pt-br\\\/#website\"},\"primaryImageOfPage\":{\"@id\":\"https:\\\/\\\/www.unitedworldproject.org\\\/pt-br\\\/arte-compromisso-social\\\/gabriele-dellotto-o-verdadeiro-super-heroi-e-aquele-que-consegue-vivenciar-o-extraordinario-no-trivial\\\/#primaryimage\"},\"image\":{\"@id\":\"https:\\\/\\\/www.unitedworldproject.org\\\/pt-br\\\/arte-compromisso-social\\\/gabriele-dellotto-o-verdadeiro-super-heroi-e-aquele-que-consegue-vivenciar-o-extraordinario-no-trivial\\\/#primaryimage\"},\"thumbnailUrl\":\"https:\\\/\\\/www.unitedworldproject.org\\\/wp-content\\\/uploads\\\/2026\\\/03\\\/Gabrielle-DellOtto-.jpg\",\"datePublished\":\"2026-03-13T13:14:36+00:00\",\"dateModified\":\"2026-03-13T13:24:36+00:00\",\"author\":{\"@id\":\"https:\\\/\\\/www.unitedworldproject.org\\\/pt-br\\\/#\\\/schema\\\/person\\\/5e422fc57d77d69e6b4e36ac59a53201\"},\"description\":\"O c\u00e9lebre artista da Marvel e da DC, Gabriele Dell\u2019Otto, convida-nos a refletir sobre o papel dos super-her\u00f3is como construtores de paz. \u00c9 um di\u00e1logo profundo sobre responsabilidade, cidadania e o desafio de vivenciar o extraordin\u00e1rio no trivial.\",\"breadcrumb\":{\"@id\":\"https:\\\/\\\/www.unitedworldproject.org\\\/pt-br\\\/arte-compromisso-social\\\/gabriele-dellotto-o-verdadeiro-super-heroi-e-aquele-que-consegue-vivenciar-o-extraordinario-no-trivial\\\/#breadcrumb\"},\"inLanguage\":\"pt-BR\",\"potentialAction\":[{\"@type\":\"ReadAction\",\"target\":[\"https:\\\/\\\/www.unitedworldproject.org\\\/pt-br\\\/arte-compromisso-social\\\/gabriele-dellotto-o-verdadeiro-super-heroi-e-aquele-que-consegue-vivenciar-o-extraordinario-no-trivial\\\/\"]}]},{\"@type\":\"ImageObject\",\"inLanguage\":\"pt-BR\",\"@id\":\"https:\\\/\\\/www.unitedworldproject.org\\\/pt-br\\\/arte-compromisso-social\\\/gabriele-dellotto-o-verdadeiro-super-heroi-e-aquele-que-consegue-vivenciar-o-extraordinario-no-trivial\\\/#primaryimage\",\"url\":\"https:\\\/\\\/www.unitedworldproject.org\\\/wp-content\\\/uploads\\\/2026\\\/03\\\/Gabrielle-DellOtto-.jpg\",\"contentUrl\":\"https:\\\/\\\/www.unitedworldproject.org\\\/wp-content\\\/uploads\\\/2026\\\/03\\\/Gabrielle-DellOtto-.jpg\",\"width\":1920,\"height\":1080,\"caption\":\"[\u00a9 Gabrielle Dell'Otto]. All rights reserved.\"},{\"@type\":\"BreadcrumbList\",\"@id\":\"https:\\\/\\\/www.unitedworldproject.org\\\/pt-br\\\/arte-compromisso-social\\\/gabriele-dellotto-o-verdadeiro-super-heroi-e-aquele-que-consegue-vivenciar-o-extraordinario-no-trivial\\\/#breadcrumb\",\"itemListElement\":[{\"@type\":\"ListItem\",\"position\":1,\"name\":\"Home\",\"item\":\"https:\\\/\\\/www.unitedworldproject.org\\\/pt-br\\\/\"},{\"@type\":\"ListItem\",\"position\":2,\"name\":\"Gabriele Dell\u2019Otto: \u201cO verdadeiro super-her\u00f3i \u00e9 aquele que consegue vivenciar o extraordin\u00e1rio no trivial\u201d\"}]},{\"@type\":\"WebSite\",\"@id\":\"https:\\\/\\\/www.unitedworldproject.org\\\/pt-br\\\/#website\",\"url\":\"https:\\\/\\\/www.unitedworldproject.org\\\/pt-br\\\/\",\"name\":\"United World Project\",\"description\":\"Championing fraternity and collaboration worldwide\",\"potentialAction\":[{\"@type\":\"SearchAction\",\"target\":{\"@type\":\"EntryPoint\",\"urlTemplate\":\"https:\\\/\\\/www.unitedworldproject.org\\\/pt-br\\\/?s={search_term_string}\"},\"query-input\":{\"@type\":\"PropertyValueSpecification\",\"valueRequired\":true,\"valueName\":\"search_term_string\"}}],\"inLanguage\":\"pt-BR\"},{\"@type\":\"Person\",\"@id\":\"https:\\\/\\\/www.unitedworldproject.org\\\/pt-br\\\/#\\\/schema\\\/person\\\/5e422fc57d77d69e6b4e36ac59a53201\",\"name\":\"anita\",\"image\":{\"@type\":\"ImageObject\",\"inLanguage\":\"pt-BR\",\"@id\":\"https:\\\/\\\/secure.gravatar.com\\\/avatar\\\/6949a15dd913b50588eec00981bd52d8c6ac8351a258558d372496c670e4ff2c?s=96&d=mm&r=g\",\"url\":\"https:\\\/\\\/secure.gravatar.com\\\/avatar\\\/6949a15dd913b50588eec00981bd52d8c6ac8351a258558d372496c670e4ff2c?s=96&d=mm&r=g\",\"contentUrl\":\"https:\\\/\\\/secure.gravatar.com\\\/avatar\\\/6949a15dd913b50588eec00981bd52d8c6ac8351a258558d372496c670e4ff2c?s=96&d=mm&r=g\",\"caption\":\"anita\"},\"url\":\"https:\\\/\\\/www.unitedworldproject.org\\\/pt-br\\\/author\\\/anita\\\/\"}]}<\/script>\n<!-- \/ Yoast SEO plugin. -->","yoast_head_json":{"title":"Gabriele Dell\u2019Otto: \u201cO verdadeiro super-her\u00f3i \u00e9 aquele que consegue vivenciar o extraordin\u00e1rio no trivial\u201d - United World Project","description":"O c\u00e9lebre artista da Marvel e da DC, Gabriele Dell\u2019Otto, convida-nos a refletir sobre o papel dos super-her\u00f3is como construtores de paz. \u00c9 um di\u00e1logo profundo sobre responsabilidade, cidadania e o desafio de vivenciar o extraordin\u00e1rio no trivial.","robots":{"index":"index","follow":"follow","max-snippet":"max-snippet:-1","max-image-preview":"max-image-preview:large","max-video-preview":"max-video-preview:-1"},"canonical":"https:\/\/www.unitedworldproject.org\/pt-br\/arte-compromisso-social\/gabriele-dellotto-o-verdadeiro-super-heroi-e-aquele-que-consegue-vivenciar-o-extraordinario-no-trivial\/","og_locale":"pt_BR","og_type":"article","og_title":"Gabriele Dell\u2019Otto: \u201cO verdadeiro super-her\u00f3i \u00e9 aquele que consegue vivenciar o extraordin\u00e1rio no trivial\u201d - United World Project","og_description":"O c\u00e9lebre artista da Marvel e da DC, Gabriele Dell\u2019Otto, convida-nos a refletir sobre o papel dos super-her\u00f3is como construtores de paz. \u00c9 um di\u00e1logo profundo sobre responsabilidade, cidadania e o desafio de vivenciar o extraordin\u00e1rio no trivial.","og_url":"https:\/\/www.unitedworldproject.org\/pt-br\/arte-compromisso-social\/gabriele-dellotto-o-verdadeiro-super-heroi-e-aquele-que-consegue-vivenciar-o-extraordinario-no-trivial\/","og_site_name":"United World Project","article_published_time":"2026-03-13T13:14:36+00:00","article_modified_time":"2026-03-13T13:24:36+00:00","og_image":[{"width":1920,"height":1080,"url":"https:\/\/www.unitedworldproject.org\/wp-content\/uploads\/2026\/03\/Gabrielle-DellOtto-.jpg","type":"image\/jpeg"}],"author":"anita","twitter_card":"summary_large_image","twitter_misc":{"Escrito por":"anita","Est. tempo de leitura":"10 minutos"},"schema":{"@context":"https:\/\/schema.org","@graph":[{"@type":"Article","@id":"https:\/\/www.unitedworldproject.org\/pt-br\/arte-compromisso-social\/gabriele-dellotto-o-verdadeiro-super-heroi-e-aquele-que-consegue-vivenciar-o-extraordinario-no-trivial\/#article","isPartOf":{"@id":"https:\/\/www.unitedworldproject.org\/pt-br\/arte-compromisso-social\/gabriele-dellotto-o-verdadeiro-super-heroi-e-aquele-que-consegue-vivenciar-o-extraordinario-no-trivial\/"},"author":{"name":"anita","@id":"https:\/\/www.unitedworldproject.org\/pt-br\/#\/schema\/person\/5e422fc57d77d69e6b4e36ac59a53201"},"headline":"Gabriele Dell\u2019Otto: \u201cO verdadeiro super-her\u00f3i \u00e9 aquele que consegue vivenciar o extraordin\u00e1rio no trivial\u201d","datePublished":"2026-03-13T13:14:36+00:00","dateModified":"2026-03-13T13:24:36+00:00","mainEntityOfPage":{"@id":"https:\/\/www.unitedworldproject.org\/pt-br\/arte-compromisso-social\/gabriele-dellotto-o-verdadeiro-super-heroi-e-aquele-que-consegue-vivenciar-o-extraordinario-no-trivial\/"},"wordCount":2193,"image":{"@id":"https:\/\/www.unitedworldproject.org\/pt-br\/arte-compromisso-social\/gabriele-dellotto-o-verdadeiro-super-heroi-e-aquele-que-consegue-vivenciar-o-extraordinario-no-trivial\/#primaryimage"},"thumbnailUrl":"https:\/\/www.unitedworldproject.org\/wp-content\/uploads\/2026\/03\/Gabrielle-DellOtto-.jpg","articleSection":["Arte e Compromisso Social"],"inLanguage":"pt-BR"},{"@type":"WebPage","@id":"https:\/\/www.unitedworldproject.org\/pt-br\/arte-compromisso-social\/gabriele-dellotto-o-verdadeiro-super-heroi-e-aquele-que-consegue-vivenciar-o-extraordinario-no-trivial\/","url":"https:\/\/www.unitedworldproject.org\/pt-br\/arte-compromisso-social\/gabriele-dellotto-o-verdadeiro-super-heroi-e-aquele-que-consegue-vivenciar-o-extraordinario-no-trivial\/","name":"Gabriele Dell\u2019Otto: \u201cO verdadeiro super-her\u00f3i \u00e9 aquele que consegue vivenciar o extraordin\u00e1rio no trivial\u201d - United World Project","isPartOf":{"@id":"https:\/\/www.unitedworldproject.org\/pt-br\/#website"},"primaryImageOfPage":{"@id":"https:\/\/www.unitedworldproject.org\/pt-br\/arte-compromisso-social\/gabriele-dellotto-o-verdadeiro-super-heroi-e-aquele-que-consegue-vivenciar-o-extraordinario-no-trivial\/#primaryimage"},"image":{"@id":"https:\/\/www.unitedworldproject.org\/pt-br\/arte-compromisso-social\/gabriele-dellotto-o-verdadeiro-super-heroi-e-aquele-que-consegue-vivenciar-o-extraordinario-no-trivial\/#primaryimage"},"thumbnailUrl":"https:\/\/www.unitedworldproject.org\/wp-content\/uploads\/2026\/03\/Gabrielle-DellOtto-.jpg","datePublished":"2026-03-13T13:14:36+00:00","dateModified":"2026-03-13T13:24:36+00:00","author":{"@id":"https:\/\/www.unitedworldproject.org\/pt-br\/#\/schema\/person\/5e422fc57d77d69e6b4e36ac59a53201"},"description":"O c\u00e9lebre artista da Marvel e da DC, Gabriele Dell\u2019Otto, convida-nos a refletir sobre o papel dos super-her\u00f3is como construtores de paz. \u00c9 um di\u00e1logo profundo sobre responsabilidade, cidadania e o desafio de vivenciar o extraordin\u00e1rio no trivial.","breadcrumb":{"@id":"https:\/\/www.unitedworldproject.org\/pt-br\/arte-compromisso-social\/gabriele-dellotto-o-verdadeiro-super-heroi-e-aquele-que-consegue-vivenciar-o-extraordinario-no-trivial\/#breadcrumb"},"inLanguage":"pt-BR","potentialAction":[{"@type":"ReadAction","target":["https:\/\/www.unitedworldproject.org\/pt-br\/arte-compromisso-social\/gabriele-dellotto-o-verdadeiro-super-heroi-e-aquele-que-consegue-vivenciar-o-extraordinario-no-trivial\/"]}]},{"@type":"ImageObject","inLanguage":"pt-BR","@id":"https:\/\/www.unitedworldproject.org\/pt-br\/arte-compromisso-social\/gabriele-dellotto-o-verdadeiro-super-heroi-e-aquele-que-consegue-vivenciar-o-extraordinario-no-trivial\/#primaryimage","url":"https:\/\/www.unitedworldproject.org\/wp-content\/uploads\/2026\/03\/Gabrielle-DellOtto-.jpg","contentUrl":"https:\/\/www.unitedworldproject.org\/wp-content\/uploads\/2026\/03\/Gabrielle-DellOtto-.jpg","width":1920,"height":1080,"caption":"[\u00a9 Gabrielle Dell'Otto]. All rights reserved."},{"@type":"BreadcrumbList","@id":"https:\/\/www.unitedworldproject.org\/pt-br\/arte-compromisso-social\/gabriele-dellotto-o-verdadeiro-super-heroi-e-aquele-que-consegue-vivenciar-o-extraordinario-no-trivial\/#breadcrumb","itemListElement":[{"@type":"ListItem","position":1,"name":"Home","item":"https:\/\/www.unitedworldproject.org\/pt-br\/"},{"@type":"ListItem","position":2,"name":"Gabriele Dell\u2019Otto: \u201cO verdadeiro super-her\u00f3i \u00e9 aquele que consegue vivenciar o extraordin\u00e1rio no trivial\u201d"}]},{"@type":"WebSite","@id":"https:\/\/www.unitedworldproject.org\/pt-br\/#website","url":"https:\/\/www.unitedworldproject.org\/pt-br\/","name":"United World Project","description":"Championing fraternity and collaboration worldwide","potentialAction":[{"@type":"SearchAction","target":{"@type":"EntryPoint","urlTemplate":"https:\/\/www.unitedworldproject.org\/pt-br\/?s={search_term_string}"},"query-input":{"@type":"PropertyValueSpecification","valueRequired":true,"valueName":"search_term_string"}}],"inLanguage":"pt-BR"},{"@type":"Person","@id":"https:\/\/www.unitedworldproject.org\/pt-br\/#\/schema\/person\/5e422fc57d77d69e6b4e36ac59a53201","name":"anita","image":{"@type":"ImageObject","inLanguage":"pt-BR","@id":"https:\/\/secure.gravatar.com\/avatar\/6949a15dd913b50588eec00981bd52d8c6ac8351a258558d372496c670e4ff2c?s=96&d=mm&r=g","url":"https:\/\/secure.gravatar.com\/avatar\/6949a15dd913b50588eec00981bd52d8c6ac8351a258558d372496c670e4ff2c?s=96&d=mm&r=g","contentUrl":"https:\/\/secure.gravatar.com\/avatar\/6949a15dd913b50588eec00981bd52d8c6ac8351a258558d372496c670e4ff2c?s=96&d=mm&r=g","caption":"anita"},"url":"https:\/\/www.unitedworldproject.org\/pt-br\/author\/anita\/"}]}},"_links":{"self":[{"href":"https:\/\/www.unitedworldproject.org\/pt-br\/wp-json\/wp\/v2\/posts\/76621","targetHints":{"allow":["GET"]}}],"collection":[{"href":"https:\/\/www.unitedworldproject.org\/pt-br\/wp-json\/wp\/v2\/posts"}],"about":[{"href":"https:\/\/www.unitedworldproject.org\/pt-br\/wp-json\/wp\/v2\/types\/post"}],"author":[{"embeddable":true,"href":"https:\/\/www.unitedworldproject.org\/pt-br\/wp-json\/wp\/v2\/users\/2"}],"replies":[{"embeddable":true,"href":"https:\/\/www.unitedworldproject.org\/pt-br\/wp-json\/wp\/v2\/comments?post=76621"}],"version-history":[{"count":6,"href":"https:\/\/www.unitedworldproject.org\/pt-br\/wp-json\/wp\/v2\/posts\/76621\/revisions"}],"predecessor-version":[{"id":76737,"href":"https:\/\/www.unitedworldproject.org\/pt-br\/wp-json\/wp\/v2\/posts\/76621\/revisions\/76737"}],"wp:featuredmedia":[{"embeddable":true,"href":"https:\/\/www.unitedworldproject.org\/pt-br\/wp-json\/wp\/v2\/media\/76618"}],"wp:attachment":[{"href":"https:\/\/www.unitedworldproject.org\/pt-br\/wp-json\/wp\/v2\/media?parent=76621"}],"wp:term":[{"taxonomy":"category","embeddable":true,"href":"https:\/\/www.unitedworldproject.org\/pt-br\/wp-json\/wp\/v2\/categories?post=76621"},{"taxonomy":"post_tag","embeddable":true,"href":"https:\/\/www.unitedworldproject.org\/pt-br\/wp-json\/wp\/v2\/tags?post=76621"}],"curies":[{"name":"wp","href":"https:\/\/api.w.org\/{rel}","templated":true}]}}