{"id":79162,"date":"2026-09-03T23:36:06","date_gmt":"2026-09-03T21:36:06","guid":{"rendered":"https:\/\/www.unitedworldproject.org\/?p=79162"},"modified":"2026-09-04T00:04:56","modified_gmt":"2026-09-03T22:04:56","slug":"together-to-care-um-roteiro-para-construir-um-futuro-mais-justo-e-sustentavel","status":"publish","type":"post","link":"https:\/\/www.unitedworldproject.org\/pt-br\/paz-direitos-humanos\/together-to-care-um-roteiro-para-construir-um-futuro-mais-justo-e-sustentavel\/","title":{"rendered":"Together to Care: um roteiro para construir um futuro mais justo e sustent\u00e1vel"},"content":{"rendered":"<p><em>Together to Care <\/em>(Juntos para cuidar) <em>\u00e9 um documento que apresenta experi\u00eancias, projetos e boas pr\u00e1ticas de todas as partes do mundo, testemunhando o compromisso dos jovens no cuidado com as pessoas, o planeta e o bem comum.<\/em><\/p>\n<p>H\u00e1 uma beleza que transmite for\u00e7a e esperan\u00e7a na publica\u00e7\u00e3o do documento <strong><em>Together to Care: for our human family and our common home<\/em><\/strong> (<em>Juntos para Cuidar: pela nossa fam\u00edlia humana e a nossa casa comum<\/em>). Ele foi elaborado pelos <strong>Jovens por um Mundo Unido do Movimento dos Focolares <\/strong><strong>(Y4UW, <\/strong><strong>um dos promotores do United World <\/strong><strong>Project),<\/strong> e \u00e9 um relat\u00f3rio sobre o trabalho desses jovens em conjunto com a<strong> ONG New Humanity<\/strong> e com o pr\u00f3prio <strong>Movimento dos Focolares<\/strong>, cerca de um ano ap\u00f3s o <strong>Genfest <\/strong>que reuniu no Brasil, em 2024, mais de 6 mil Jovens por um Mundo Unido. Muitas das iniciativas descritas no documento <strong><em>Together to Care<\/em><\/strong> surgiram dessa iniciativa.<\/p>\n<p>Com o<strong><em> Together to Care<\/em><\/strong>, <strong>os<\/strong> <strong>Jovens por um Mundo Unido reafirmam seu compromisso com a paz, a <\/strong><strong>fraternidade universal, a dignidade humana e o cuidado com a natureza. <\/strong>Eles come\u00e7am agradecendo, como j\u00e1 haviam feito em uma carta de outubro de 2024, ao Secret\u00e1rio-Geral das Na\u00e7\u00f5es Unidas, Ant\u00f3nio Guterres, pelo seu compromisso em favor dos jovens e por sua lideran\u00e7a no enfrentamento dos desafios globais.<\/p>\n<p>Nas Na\u00e7\u00f5es Unidas, cujo apoio os Y4UW reconhecem, esses jovens reafirmam o seu desejo de oferecer uma contribui\u00e7\u00e3o. Unem-se a eles para construir um mundo mais sustent\u00e1vel, equitativo e pac\u00edfico, em conson\u00e2ncia com as vis\u00f5es expressas no Pacto para o Futuro (Resolu\u00e7\u00e3o A\/RES\/79\/1) e na Declara\u00e7\u00e3o sobre as Gera\u00e7\u00f5es Futuras.<\/p>\n<p><strong><em>Juntos para cuidar <\/em><\/strong>tamb\u00e9m fala sobre as comunidades locais espalhadas pelo mundo e sobre a rede global e intergeracional de pessoas ligadas ao Movimento dos Focolares. Em diversos contextos, essas comunidades vivem e trabalham em prol do bem comum, <strong>inspirando-se na Regra de Ouro: \u201cFa\u00e7a aos outros o que gostaria que fizessem a voc\u00ea\u201d.<\/strong><\/p>\n<h2>As tr\u00eas se\u00e7\u00f5es de <em>Juntos para Cuidar<\/em> e as palavras de Chiara Lubich<\/h2>\n<p>O documento <strong><em>Juntos para Cuidar<\/em><\/strong> \u00e9 dividido em tr\u00eas se\u00e7\u00f5es: <strong><em>Work Together, Build Together, Dream Together<\/em> <\/strong>(<em>Trabalhar Juntos, Construir Juntos, Sonhar Juntos<\/em>). Assim estruturado, ele mostra que,<strong> no mundo todo, muitas pessoas j\u00e1 est\u00e3o empenhadas em construir um mundo unido, de v\u00e1rias maneiras. <\/strong>Cada comunidade, explicam, enfrenta necessidades concretas, valorizando talentos e capacidades, na convic\u00e7\u00e3o de que o amor fraterno \u00e9 a resposta aos desafios do mundo atual.<\/p>\n<figure id=\"attachment_79149\" aria-describedby=\"caption-attachment-79149\" style=\"width: 1024px\" class=\"wp-caption alignnone\"><img loading=\"lazy\" decoding=\"async\" class=\"size-large wp-image-79149\" src=\"https:\/\/www.unitedworldproject.org\/wp-content\/uploads\/2026\/09\/Together-to-Care-1024x576.png\" alt=\"Together to Care\" width=\"1024\" height=\"576\" srcset=\"https:\/\/www.unitedworldproject.org\/wp-content\/uploads\/2026\/09\/Together-to-Care-1024x576.png 1024w, https:\/\/www.unitedworldproject.org\/wp-content\/uploads\/2026\/09\/Together-to-Care-300x169.png 300w, https:\/\/www.unitedworldproject.org\/wp-content\/uploads\/2026\/09\/Together-to-Care-768x432.png 768w, https:\/\/www.unitedworldproject.org\/wp-content\/uploads\/2026\/09\/Together-to-Care.png 1200w\" sizes=\"auto, (max-width: 1024px) 100vw, 1024px\" \/><figcaption id=\"caption-attachment-79149\" class=\"wp-caption-text\">Together to Care<\/figcaption><\/figure>\n<p>Chiara Lubich, fundadora do Movimento dos Focolares, disse estas palavras: \u201c\u00c9 a partir dos pequenos problemas locais que se forma uma consci\u00eancia moral capaz de enfrentar os problemas globais\u201d.<\/p>\n<h2>O trabalho das <em>Communities<\/em><\/h2>\n<p>O documento apresenta, na se\u00e7\u00e3o \u201cWork Together to Care\u201d (Trabalhar juntos para cuidar), <a href=\"https:\/\/www.unitedworldproject.org\/pt-br\/community\/\">as iniciativas das United World Communities (Comunidades Mundo Unido), um dos pilares de United World Project<\/a>. Lan\u00e7adas durante o Genfest de 2024, essas iniciativas re\u00fanem os membros dos <strong>Jovens por um Mundo Unido<\/strong> (Y4UW) e de <strong>New Humanity<\/strong> em uma rede global que abrange os cinco continentes: uma rede ativa em oito \u00e1reas essenciais da vida humana:<\/p>\n<ul>\n<li>Economia e trabalho<\/li>\n<li>Interculturalidade e di\u00e1logo<\/li>\n<li>Paz e direitos humanos<\/li>\n<li>Sa\u00fade, esporte e ecologia<\/li>\n<li>Arte e compromisso social<\/li>\n<li>Educa\u00e7\u00e3o e pesquisa<\/li>\n<li>Comunica\u00e7\u00e3o e m\u00eddia<\/li>\n<li>Cidadania ativa e pol\u00edtica<\/li>\n<\/ul>\n<p>As <em>communities<\/em> oferecem a possibilidade de contribuir para um mundo unido cada vez mais unido, fraterno e sustent\u00e1vel, colocando em a\u00e7\u00e3o as pr\u00f3prias paix\u00f5es, os talentos e as inclina\u00e7\u00f5es pessoais. O trabalho das <em>communities<\/em> une culturas, cren\u00e7as e gera\u00e7\u00f5es diferentes, promovendo mudan\u00e7as reais a partir das realidades locais.<\/p>\n<h3>Identidade e objetivos das oito <em>communities<\/em><\/h3>\n<p>A <strong>Comunidade<\/strong> <strong>Economia e Trabalho <\/strong>promove <strong>uma economia justa e sustent\u00e1vel<\/strong>, que valoriza as pessoas e o planeta por meio de iniciativas voltadas ao trabalho digno e \u00e0 inclus\u00e3o social. O documento menciona a <em>Liber\u00f9 dae sa Gherra<\/em>, uma associa\u00e7\u00e3o na Sardenha (It\u00e1lia) que promove a economia recusando-se a produzir armas.<\/p>\n<p>A <strong>Comunidade<\/strong> <strong>Interculturalidade e Di\u00e1logo <\/strong>promove o encontro entre pessoas de diversas culturas, religi\u00f5es e tradi\u00e7\u00f5es, incentivando a <strong>compreens\u00e3o rec\u00edproca, a coopera\u00e7\u00e3o e a constru\u00e7\u00e3o de sociedades inclusivas<\/strong>.<\/p>\n<p>A <strong>Comunidade Paz e Direitos Humanos <\/strong>atua em favor <strong>da<\/strong> <strong>justi\u00e7a, da reconcilia\u00e7\u00e3o e do respeito pela dignidade de cada pessoa. <\/strong><\/p>\n<p>A <strong>Comunidade Sa\u00fade, Esporte e Ecologia<\/strong> promove um estilo de vida saud\u00e1vel e sustent\u00e1vel, reconhecendo o <strong>v\u00ednculo profundo entre o bem-estar pessoal, as rela\u00e7\u00f5es sociais e a prote\u00e7\u00e3o do meio ambiente<\/strong>. Por meio de atividades esportivas, programas de preven\u00e7\u00e3o em sa\u00fade e projetos ecol\u00f3gicos, incentiva comportamentos respons\u00e1veis em rela\u00e7\u00e3o a si mesmos, aos outros e ao planeta.<\/p>\n<p>A <strong>Comunidade Arte e Empenho Social<\/strong> valoriza o poder expressivo das <strong>artes como ferramenta para a transforma\u00e7\u00e3o pessoal e coletiva. <\/strong>M\u00fasica, teatro, artes visuais e outras formas criativas s\u00e3o utilizadas para conscientizar sobre as quest\u00f5es sociais, promover a inclus\u00e3o e dar voz \u00e0s experi\u00eancias das comunidades.<\/p>\n<p>A <strong>Comunidade Educa\u00e7\u00e3o e Pesquisa<\/strong> promove programas de forma\u00e7\u00e3o e projetos de estudo <strong>voltados para o desenvolvimento integral da pessoa<\/strong>.<\/p>\n<p>A <strong>Comunidade Comunica\u00e7\u00e3o e M\u00eddia <\/strong>trabalha para difundir uma <strong>cultura da informa\u00e7\u00e3o \u00e9tica, respons\u00e1vel e participativa. <\/strong>Por meio de oficinas de jornalismo, plataformas digitais e projetos editoriais, os jovens s\u00e3o formados para utilizar os meios de comunica\u00e7\u00e3o como instrumentos de di\u00e1logo, verdade e constru\u00e7\u00e3o da paz.<\/p>\n<p>A <strong>Comunidade Cidadania Ativa e Pol\u00edtica<\/strong>, por sua vez, incentiva <strong>o engajamento respons\u00e1vel na vida p\u00fablica e nos processos decis\u00f3rios. <\/strong>Promove a participa\u00e7\u00e3o dos jovens em institui\u00e7\u00f5es locais e nacionais, o di\u00e1logo com os respons\u00e1veis pelas decis\u00f5es pol\u00edticas e a forma\u00e7\u00e3o de uma lideran\u00e7a orientada para o servi\u00e7o. A a\u00e7\u00e3o pol\u00edtica \u00e9 entendida como express\u00e3o de corresponsabilidade pelo bem comum.<\/p>\n<h2>\u201cBuild Together to Care\u201d (Construir Juntos para Cuidar)<\/h2>\n<p>O <strong>documento<em> Toghether to Care <\/em><\/strong>aborda tamb\u00e9m a se\u00e7\u00e3o \u201cBuild\u201d (Construir), que apresenta as principais iniciativas internacionais promovidas para fortalecer o di\u00e1logo, a coopera\u00e7\u00e3o e a forma\u00e7\u00e3o de redes globais empenhadas na constru\u00e7\u00e3o de um mundo mais justo e sustent\u00e1vel.<\/p>\n<p>Entre eles, destaca-se o \u201c<strong>Congresso Internacional sobre Sustentabilidade Relacional\u201d,<\/strong> realizado simultaneamente em Roma, na It\u00e1lia, e em C\u00f3rdoba, na Argentina, em outubro de 2024, que reuniu estudiosos, agentes sociais e jovens provenientes de diversos contextos culturais.<\/p>\n<p>Houve tamb\u00e9m o \u201c<strong>Cities, Communities, Care. Youth in Action for Sustaining Peace<\/strong>\u201d (Cidades, Comunidades, Cuidado. Juventude em a\u00e7\u00e3o para manter a paz), em Nair\u00f3bi, no Qu\u00eania, concebido como uma contribui\u00e7\u00e3o significativa para o 80\u00ba anivers\u00e1rio das Na\u00e7\u00f5es Unidas. O evento internacional, que ocorreu de 10 a 12 de novembro de 2025, reuniu 200 jovens agentes de mudan\u00e7a, vindos da \u00c1frica e de outros continentes.<\/p>\n<p>Outro evento importante foi \u201c<strong>Raising Hope: Shared Hope for Climate Justice<\/strong>\u201d (Cultivando a Esperan\u00e7a: uma esperan\u00e7a compartilhada pela justi\u00e7a clim\u00e1tica), realizado em Castel Gandolfo, na It\u00e1lia. O encontro, dedicado ao tema da justi\u00e7a clim\u00e1tica, inseriu-se no contexto das celebra\u00e7\u00f5es do d\u00e9cimo anivers\u00e1rio da enc\u00edclica <em>Laudato si&#8217;<\/em>, como um espa\u00e7o de reflex\u00e3o, di\u00e1logo e compromisso comum com a prote\u00e7\u00e3o da cria\u00e7\u00e3o.<\/p>\n<p>Outro momento precioso foi o \u201c<strong>Projeto Amazonia Viva: uma jornada rumo \u00e0 COP30<\/strong>\u201d, em Bel\u00e9m, no Brasil. Esse projeto representa um percurso de acompanhamento rumo \u00e0 Confer\u00eancia das Partes COP30 e se divide em tr\u00eas eixos principais de atua\u00e7\u00e3o: promover a lideran\u00e7a comunit\u00e1ria, promover o empreendedorismo comunit\u00e1rio e dar maior visibilidade \u00e1s vozes amaz\u00f4nicas por meio de f\u00f3runs e redes.<\/p>\n<p>Outra iniciativa a ser destacada foi o encontro \u201c<strong>Banzeiro na Maloca Ecum\u00eanica: Viver Bem Amaz\u00f4nico<\/strong>\u201d, organizado com v\u00e1rios parceiros e inspirado na <em>Laudato si&#8217;<\/em>, com o objetivo de promover o di\u00e1logo inter-religioso, o interc\u00e2mbio cultural e a reflex\u00e3o sobre a resili\u00eancia econ\u00f4mica e a justi\u00e7a clim\u00e1tica.<\/p>\n<p>Por fim, encontra-se \u201c<strong>Onde Humanity, One Planet: Synodal Leadership<\/strong>\u201d (Uma Humanidade, Um Planeta: Lideran\u00e7a Sinodal), um programa internacional concebido como um laborat\u00f3rio global de forma\u00e7\u00e3o pol\u00edtica e social.<\/p>\n<h2>\u201cDream Together to Care\u201d (Sonhar Juntos para Cuidar)<\/h2>\n<p>A terceira se\u00e7\u00e3o do documento <em>Together to Care<\/em> \u00e9 \u201cDream\u201d (Sonhar), intitulada \u201cOlhando para o futuro: rumo \u00e0 sustentabilidade relacional\u201d. Essa se\u00e7\u00e3o reafirma o compromisso com o reconhecimento da sustentabilidade relacional como princ\u00edpio central do bem comum e com a cria\u00e7\u00e3o de um F\u00f3rum da ONU de alto n\u00edvel dedicado aos jovens.<\/p>\n<p>O documento reconhece as dificuldades da ordem institucional internacional atual, marcada por guerras, carestia, mudan\u00e7as clim\u00e1ticas e viola\u00e7\u00f5es sistem\u00e1ticas dos direitos humanos. Diante desses desafios, reafirma-se a import\u00e2ncia do di\u00e1logo, da responsabilidade e do compromisso pessoal e profissional de cada pessoa. O documento <strong>expressa o desejo de contribuir para um multilateralismo \u201cde baixo para cima\u201d, fundamentado na a\u00e7\u00e3o da sociedade civil, dos Movimentos e das ONGs.<\/strong><\/p>\n<h2>As conclus\u00f5es de Juntos para Cuidar<\/h2>\n<p>O documento reafirma o compromisso dos <strong>Jovens por um Mundo Unido<\/strong> com o apoio da <strong>New Humanity<\/strong> e do <strong>Movimento Pol\u00edtico pela Unidade<\/strong>, por meio de United World Project (Projeto Mundo Unido), em um contexto marcado por desafios complexos.<\/p>\n<p><strong><em>Together to Care <\/em><\/strong>ressalta que a teoria n\u00e3o \u00e9 suficiente: a mudan\u00e7a real nasce da a\u00e7\u00e3o conjunta de pessoas, comunidades e institui\u00e7\u00f5es.<\/p>\n<p><strong>As experi\u00eancias intergeracionais, as parcerias e os projetos apresentados demonstram que um mundo unido n\u00e3o s\u00f3 \u00e9 poss\u00edvel, mas j\u00e1 est\u00e1 sendo constru\u00eddo. <\/strong>Cada iniciativa das <strong><em>United World Communities<\/em><\/strong> contribui para a cria\u00e7\u00e3o de sociedades resilientes, inclusivas e vitais.<\/p>\n<h3><a href=\"https:\/\/www.unitedworldproject.org\/wp-content\/uploads\/2026\/09\/Together-to-care-report-2025-Digital.pdf\" target=\"_blank\" rel=\"noopener\">Leia o documento completo aqui<\/a><\/h3>\n","protected":false},"excerpt":{"rendered":"<p>Together to Care (Juntos para cuidar) \u00e9 um documento que apresenta experi\u00eancias, projetos e boas pr\u00e1ticas de todas as partes do mundo, testemunhando o compromisso dos jovens no cuidado com as pessoas, o planeta e o bem comum.<\/p>\n","protected":false},"author":2,"featured_media":79159,"comment_status":"closed","ping_status":"open","sticky":false,"template":"","format":"standard","meta":{"_acf_changed":false,"footnotes":""},"categories":[124],"tags":[],"class_list":["post-79162","post","type-post","status-publish","format-standard","has-post-thumbnail","hentry","category-paz-direitos-humanos"],"acf":[],"yoast_head":"<!-- This site is optimized with the Yoast SEO plugin v28.4 - https:\/\/yoast.com\/product\/yoast-seo-wordpress\/ -->\n<title>Together to Care: um roteiro para construir um futuro mais justo e sustent\u00e1vel - United World Project<\/title>\n<meta name=\"description\" content=\"Together to Care (Juntos para cuidar) \u00e9 um documento que apresenta experi\u00eancias, projetos e boas pr\u00e1ticas de todas as partes do mundo, testemunhando o compromisso dos jovens no cuidado com as pessoas, o planeta e o bem comum.\" \/>\n<meta name=\"robots\" content=\"index, follow, max-snippet:-1, max-image-preview:large, max-video-preview:-1\" \/>\n<link rel=\"canonical\" href=\"https:\/\/www.unitedworldproject.org\/pt-br\/paz-direitos-humanos\/together-to-care-um-roteiro-para-construir-um-futuro-mais-justo-e-sustentavel\/\" \/>\n<meta property=\"og:locale\" content=\"pt_BR\" \/>\n<meta property=\"og:type\" content=\"article\" \/>\n<meta property=\"og:title\" content=\"Together to Care: um roteiro para construir um futuro mais justo e sustent\u00e1vel - United World Project\" \/>\n<meta property=\"og:description\" content=\"Together to Care (Juntos para cuidar) \u00e9 um documento que apresenta experi\u00eancias, projetos e boas pr\u00e1ticas de todas as partes do mundo, testemunhando o compromisso dos jovens no cuidado com as pessoas, o planeta e o bem comum.\" \/>\n<meta property=\"og:url\" content=\"https:\/\/www.unitedworldproject.org\/pt-br\/paz-direitos-humanos\/together-to-care-um-roteiro-para-construir-um-futuro-mais-justo-e-sustentavel\/\" \/>\n<meta property=\"og:site_name\" content=\"United World Project\" \/>\n<meta property=\"article:published_time\" content=\"2026-09-03T21:36:06+00:00\" \/>\n<meta property=\"article:modified_time\" content=\"2026-09-03T22:04:56+00:00\" \/>\n<meta property=\"og:image\" content=\"https:\/\/www.unitedworldproject.org\/wp-content\/uploads\/2026\/09\/Alexander-Grey-Together-to-Care.png\" \/>\n\t<meta property=\"og:image:width\" content=\"1200\" \/>\n\t<meta property=\"og:image:height\" content=\"675\" \/>\n\t<meta property=\"og:image:type\" content=\"image\/png\" \/>\n<meta name=\"author\" content=\"anita\" \/>\n<meta name=\"twitter:card\" content=\"summary_large_image\" \/>\n<meta name=\"twitter:label1\" content=\"Escrito por\" \/>\n\t<meta name=\"twitter:data1\" content=\"anita\" \/>\n\t<meta name=\"twitter:label2\" content=\"Est. tempo de leitura\" \/>\n\t<meta name=\"twitter:data2\" content=\"7 minutos\" \/>\n<script type=\"application\/ld+json\" class=\"yoast-schema-graph\">{\"@context\":\"https:\\\/\\\/schema.org\",\"@graph\":[{\"@type\":\"Article\",\"@id\":\"https:\\\/\\\/www.unitedworldproject.org\\\/pt-br\\\/paz-direitos-humanos\\\/together-to-care-um-roteiro-para-construir-um-futuro-mais-justo-e-sustentavel\\\/#article\",\"isPartOf\":{\"@id\":\"https:\\\/\\\/www.unitedworldproject.org\\\/pt-br\\\/paz-direitos-humanos\\\/together-to-care-um-roteiro-para-construir-um-futuro-mais-justo-e-sustentavel\\\/\"},\"author\":{\"name\":\"anita\",\"@id\":\"https:\\\/\\\/www.unitedworldproject.org\\\/pt-br\\\/#\\\/schema\\\/person\\\/5e422fc57d77d69e6b4e36ac59a53201\"},\"headline\":\"Together to Care: um roteiro para construir um futuro mais justo e sustent\u00e1vel\",\"datePublished\":\"2026-09-03T21:36:06+00:00\",\"dateModified\":\"2026-09-03T22:04:56+00:00\",\"mainEntityOfPage\":{\"@id\":\"https:\\\/\\\/www.unitedworldproject.org\\\/pt-br\\\/paz-direitos-humanos\\\/together-to-care-um-roteiro-para-construir-um-futuro-mais-justo-e-sustentavel\\\/\"},\"wordCount\":1686,\"image\":{\"@id\":\"https:\\\/\\\/www.unitedworldproject.org\\\/pt-br\\\/paz-direitos-humanos\\\/together-to-care-um-roteiro-para-construir-um-futuro-mais-justo-e-sustentavel\\\/#primaryimage\"},\"thumbnailUrl\":\"https:\\\/\\\/www.unitedworldproject.org\\\/wp-content\\\/uploads\\\/2026\\\/09\\\/Alexander-Grey-Together-to-Care.png\",\"articleSection\":[\"Paz e Direitos Humanos\"],\"inLanguage\":\"pt-BR\"},{\"@type\":\"WebPage\",\"@id\":\"https:\\\/\\\/www.unitedworldproject.org\\\/pt-br\\\/paz-direitos-humanos\\\/together-to-care-um-roteiro-para-construir-um-futuro-mais-justo-e-sustentavel\\\/\",\"url\":\"https:\\\/\\\/www.unitedworldproject.org\\\/pt-br\\\/paz-direitos-humanos\\\/together-to-care-um-roteiro-para-construir-um-futuro-mais-justo-e-sustentavel\\\/\",\"name\":\"Together to Care: um roteiro para construir um futuro mais justo e sustent\u00e1vel - United World Project\",\"isPartOf\":{\"@id\":\"https:\\\/\\\/www.unitedworldproject.org\\\/pt-br\\\/#website\"},\"primaryImageOfPage\":{\"@id\":\"https:\\\/\\\/www.unitedworldproject.org\\\/pt-br\\\/paz-direitos-humanos\\\/together-to-care-um-roteiro-para-construir-um-futuro-mais-justo-e-sustentavel\\\/#primaryimage\"},\"image\":{\"@id\":\"https:\\\/\\\/www.unitedworldproject.org\\\/pt-br\\\/paz-direitos-humanos\\\/together-to-care-um-roteiro-para-construir-um-futuro-mais-justo-e-sustentavel\\\/#primaryimage\"},\"thumbnailUrl\":\"https:\\\/\\\/www.unitedworldproject.org\\\/wp-content\\\/uploads\\\/2026\\\/09\\\/Alexander-Grey-Together-to-Care.png\",\"datePublished\":\"2026-09-03T21:36:06+00:00\",\"dateModified\":\"2026-09-03T22:04:56+00:00\",\"author\":{\"@id\":\"https:\\\/\\\/www.unitedworldproject.org\\\/pt-br\\\/#\\\/schema\\\/person\\\/5e422fc57d77d69e6b4e36ac59a53201\"},\"description\":\"Together to Care (Juntos para cuidar) \u00e9 um documento que apresenta experi\u00eancias, projetos e boas pr\u00e1ticas de todas as partes do mundo, testemunhando o compromisso dos jovens no cuidado com as pessoas, o planeta e o bem comum.\",\"breadcrumb\":{\"@id\":\"https:\\\/\\\/www.unitedworldproject.org\\\/pt-br\\\/paz-direitos-humanos\\\/together-to-care-um-roteiro-para-construir-um-futuro-mais-justo-e-sustentavel\\\/#breadcrumb\"},\"inLanguage\":\"pt-BR\",\"potentialAction\":[{\"@type\":\"ReadAction\",\"target\":[\"https:\\\/\\\/www.unitedworldproject.org\\\/pt-br\\\/paz-direitos-humanos\\\/together-to-care-um-roteiro-para-construir-um-futuro-mais-justo-e-sustentavel\\\/\"]}]},{\"@type\":\"ImageObject\",\"inLanguage\":\"pt-BR\",\"@id\":\"https:\\\/\\\/www.unitedworldproject.org\\\/pt-br\\\/paz-direitos-humanos\\\/together-to-care-um-roteiro-para-construir-um-futuro-mais-justo-e-sustentavel\\\/#primaryimage\",\"url\":\"https:\\\/\\\/www.unitedworldproject.org\\\/wp-content\\\/uploads\\\/2026\\\/09\\\/Alexander-Grey-Together-to-Care.png\",\"contentUrl\":\"https:\\\/\\\/www.unitedworldproject.org\\\/wp-content\\\/uploads\\\/2026\\\/09\\\/Alexander-Grey-Together-to-Care.png\",\"width\":1200,\"height\":675,\"caption\":\"Alexander Grey - Together to Care\"},{\"@type\":\"BreadcrumbList\",\"@id\":\"https:\\\/\\\/www.unitedworldproject.org\\\/pt-br\\\/paz-direitos-humanos\\\/together-to-care-um-roteiro-para-construir-um-futuro-mais-justo-e-sustentavel\\\/#breadcrumb\",\"itemListElement\":[{\"@type\":\"ListItem\",\"position\":1,\"name\":\"Home\",\"item\":\"https:\\\/\\\/www.unitedworldproject.org\\\/pt-br\\\/\"},{\"@type\":\"ListItem\",\"position\":2,\"name\":\"Together to Care: um roteiro para construir um futuro mais justo e sustent\u00e1vel\"}]},{\"@type\":\"WebSite\",\"@id\":\"https:\\\/\\\/www.unitedworldproject.org\\\/pt-br\\\/#website\",\"url\":\"https:\\\/\\\/www.unitedworldproject.org\\\/pt-br\\\/\",\"name\":\"United World Project\",\"description\":\"Championing fraternity and collaboration worldwide\",\"potentialAction\":[{\"@type\":\"SearchAction\",\"target\":{\"@type\":\"EntryPoint\",\"urlTemplate\":\"https:\\\/\\\/www.unitedworldproject.org\\\/pt-br\\\/?s={search_term_string}\"},\"query-input\":{\"@type\":\"PropertyValueSpecification\",\"valueRequired\":true,\"valueName\":\"search_term_string\"}}],\"inLanguage\":\"pt-BR\"},{\"@type\":\"Person\",\"@id\":\"https:\\\/\\\/www.unitedworldproject.org\\\/pt-br\\\/#\\\/schema\\\/person\\\/5e422fc57d77d69e6b4e36ac59a53201\",\"name\":\"anita\",\"image\":{\"@type\":\"ImageObject\",\"inLanguage\":\"pt-BR\",\"@id\":\"https:\\\/\\\/secure.gravatar.com\\\/avatar\\\/6949a15dd913b50588eec00981bd52d8c6ac8351a258558d372496c670e4ff2c?s=96&d=mm&r=g\",\"url\":\"https:\\\/\\\/secure.gravatar.com\\\/avatar\\\/6949a15dd913b50588eec00981bd52d8c6ac8351a258558d372496c670e4ff2c?s=96&d=mm&r=g\",\"contentUrl\":\"https:\\\/\\\/secure.gravatar.com\\\/avatar\\\/6949a15dd913b50588eec00981bd52d8c6ac8351a258558d372496c670e4ff2c?s=96&d=mm&r=g\",\"caption\":\"anita\"},\"url\":\"https:\\\/\\\/www.unitedworldproject.org\\\/pt-br\\\/author\\\/anita\\\/\"}]}<\/script>\n<!-- \/ Yoast SEO plugin. -->","yoast_head_json":{"title":"Together to Care: um roteiro para construir um futuro mais justo e sustent\u00e1vel - United World Project","description":"Together to Care (Juntos para cuidar) \u00e9 um documento que apresenta experi\u00eancias, projetos e boas pr\u00e1ticas de todas as partes do mundo, testemunhando o compromisso dos jovens no cuidado com as pessoas, o planeta e o bem comum.","robots":{"index":"index","follow":"follow","max-snippet":"max-snippet:-1","max-image-preview":"max-image-preview:large","max-video-preview":"max-video-preview:-1"},"canonical":"https:\/\/www.unitedworldproject.org\/pt-br\/paz-direitos-humanos\/together-to-care-um-roteiro-para-construir-um-futuro-mais-justo-e-sustentavel\/","og_locale":"pt_BR","og_type":"article","og_title":"Together to Care: um roteiro para construir um futuro mais justo e sustent\u00e1vel - United World Project","og_description":"Together to Care (Juntos para cuidar) \u00e9 um documento que apresenta experi\u00eancias, projetos e boas pr\u00e1ticas de todas as partes do mundo, testemunhando o compromisso dos jovens no cuidado com as pessoas, o planeta e o bem comum.","og_url":"https:\/\/www.unitedworldproject.org\/pt-br\/paz-direitos-humanos\/together-to-care-um-roteiro-para-construir-um-futuro-mais-justo-e-sustentavel\/","og_site_name":"United World Project","article_published_time":"2026-09-03T21:36:06+00:00","article_modified_time":"2026-09-03T22:04:56+00:00","og_image":[{"width":1200,"height":675,"url":"https:\/\/www.unitedworldproject.org\/wp-content\/uploads\/2026\/09\/Alexander-Grey-Together-to-Care.png","type":"image\/png"}],"author":"anita","twitter_card":"summary_large_image","twitter_misc":{"Escrito por":"anita","Est. tempo de leitura":"7 minutos"},"schema":{"@context":"https:\/\/schema.org","@graph":[{"@type":"Article","@id":"https:\/\/www.unitedworldproject.org\/pt-br\/paz-direitos-humanos\/together-to-care-um-roteiro-para-construir-um-futuro-mais-justo-e-sustentavel\/#article","isPartOf":{"@id":"https:\/\/www.unitedworldproject.org\/pt-br\/paz-direitos-humanos\/together-to-care-um-roteiro-para-construir-um-futuro-mais-justo-e-sustentavel\/"},"author":{"name":"anita","@id":"https:\/\/www.unitedworldproject.org\/pt-br\/#\/schema\/person\/5e422fc57d77d69e6b4e36ac59a53201"},"headline":"Together to Care: um roteiro para construir um futuro mais justo e sustent\u00e1vel","datePublished":"2026-09-03T21:36:06+00:00","dateModified":"2026-09-03T22:04:56+00:00","mainEntityOfPage":{"@id":"https:\/\/www.unitedworldproject.org\/pt-br\/paz-direitos-humanos\/together-to-care-um-roteiro-para-construir-um-futuro-mais-justo-e-sustentavel\/"},"wordCount":1686,"image":{"@id":"https:\/\/www.unitedworldproject.org\/pt-br\/paz-direitos-humanos\/together-to-care-um-roteiro-para-construir-um-futuro-mais-justo-e-sustentavel\/#primaryimage"},"thumbnailUrl":"https:\/\/www.unitedworldproject.org\/wp-content\/uploads\/2026\/09\/Alexander-Grey-Together-to-Care.png","articleSection":["Paz e Direitos Humanos"],"inLanguage":"pt-BR"},{"@type":"WebPage","@id":"https:\/\/www.unitedworldproject.org\/pt-br\/paz-direitos-humanos\/together-to-care-um-roteiro-para-construir-um-futuro-mais-justo-e-sustentavel\/","url":"https:\/\/www.unitedworldproject.org\/pt-br\/paz-direitos-humanos\/together-to-care-um-roteiro-para-construir-um-futuro-mais-justo-e-sustentavel\/","name":"Together to Care: um roteiro para construir um futuro mais justo e sustent\u00e1vel - United World Project","isPartOf":{"@id":"https:\/\/www.unitedworldproject.org\/pt-br\/#website"},"primaryImageOfPage":{"@id":"https:\/\/www.unitedworldproject.org\/pt-br\/paz-direitos-humanos\/together-to-care-um-roteiro-para-construir-um-futuro-mais-justo-e-sustentavel\/#primaryimage"},"image":{"@id":"https:\/\/www.unitedworldproject.org\/pt-br\/paz-direitos-humanos\/together-to-care-um-roteiro-para-construir-um-futuro-mais-justo-e-sustentavel\/#primaryimage"},"thumbnailUrl":"https:\/\/www.unitedworldproject.org\/wp-content\/uploads\/2026\/09\/Alexander-Grey-Together-to-Care.png","datePublished":"2026-09-03T21:36:06+00:00","dateModified":"2026-09-03T22:04:56+00:00","author":{"@id":"https:\/\/www.unitedworldproject.org\/pt-br\/#\/schema\/person\/5e422fc57d77d69e6b4e36ac59a53201"},"description":"Together to Care (Juntos para cuidar) \u00e9 um documento que apresenta experi\u00eancias, projetos e boas pr\u00e1ticas de todas as partes do mundo, testemunhando o compromisso dos jovens no cuidado com as pessoas, o planeta e o bem comum.","breadcrumb":{"@id":"https:\/\/www.unitedworldproject.org\/pt-br\/paz-direitos-humanos\/together-to-care-um-roteiro-para-construir-um-futuro-mais-justo-e-sustentavel\/#breadcrumb"},"inLanguage":"pt-BR","potentialAction":[{"@type":"ReadAction","target":["https:\/\/www.unitedworldproject.org\/pt-br\/paz-direitos-humanos\/together-to-care-um-roteiro-para-construir-um-futuro-mais-justo-e-sustentavel\/"]}]},{"@type":"ImageObject","inLanguage":"pt-BR","@id":"https:\/\/www.unitedworldproject.org\/pt-br\/paz-direitos-humanos\/together-to-care-um-roteiro-para-construir-um-futuro-mais-justo-e-sustentavel\/#primaryimage","url":"https:\/\/www.unitedworldproject.org\/wp-content\/uploads\/2026\/09\/Alexander-Grey-Together-to-Care.png","contentUrl":"https:\/\/www.unitedworldproject.org\/wp-content\/uploads\/2026\/09\/Alexander-Grey-Together-to-Care.png","width":1200,"height":675,"caption":"Alexander Grey - Together to Care"},{"@type":"BreadcrumbList","@id":"https:\/\/www.unitedworldproject.org\/pt-br\/paz-direitos-humanos\/together-to-care-um-roteiro-para-construir-um-futuro-mais-justo-e-sustentavel\/#breadcrumb","itemListElement":[{"@type":"ListItem","position":1,"name":"Home","item":"https:\/\/www.unitedworldproject.org\/pt-br\/"},{"@type":"ListItem","position":2,"name":"Together to Care: um roteiro para construir um futuro mais justo e sustent\u00e1vel"}]},{"@type":"WebSite","@id":"https:\/\/www.unitedworldproject.org\/pt-br\/#website","url":"https:\/\/www.unitedworldproject.org\/pt-br\/","name":"United World Project","description":"Championing fraternity and collaboration worldwide","potentialAction":[{"@type":"SearchAction","target":{"@type":"EntryPoint","urlTemplate":"https:\/\/www.unitedworldproject.org\/pt-br\/?s={search_term_string}"},"query-input":{"@type":"PropertyValueSpecification","valueRequired":true,"valueName":"search_term_string"}}],"inLanguage":"pt-BR"},{"@type":"Person","@id":"https:\/\/www.unitedworldproject.org\/pt-br\/#\/schema\/person\/5e422fc57d77d69e6b4e36ac59a53201","name":"anita","image":{"@type":"ImageObject","inLanguage":"pt-BR","@id":"https:\/\/secure.gravatar.com\/avatar\/6949a15dd913b50588eec00981bd52d8c6ac8351a258558d372496c670e4ff2c?s=96&d=mm&r=g","url":"https:\/\/secure.gravatar.com\/avatar\/6949a15dd913b50588eec00981bd52d8c6ac8351a258558d372496c670e4ff2c?s=96&d=mm&r=g","contentUrl":"https:\/\/secure.gravatar.com\/avatar\/6949a15dd913b50588eec00981bd52d8c6ac8351a258558d372496c670e4ff2c?s=96&d=mm&r=g","caption":"anita"},"url":"https:\/\/www.unitedworldproject.org\/pt-br\/author\/anita\/"}]}},"_links":{"self":[{"href":"https:\/\/www.unitedworldproject.org\/pt-br\/wp-json\/wp\/v2\/posts\/79162","targetHints":{"allow":["GET"]}}],"collection":[{"href":"https:\/\/www.unitedworldproject.org\/pt-br\/wp-json\/wp\/v2\/posts"}],"about":[{"href":"https:\/\/www.unitedworldproject.org\/pt-br\/wp-json\/wp\/v2\/types\/post"}],"author":[{"embeddable":true,"href":"https:\/\/www.unitedworldproject.org\/pt-br\/wp-json\/wp\/v2\/users\/2"}],"replies":[{"embeddable":true,"href":"https:\/\/www.unitedworldproject.org\/pt-br\/wp-json\/wp\/v2\/comments?post=79162"}],"version-history":[{"count":2,"href":"https:\/\/www.unitedworldproject.org\/pt-br\/wp-json\/wp\/v2\/posts\/79162\/revisions"}],"predecessor-version":[{"id":79170,"href":"https:\/\/www.unitedworldproject.org\/pt-br\/wp-json\/wp\/v2\/posts\/79162\/revisions\/79170"}],"wp:featuredmedia":[{"embeddable":true,"href":"https:\/\/www.unitedworldproject.org\/pt-br\/wp-json\/wp\/v2\/media\/79159"}],"wp:attachment":[{"href":"https:\/\/www.unitedworldproject.org\/pt-br\/wp-json\/wp\/v2\/media?parent=79162"}],"wp:term":[{"taxonomy":"category","embeddable":true,"href":"https:\/\/www.unitedworldproject.org\/pt-br\/wp-json\/wp\/v2\/categories?post=79162"},{"taxonomy":"post_tag","embeddable":true,"href":"https:\/\/www.unitedworldproject.org\/pt-br\/wp-json\/wp\/v2\/tags?post=79162"}],"curies":[{"name":"wp","href":"https:\/\/api.w.org\/{rel}","templated":true}]}}